{"id":156414,"date":"2025-11-18T12:52:09","date_gmt":"2025-11-18T12:52:09","guid":{"rendered":"https:\/\/www.europesays.com\/pt\/156414\/"},"modified":"2025-11-18T12:52:09","modified_gmt":"2025-11-18T12:52:09","slug":"mundial-2026-os-potes-e-os-possiveis-adversarios-de-portugal","status":"publish","type":"post","link":"https:\/\/www.europesays.com\/pt\/156414\/","title":{"rendered":"Mundial 2026: os potes e os poss\u00edveis advers\u00e1rios de Portugal"},"content":{"rendered":"<p>Portugal est\u00e1 <a href=\"https:\/\/maisfutebol.iol.pt\/mundial-2026\/selecoes-apuradas\/mundial-2026-estas-sao-as-31-selecoes-ja-apuradas-com-portugal\" target=\"_blank\" rel=\"nofollow noopener\"><strong>apurado para o Mundial 2026, assim como mais 33 sele\u00e7\u00f5es<\/strong><\/a>, faltando apurar, nesta altura, mais 14 na\u00e7\u00f5es para a prova. E a Sele\u00e7\u00e3o Nacional, que vai ficar no pote 1 para o sorteio, j\u00e1 sabe alguns dos poss\u00edveis advers\u00e1rios e tamb\u00e9m oponentes que n\u00e3o vai encontrar na fase de grupos.<\/p>\n<p>O sorteio est\u00e1 agendado para 5 de dezembro e a constitui\u00e7\u00e3o dos potes tem como base a classifica\u00e7\u00e3o do ranking FIFA, cuja pr\u00f3xima atualiza\u00e7\u00e3o, marcada esta quarta-feira, dia 19, vai ser determinante para o sorteio. Portugal, quinto do ranking FIFA, tendo ganho \u00e0 Arm\u00e9nia, n\u00e3o corre o risco de cair posi\u00e7\u00f5es suficientes que lhe retirem posto no Pote 1. Dever\u00e1, em princ\u00edpio, ser apenas ultrapassado pelo Brasil, atual sexto.<\/p>\n<p>Ora, M\u00e9xico, Estados Unidos e Canad\u00e1, na qualidade de anfitri\u00f5es da prova, tamb\u00e9m integram o Pote 1, assim como Argentina, Fran\u00e7a, Inglaterra, Brasil, Pa\u00edses Baixos e Alemanha: estas seis sele\u00e7\u00f5es j\u00e1 garantiram a qualifica\u00e7\u00e3o direta e t\u00eam assegurada a presen\u00e7a neste pote para efeitos de sorteio. Espanha e B\u00e9lgica, que fecham esta noite os respetivos grupos na qualifica\u00e7\u00e3o europeia, devem selar as duas vagas ainda em aberto para o Pote 1. E, assim sendo, Portugal evita v\u00e1rios advers\u00e1rios de peso logo na fase inicial do torneio.<\/p>\n<p>O que se segue, nos restantes potes (cada um dos quatro tem 12 sele\u00e7\u00f5es cada) tem ainda algumas inc\u00f3gnitas. Sobretudo porque, ao contr\u00e1rio do Mundial 2022 no Qatar, no qual n\u00e3o se conheciam tr\u00eas das sele\u00e7\u00f5es \u00e0 data do sorteio, desta vez s\u00e3o seis as sele\u00e7\u00f5es desconhecidas durante o sorteio: <a href=\"https:\/\/maisfutebol.iol.pt\/internacional\/mundial-2026\/mundial-2026-eis-as-selecoes-europeias-apuradas-para-play-off\" target=\"_blank\" rel=\"nofollow noopener\"><strong>quatro destas sair\u00e3o dos play-offs da UEFA<\/strong><\/a> e as outras duas dos play-offs intercontinentais, ambos agendados para mar\u00e7o de 2026.<\/p>\n<p>E a prop\u00f3sito disso, n\u00e3o sendo ainda oficial, \u00e9 nesta altura uma forte possibilidade a FIFA mudar os crit\u00e9rios para o sorteio. Se em 2022 as sele\u00e7\u00f5es que disputaram os play-offs foram automaticamente alocadas ao pote 4, para o sorteio do Mundial 2026 dever\u00e1 ser tido em conta o ranking da sele\u00e7\u00e3o mais bem colocada em cada caminho dos play-offs.<\/p>\n<p>Confuso? Se sim ou n\u00e3o, damos um exemplo: a It\u00e1lia, que vai disputar os play-offs da UEFA, poder\u00e1 assim, se se apurar, entrar n\u00e3o no Pote 4 (seria assim em 2022), mas sim \u2013 e tendo em conta o que dever\u00e1 ser a atualiza\u00e7\u00e3o do ranking FIFA na quarta-feira \u2013 entrar no Pote 2 se vencer o seu caminho no play-off. Se n\u00e3o o vencer\u2026 beneficia do seu ranking outra sele\u00e7\u00e3o que ganhe o caminho em que esteja a It\u00e1lia.<\/p>\n<p>Quanto \u00e0s sele\u00e7\u00f5es j\u00e1 apuradas, h\u00e1 ainda algumas incertezas sobre em que pote poder\u00e3o entrar. Equador e Austr\u00e1lia s\u00e3o disso bons exemplos: para j\u00e1, t\u00eam o Pote 3 como certo, mas podem saltar para o Pote 2. Para isso, o Equador espera que, de entre Su\u00ed\u00e7a, Dinamarca ou \u00c1ustria, uma delas n\u00e3o se apure diretamente esta noite. A Austr\u00e1lia precisa de dois insucessos entre aquelas tr\u00eas sele\u00e7\u00f5es europeias. A Cro\u00e1cia ainda pode sonhar com o Pote 1, mas para isso tem de esperar que a B\u00e9lgica perca com o Liechtenstein e perca para Pa\u00eds de Gales ou Maced\u00f3nia do Norte o primeiro lugar e consequente apuramento direto.<\/p>\n<p><strong>Mais oito sele\u00e7\u00f5es conhecidas esta ter\u00e7a-feira<\/strong><\/p>\n<p>A defini\u00e7\u00e3o dos potes vai ganhar ainda mais forma esta ter\u00e7a-feira, com a atribui\u00e7\u00e3o das \u00faltimas oito vagas diretas antes do sorteio. De Su\u00ed\u00e7a\/Kosovo, Dinamarca\/Esc\u00f3cia, Espanha\/Turquia, \u00c1ustria\/B\u00f3snia, B\u00e9lgica\/Pa\u00eds de Gales\/Maced\u00f3nia do Norte, Panam\u00e1\/Suriname, Jamaica\/Cura\u00e7au e Haiti\/Costa Rica\/Honduras saem mais oito sele\u00e7\u00f5es qualificadas. Depois, resta esperar pelas seis dos play-offs em mar\u00e7o do pr\u00f3ximo ano.<\/p>\n<p><strong>As condicionantes para o sorteio<\/strong><\/p>\n<p>Ainda antes do sorteio, M\u00e9xico (grupo A), Canad\u00e1 (grupo B) e EUA (grupo C) j\u00e1 foram colocados em grupos e, \u00e0 exce\u00e7\u00e3o da UEFA, que ter\u00e1 mais sele\u00e7\u00f5es do que o n\u00famero de grupos, n\u00e3o pode haver na\u00e7\u00f5es da mesma confedera\u00e7\u00e3o num mesmo grupo. No caso das sele\u00e7\u00f5es da UEFA, s\u00f3 pode haver, no m\u00e1ximo, duas num grupo.<\/p>\n<p><strong>OS POTES PARA O SORTEIO (provis\u00f3rios e de acordo com a forte possibilidade de a FIFA mudar os crit\u00e9rios quanto \u00e0s equipas do play-off):<\/strong><\/p>\n<p><strong>Pote 1:<\/strong><br \/>M\u00e9xico<br \/>EUA<br \/>Canad\u00e1<br \/>Argentina<br \/>Fran\u00e7a<br \/>Inglaterra<br \/>Brasil<br \/>PORTUGAL<br \/>Pa\u00edses Baixos<br \/>Alemanha<\/p>\n<p><strong>Pote 2:<\/strong><br \/>Cro\u00e1cia*<br \/>Marrocos<br \/>Col\u00f4mbia<br \/>Uruguai<br \/>Jap\u00e3o<br \/>Senegal<br \/>Ir\u00e3o<br \/>Coreia do Sul<\/p>\n<p><strong>Pote 3:<\/strong><br \/>Equador**<br \/>Austr\u00e1lia**<br \/>Noruega<br \/>Egito<br \/>Arg\u00e9lia<br \/>Paraguai<br \/>Tun\u00edsia<br \/>Costa do Marfim<\/p>\n<p><strong>Pote 4:<\/strong><br \/>Qatar***<br \/>Uzbeqist\u00e3o***<br \/>Ar\u00e1bia Saudita<br \/>\u00c1frica do Sul<br \/>Jord\u00e2nia<br \/>Cabo Verde<br \/>Gana<br \/>Nova Zel\u00e2ndia<\/p>\n<p>*ainda pode ser Pote 1<br \/>**ainda pode ser Pote 2<br \/>***ainda pode ser Pote 3<\/p>\n","protected":false},"excerpt":{"rendered":"Portugal est\u00e1 apurado para o Mundial 2026, assim como mais 33 sele\u00e7\u00f5es, faltando apurar, nesta altura, mais 14&hellip;\n","protected":false},"author":2,"featured_media":156415,"comment_status":"","ping_status":"","sticky":false,"template":"","format":"standard","meta":{"footnotes":""},"categories":[87],"tags":[135,46,12632,32,33602,33,47,4338,33603,134],"class_list":{"0":"post-156414","1":"post","2":"type-post","3":"status-publish","4":"format-standard","5":"has-post-thumbnail","7":"category-desporto","8":"tag-desporto","9":"tag-maisfutebol","10":"tag-mundial-2026","11":"tag-portugal","12":"tag-potes-mundial-2026","13":"tag-pt","14":"tag-pura-paixao","15":"tag-selecao","16":"tag-sorteio-mundial-2026","17":"tag-sports"},"share_on_mastodon":{"url":"https:\/\/pubeurope.com\/@pt\/115570799165686214","error":""},"_links":{"self":[{"href":"https:\/\/www.europesays.com\/pt\/wp-json\/wp\/v2\/posts\/156414","targetHints":{"allow":["GET"]}}],"collection":[{"href":"https:\/\/www.europesays.com\/pt\/wp-json\/wp\/v2\/posts"}],"about":[{"href":"https:\/\/www.europesays.com\/pt\/wp-json\/wp\/v2\/types\/post"}],"author":[{"embeddable":true,"href":"https:\/\/www.europesays.com\/pt\/wp-json\/wp\/v2\/users\/2"}],"replies":[{"embeddable":true,"href":"https:\/\/www.europesays.com\/pt\/wp-json\/wp\/v2\/comments?post=156414"}],"version-history":[{"count":0,"href":"https:\/\/www.europesays.com\/pt\/wp-json\/wp\/v2\/posts\/156414\/revisions"}],"wp:featuredmedia":[{"embeddable":true,"href":"https:\/\/www.europesays.com\/pt\/wp-json\/wp\/v2\/media\/156415"}],"wp:attachment":[{"href":"https:\/\/www.europesays.com\/pt\/wp-json\/wp\/v2\/media?parent=156414"}],"wp:term":[{"taxonomy":"category","embeddable":true,"href":"https:\/\/www.europesays.com\/pt\/wp-json\/wp\/v2\/categories?post=156414"},{"taxonomy":"post_tag","embeddable":true,"href":"https:\/\/www.europesays.com\/pt\/wp-json\/wp\/v2\/tags?post=156414"}],"curies":[{"name":"wp","href":"https:\/\/api.w.org\/{rel}","templated":true}]}}