{"id":156420,"date":"2025-11-18T12:55:11","date_gmt":"2025-11-18T12:55:11","guid":{"rendered":"https:\/\/www.europesays.com\/pt\/156420\/"},"modified":"2025-11-18T12:55:11","modified_gmt":"2025-11-18T12:55:11","slug":"amazon-oferece-mega-descontos-em-smartphones-nesta-black-friday","status":"publish","type":"post","link":"https:\/\/www.europesays.com\/pt\/156420\/","title":{"rendered":"Amazon oferece mega descontos em smartphones nesta Black Friday"},"content":{"rendered":"<p>A Black Friday est\u00e1 ao virar da esquina, faltando pouco mais de uma semana para o t\u00e3o aguardado dia dos descontos. No entanto, j\u00e1 h\u00e1 v\u00e1rias lojas com campanhas de descontos onde os produtos mais populares do mercado j\u00e1 contam com um belo desconto.<\/p>\n<p>Desde a <a href=\"https:\/\/www.magazine-hd.com\/apps\/wp\/vodafone-black-friday-mega-desconto-pixel-10-pro\/\" target=\"_blank\" rel=\"noopener nofollow\">Vodafone<\/a> \u00e0 <a href=\"https:\/\/www.magazine-hd.com\/apps\/wp\/smartphone-xiaomi-desconto-black-friday-worten\/\" target=\"_blank\" rel=\"noopener nofollow\">Worten<\/a>, bem como a <a href=\"https:\/\/www.magazine-hd.com\/apps\/wp\/lego-set-icons-ayrton-senna-mclaren-melhor-preco-sempre-amazon\/\" target=\"_blank\" rel=\"noopener nofollow\">LEGO<\/a>, as lojas digitais j\u00e1 est\u00e3o a lutar pela aten\u00e7\u00e3o dos consumidores nestes dias que antecedem a Black Friday. A tecnologia, eletrodom\u00e9sticos, jogos e brinquedos, s\u00e3o apenas alguns dos produtos alvos destas campanhas.<\/p>\n<p>No que toca \u00e0 Amazon, a campanha de Black Friday tem dado foco a uma larga cole\u00e7\u00e3o de produtos para o dia a dia, mas \u00e9 nos smartphones que de encontram os melhores descontos. Assim, j\u00e1 podes visitar a loja e descobrir v\u00e1rios telem\u00f3veis com mega descontos, mesmo antes da Black Friday.<\/p>\n<p>Quais os smartphones em promo\u00e7\u00e3o?<br \/>\n<img loading=\"lazy\" decoding=\"async\" class=\"size-full wp-image-738068\" src=\"data:image\/svg+xml,%3Csvg%20xmlns=\" http:=\"\" alt=\"XIAOMI Redmi Note 14 5G Amazon\" width=\"728\" height=\"385\" data-lazy- data-lazy- data-lazy-src=\"https:\/\/www.europesays.com\/pt\/wp-content\/uploads\/2025\/11\/xiaomi-redmi-note-14-5g-2.webp.webp\"\/>\u00a9XIAOMI<\/p>\n<p>Os descontos da Black Friday da Amazon t\u00eam como principal destaque os smartphones da Xiaomi, principalmente o <a href=\"https:\/\/amzn.to\/49krLxz\" target=\"_blank\" rel=\"noopener nofollow\">Redmi Note 14 5G<\/a>. O dispositivo de 256 GB de mem\u00f3ria interna tira partido de um belo desconto de 25%, reduzindo o pre\u00e7o para menos de 185 euros.<\/p>\n<p>J\u00e1 a Motorola tamb\u00e9m marca presen\u00e7a com 2 smartphones incr\u00edveis. O <a href=\"https:\/\/amzn.to\/49pZdD3\" target=\"_blank\" rel=\"noopener nofollow\">Moto g85 5G<\/a>, possui 24 GB de RAM e suporte de Dolby Atmos, tornando-se um dispositivo perfeito para quem utiliza aplica\u00e7\u00f5es mais pesadas. Assim, o telem\u00f3vel custa menos de 175 euros, tirando partido de 26% de desconto. Al\u00e9m disso, o <a href=\"https:\/\/amzn.to\/4o2iXjD\" target=\"_blank\" rel=\"noopener nofollow\">Edge 50 Neo<\/a> da Motorola tamb\u00e9m \u00e9 uma alternativa, contando com um ecr\u00e3 OLED e 512 GB de mem\u00f3ria interna. O smartphone desfruta de 18% de desconto, com um pre\u00e7o de 232 euros.<\/p>\n<p>Que outras ofertas tem a Amazon?<br \/>\n<img loading=\"lazy\" decoding=\"async\" class=\"size-full wp-image-744012\" src=\"data:image\/svg+xml,%3Csvg%20xmlns=\" http:=\"\" alt=\"Samsung Galaxy A26 5G\" width=\"728\" height=\"385\" data-lazy- data-lazy- data-lazy-src=\"https:\/\/www.europesays.com\/pt\/wp-content\/uploads\/2025\/11\/samsung-galaxy-a26-5g-1.webp.webp\"\/>\u00a9Samsung<\/p>\n<p>Por fim, temos ainda a presen\u00e7a do l\u00edder, a Samsung com o seu <a href=\"https:\/\/amzn.to\/48dZM1s\" target=\"_blank\" rel=\"noopener nofollow\">Galaxy A26 5G<\/a>. O dispositivo de gama m\u00e9dia conta com uma performance est\u00e1vel, tecnologia de Intelig\u00eancia Artificial e uma c\u00e2mara com 50 MP. O telem\u00f3vel est\u00e1 neste momento com 10% de desconto, custando 273 euros.<\/p>\n<p>Todas estas promo\u00e7\u00f5es est\u00e3o em vigor na Amazon at\u00e9 ao dia 1 de dezembro, mas pode variar dependendo do stock existente.<\/p>\n<p>\n        About The Author<\/p>\n<p>                <a href=\"https:\/\/www.magazine-hd.com\/apps\/wp\/author\/jfernandes\/\" rel=\"nofollow noopener\" target=\"_blank\"><img loading=\"lazy\" decoding=\"async\" width=\"150\" height=\"150\" src=\"data:image\/svg+xml,%3Csvg%20xmlns=\" http:=\"\" class=\"avatar avatar-150 photo\" alt=\"\" data-lazy- data-lazy- data-lazy-src=\"https:\/\/www.europesays.com\/pt\/wp-content\/uploads\/2025\/08\/JFavatar-0-00-00-02-150x150.jpg\"\/><\/a><\/p>\n<p>                    <a href=\"https:\/\/www.magazine-hd.com\/apps\/wp\/author\/jfernandes\/\" rel=\"nofollow noopener\" target=\"_blank\">Jo\u00e3o Fernandes<\/a><\/p>\n<p>Licenciado em Cinema pela Universidade da Beira-Interior, onde produziu as curtas-metragens \u201cEntre-Portas\u201d, \u201cThe Girl and the Meadow\u201d, e \u201cMaking Art\u201d. Foi produtor de conte\u00fado audiovisual para o Club Otaku. Fez a sua estreia na MHD em 2017, sendo atualmente redator de conte\u00fado, coordenador de Gaming, Qualidade e Parcerias. Possui uma aprecia\u00e7\u00e3o especial por banda desenhada, fotografia e videojogos.<\/p>\n<p>\t\t<\/p>\n","protected":false},"excerpt":{"rendered":"A Black Friday est\u00e1 ao virar da esquina, faltando pouco mais de uma semana para o t\u00e3o aguardado&hellip;\n","protected":false},"author":2,"featured_media":156421,"comment_status":"","ping_status":"","sticky":false,"template":"","format":"standard","meta":{"footnotes":""},"categories":[84],"tags":[514,2012,109,107,108,2744,32,33,27718,952,105,103,104,1007,954,106,110,360],"class_list":{"0":"post-156420","1":"post","2":"type-post","3":"status-publish","4":"format-standard","5":"has-post-thumbnail","7":"category-ciencia-e-tecnologia","8":"tag-amazon","9":"tag-black-friday","10":"tag-ciencia","11":"tag-ciencia-e-tecnologia","12":"tag-cienciaetecnologia","13":"tag-motorola","14":"tag-portugal","15":"tag-pt","16":"tag-redmi","17":"tag-samsung","18":"tag-science","19":"tag-science-and-technology","20":"tag-scienceandtechnology","21":"tag-smartphone","22":"tag-smartphones","23":"tag-technology","24":"tag-tecnologia","25":"tag-xiaomi"},"share_on_mastodon":{"url":"https:\/\/pubeurope.com\/@pt\/115570810757723311","error":""},"_links":{"self":[{"href":"https:\/\/www.europesays.com\/pt\/wp-json\/wp\/v2\/posts\/156420","targetHints":{"allow":["GET"]}}],"collection":[{"href":"https:\/\/www.europesays.com\/pt\/wp-json\/wp\/v2\/posts"}],"about":[{"href":"https:\/\/www.europesays.com\/pt\/wp-json\/wp\/v2\/types\/post"}],"author":[{"embeddable":true,"href":"https:\/\/www.europesays.com\/pt\/wp-json\/wp\/v2\/users\/2"}],"replies":[{"embeddable":true,"href":"https:\/\/www.europesays.com\/pt\/wp-json\/wp\/v2\/comments?post=156420"}],"version-history":[{"count":0,"href":"https:\/\/www.europesays.com\/pt\/wp-json\/wp\/v2\/posts\/156420\/revisions"}],"wp:featuredmedia":[{"embeddable":true,"href":"https:\/\/www.europesays.com\/pt\/wp-json\/wp\/v2\/media\/156421"}],"wp:attachment":[{"href":"https:\/\/www.europesays.com\/pt\/wp-json\/wp\/v2\/media?parent=156420"}],"wp:term":[{"taxonomy":"category","embeddable":true,"href":"https:\/\/www.europesays.com\/pt\/wp-json\/wp\/v2\/categories?post=156420"},{"taxonomy":"post_tag","embeddable":true,"href":"https:\/\/www.europesays.com\/pt\/wp-json\/wp\/v2\/tags?post=156420"}],"curies":[{"name":"wp","href":"https:\/\/api.w.org\/{rel}","templated":true}]}}