{"id":156422,"date":"2025-11-18T12:57:15","date_gmt":"2025-11-18T12:57:15","guid":{"rendered":"https:\/\/www.europesays.com\/pt\/156422\/"},"modified":"2025-11-18T12:57:15","modified_gmt":"2025-11-18T12:57:15","slug":"padre-insultado-na-igreja-por-colocar-bandeira-lgbt-no-altar-em-espanha","status":"publish","type":"post","link":"https:\/\/www.europesays.com\/pt\/156422\/","title":{"rendered":"Padre insultado na igreja por colocar bandeira LGBT no altar em Espanha"},"content":{"rendered":"<p><strong>O uso de uma bandeira LGBT durante uma missa em Sevilha, Espanha, est\u00e1 a dar que falar. Durante a cerim\u00f3nia religiosa, um membro da associa\u00e7\u00e3o cat\u00f3lica Orate levantou-se para repreender o padre e acus\u00e1-lo de ser um &#8220;traidor&#8221;.<\/strong><\/p>\n<p>Segundo o jornal espanhol <a href=\"https:\/\/www.abc.es\/sevilla\/ciudad\/polemica-uso-bandera-gay-mesa-altar-iglesia-20251117111405-nts.html?ref=https%3A%2F%2Fwww.abc.es%2Fsevilla%2Fciudad%2Fpolemica-uso-bandera-gay-mesa-altar-iglesia-20251117111405-nts.html%3Fref%3Dhttps%3A%2F%2Fwww.google.com%2F\" target=\"_blank\" rel=\"noreferrer noopener nofollow\"><strong>ABC<\/strong><\/a>, a Orate tinha pedido uma missa f\u00fanebre &#8220;pelos jovens falangistas&#8221; que morreram na Guerra Civil. O pedido foi inicialmente aceite, mas posteriormente negado quando se aperceberam que se iria transformar num ato de cariz pol\u00edtico.<\/p>\n<p>No passado dia 15, um membro da associa\u00e7\u00e3o Orate foi gravado a repreender e insultar o padre que estava a celebrar a missa por este ter colocado uma bandeira LGBT no altar da igreja de Santa Mar\u00eda la Real.<\/p>\n<p>No v\u00eddeo partilhado nas redes sociais, \u00e9 poss\u00edvel ver o momento em que o jovem chama &#8220;traidor&#8221; ao padre.<\/p>\n<blockquote><p> &#8220;O primeiro culpado \u00e9s tu, que est\u00e1s a acolher o pecado nesta missa.&#8221; <\/p><\/blockquote>\n<p>O padre Francisco Javier Rodr\u00edguez respondeu ao jovem lembrando-lhe o discurso de integra\u00e7\u00e3o do <a href=\"https:\/\/sicnoticias.pt\/especiais\/papa-francisco\" target=\"_blank\" rel=\"noreferrer noopener nofollow\"><strong>Papa Francisco<\/strong><\/a>.<\/p>\n<p>A associa\u00e7\u00e3o Orate enviou uma carta \u00e0 arquidiocese e ao Vaticano a denunciar &#8220;abusos lit\u00fargicos&#8221; na missa, devido \u00e0 forma como, segundo eles, esta foi celebrada. Na carta, pedem que os factos sejam investigados e que sejam tomadas medidas.<\/p>\n<p>O padre nega que a sua comunidade se tenha recusado a celebrar a missa. Em declara\u00e7\u00f5es ao ABC, diz que &#8220;se a Igreja \u00e9 de todos, tamb\u00e9m \u00e9 deles&#8221;.<\/p>\n<p>&#8220;N\u00e3o podemos recusar&#8221;, afirmou, sublinhado que o grupo Orate foi avisado de que a missa seria celebrada sem manifesta\u00e7\u00f5es pol\u00edticas de qualquer tipo, apenas como um ato religioso.<\/p>\n","protected":false},"excerpt":{"rendered":"O uso de uma bandeira LGBT durante uma missa em Sevilha, Espanha, est\u00e1 a dar que falar. Durante&hellip;\n","protected":false},"author":2,"featured_media":156423,"comment_status":"","ping_status":"","sticky":false,"template":"","format":"standard","meta":{"footnotes":""},"categories":[50],"tags":[27,28,15,16,14,25,26,21,22,62,12,13,19,20,23,24,17,18,29,30,31,63,64,65],"class_list":{"0":"post-156422","1":"post","2":"type-post","3":"status-publish","4":"format-standard","5":"has-post-thumbnail","7":"category-mundo","8":"tag-breaking-news","9":"tag-breakingnews","10":"tag-featured-news","11":"tag-featurednews","12":"tag-headlines","13":"tag-latest-news","14":"tag-latestnews","15":"tag-main-news","16":"tag-mainnews","17":"tag-mundo","18":"tag-news","19":"tag-noticias","20":"tag-noticias-principais","21":"tag-noticiasprincipais","22":"tag-principais-noticias","23":"tag-principaisnoticias","24":"tag-top-stories","25":"tag-topstories","26":"tag-ultimas","27":"tag-ultimas-noticias","28":"tag-ultimasnoticias","29":"tag-world","30":"tag-world-news","31":"tag-worldnews"},"share_on_mastodon":{"url":"https:\/\/pubeurope.com\/@pt\/115570818727580977","error":""},"_links":{"self":[{"href":"https:\/\/www.europesays.com\/pt\/wp-json\/wp\/v2\/posts\/156422","targetHints":{"allow":["GET"]}}],"collection":[{"href":"https:\/\/www.europesays.com\/pt\/wp-json\/wp\/v2\/posts"}],"about":[{"href":"https:\/\/www.europesays.com\/pt\/wp-json\/wp\/v2\/types\/post"}],"author":[{"embeddable":true,"href":"https:\/\/www.europesays.com\/pt\/wp-json\/wp\/v2\/users\/2"}],"replies":[{"embeddable":true,"href":"https:\/\/www.europesays.com\/pt\/wp-json\/wp\/v2\/comments?post=156422"}],"version-history":[{"count":0,"href":"https:\/\/www.europesays.com\/pt\/wp-json\/wp\/v2\/posts\/156422\/revisions"}],"wp:featuredmedia":[{"embeddable":true,"href":"https:\/\/www.europesays.com\/pt\/wp-json\/wp\/v2\/media\/156423"}],"wp:attachment":[{"href":"https:\/\/www.europesays.com\/pt\/wp-json\/wp\/v2\/media?parent=156422"}],"wp:term":[{"taxonomy":"category","embeddable":true,"href":"https:\/\/www.europesays.com\/pt\/wp-json\/wp\/v2\/categories?post=156422"},{"taxonomy":"post_tag","embeddable":true,"href":"https:\/\/www.europesays.com\/pt\/wp-json\/wp\/v2\/tags?post=156422"}],"curies":[{"name":"wp","href":"https:\/\/api.w.org\/{rel}","templated":true}]}}