{"id":156438,"date":"2025-11-18T13:13:16","date_gmt":"2025-11-18T13:13:16","guid":{"rendered":"https:\/\/www.europesays.com\/pt\/156438\/"},"modified":"2025-11-18T13:13:16","modified_gmt":"2025-11-18T13:13:16","slug":"historica-derrota-do-centro-esquerda-a-vista-em-copenhaga","status":"publish","type":"post","link":"https:\/\/www.europesays.com\/pt\/156438\/","title":{"rendered":"Hist\u00f3rica derrota do centro-esquerda \u00e0 vista em Copenhaga"},"content":{"rendered":"<p><b>Acompanhe toda a atualidade informativa em\u00a0<\/b><a href=\"http:\/\/24noticias.sapo.pt\/\" rel=\"nofollow noopener\" target=\"_blank\"><b>24noticias.sapo.pt<\/b><\/a><\/p>\n<p>O centro-esquerda na Dinamarca enfrenta uma poss\u00edvel derrota hist\u00f3rica em Copenhaga, onde os cidad\u00e3os da capital v\u00e3o \u00e0s urnas esta ter\u00e7a-feira nas elei\u00e7\u00f5es municipais e regionais. Pela primeira vez desde 1938, quando o atual sistema municipal foi introduzido, os sociais-democratas poder\u00e3o perder a lideran\u00e7a da cidade, que ocuparam ininterruptamente durante mais de um s\u00e9culo, diz o <a href=\"https:\/\/www.theguardian.com\/world\/2025\/nov\/18\/centre-left-tipped-to-lose-copenhagen-for-first-time-in-electoral-history\" target=\"_blank\" rel=\"noreferrer noopener nofollow\">The Guardian<\/a>.<\/p>\n<p>As sondagens mais recentes sugerem que Pernille Rosenkrantz-Theil, antiga ministra dos Assuntos Sociais e da Habita\u00e7\u00e3o e candidata dos Social-democratas, poder\u00e1 n\u00e3o conseguir assegurar a vit\u00f3ria. Rosenkrantz-Theil, amiga pessoal de Frederiksen, foi apontada como escolhida a dedo pela primeira-ministra para manter o controlo do partido sobre Copenhaga.<\/p>\n<p>Analistas pol\u00edticos indicam que a principal causa desta poss\u00edvel viragem reside no desgaste pol\u00edtico do governo de Frederiksen, marcado por pol\u00edticas duras em mat\u00e9ria de integra\u00e7\u00e3o e imigra\u00e7\u00e3o. Estas medidas, segundo comentadores, ter\u00e3o contribu\u00eddo para a formula\u00e7\u00e3o de uma nova pol\u00edtica de asilo e migra\u00e7\u00e3o no Reino Unido, inspirada no modelo dinamarqu\u00eas.<\/p>\n<p>Bent Winther, comentador do jornal Berlingske, descreveu a corrida eleitoral como \u201cmais aberta do que nunca\u201d, afirmando que \u201cse ouve o farfalhar das asas da hist\u00f3ria a aproximar-se da C\u00e2mara Municipal\u201d.<\/p>\n<p>Sondagens recentes da Megafon para a TV2 colocam partidos como a Esquerda Verde (Socialistisk Folkeparti, SF), a Alian\u00e7a Vermelho-Verde (Enhedslisten) e o Alternativo (Alternativet) numa posi\u00e7\u00e3o de poder formar uma maioria de esquerda sem depender dos sociais-democratas. Caso se confirme, Sisse Marie Welling, da Esquerda Verde, surge como uma forte candidata a pr\u00f3xima autarca de Copenhaga.<\/p>\n<p>Karoline Lindgaard, candidata pelo partido Alternativo, acusou os Social-democratas de terem mudado para uma pol\u00edtica de direita populista em \u00e1reas como integra\u00e7\u00e3o, apoios ao desemprego e ambiente. Segundo Lindgaard, esta mudan\u00e7a estrat\u00e9gica teve como objetivo evitar a perda de votos para a extrema-direita, mas acabou por incentivar eleitores social-democratas a migrar para a direita.<\/p>\n<p>A candidata destacou ainda que muitos habitantes sentem que os Social-democratas \u201cdesiludiram a cidade\u201d, recordando a sa\u00edda de Frank Jensen em 2020, ap\u00f3s alega\u00e7\u00f5es de ass\u00e9dio sexual. Lindgaard acrescentou que o partido parece encaminhado para agravar a crise habitacional, falhar nas metas clim\u00e1ticas da cidade e manter um modelo urbano centrado no autom\u00f3vel.<\/p>\n<p>___<\/p>\n<p><strong>A sua newsletter de sempre, agora ainda mais \u00fatil<\/strong><\/p>\n<p>Com o lan\u00e7amento da nova marca de informa\u00e7\u00e3o 24not\u00edcias, estamos a mudar a plataforma de newsletters, aproveitando para refor\u00e7ar a informa\u00e7\u00e3o que os leitores mais valorizam:<strong> a que lhes \u00e9 \u00fatil, ajuda a tomar decis\u00f5es e a entender o mundo.<\/strong><\/p>\n<p><strong>Assine a nova newsletter do 24not\u00edcias <a href=\"https:\/\/sapo.us1.list-manage.com\/subscribe?u=8f49263740b14ab5854be8045&amp;id=57a39c5e8f\" target=\"_blank\" rel=\"noreferrer noopener nofollow\">aqui<\/a>.<\/strong><\/p>\n","protected":false},"excerpt":{"rendered":"Acompanhe toda a atualidade informativa em\u00a024noticias.sapo.pt O centro-esquerda na Dinamarca enfrenta uma poss\u00edvel derrota hist\u00f3rica em Copenhaga, onde&hellip;\n","protected":false},"author":2,"featured_media":156439,"comment_status":"","ping_status":"","sticky":false,"template":"","format":"standard","meta":{"footnotes":""},"categories":[50],"tags":[27,28,15,16,14,25,26,21,22,62,12,13,19,20,23,24,17,18,29,30,31,63,64,65],"class_list":{"0":"post-156438","1":"post","2":"type-post","3":"status-publish","4":"format-standard","5":"has-post-thumbnail","7":"category-mundo","8":"tag-breaking-news","9":"tag-breakingnews","10":"tag-featured-news","11":"tag-featurednews","12":"tag-headlines","13":"tag-latest-news","14":"tag-latestnews","15":"tag-main-news","16":"tag-mainnews","17":"tag-mundo","18":"tag-news","19":"tag-noticias","20":"tag-noticias-principais","21":"tag-noticiasprincipais","22":"tag-principais-noticias","23":"tag-principaisnoticias","24":"tag-top-stories","25":"tag-topstories","26":"tag-ultimas","27":"tag-ultimas-noticias","28":"tag-ultimasnoticias","29":"tag-world","30":"tag-world-news","31":"tag-worldnews"},"share_on_mastodon":{"url":"https:\/\/pubeurope.com\/@pt\/115570881541059214","error":""},"_links":{"self":[{"href":"https:\/\/www.europesays.com\/pt\/wp-json\/wp\/v2\/posts\/156438","targetHints":{"allow":["GET"]}}],"collection":[{"href":"https:\/\/www.europesays.com\/pt\/wp-json\/wp\/v2\/posts"}],"about":[{"href":"https:\/\/www.europesays.com\/pt\/wp-json\/wp\/v2\/types\/post"}],"author":[{"embeddable":true,"href":"https:\/\/www.europesays.com\/pt\/wp-json\/wp\/v2\/users\/2"}],"replies":[{"embeddable":true,"href":"https:\/\/www.europesays.com\/pt\/wp-json\/wp\/v2\/comments?post=156438"}],"version-history":[{"count":0,"href":"https:\/\/www.europesays.com\/pt\/wp-json\/wp\/v2\/posts\/156438\/revisions"}],"wp:featuredmedia":[{"embeddable":true,"href":"https:\/\/www.europesays.com\/pt\/wp-json\/wp\/v2\/media\/156439"}],"wp:attachment":[{"href":"https:\/\/www.europesays.com\/pt\/wp-json\/wp\/v2\/media?parent=156438"}],"wp:term":[{"taxonomy":"category","embeddable":true,"href":"https:\/\/www.europesays.com\/pt\/wp-json\/wp\/v2\/categories?post=156438"},{"taxonomy":"post_tag","embeddable":true,"href":"https:\/\/www.europesays.com\/pt\/wp-json\/wp\/v2\/tags?post=156438"}],"curies":[{"name":"wp","href":"https:\/\/api.w.org\/{rel}","templated":true}]}}