{"id":156442,"date":"2025-11-18T13:16:22","date_gmt":"2025-11-18T13:16:22","guid":{"rendered":"https:\/\/www.europesays.com\/pt\/156442\/"},"modified":"2025-11-18T13:16:22","modified_gmt":"2025-11-18T13:16:22","slug":"filha-mais-velha-de-lula-recebe-alta-apos-internacao","status":"publish","type":"post","link":"https:\/\/www.europesays.com\/pt\/156442\/","title":{"rendered":"Filha mais velha de Lula recebe alta ap\u00f3s interna\u00e7\u00e3o"},"content":{"rendered":"<p class=\"texto\">Lurian Cordeiro Lula da Silva, filha mais velha do presidente\u00a0<a href=\"https:\/\/www.opovo.com.br\/tudo-sobre\/governo-lula\/\" target=\"_self\" rel=\"nofollow noopener\">Luiz In\u00e1cio Lula da Silva<\/a> (PT), recebeu alta nesta segunda-feira, 17, de um hospital em Niter\u00f3i, na Regi\u00e3o Metropolitana do Rio de Janeiro, onde estava internada ap\u00f3s passar mal no fim de semana.<\/p>\n<p class=\"texto\">Segundo fontes pr\u00f3ximas \u00e0 fam\u00edlia, ela deu entrada na unidade no s\u00e1bado. A jornalista, que tamb\u00e9m coordena a \u00e1rea de Direitos Humanos do PT em Sergipe, buscou atendimento ap\u00f3s sentir um forte mal-estar no peito derivado de um &#8220;abalo emocional&#8221; no s\u00e1bado.<\/p>\n<p class=\"texto\">Encaminhada ao setor de cardiologia, ela passou por avalia\u00e7\u00e3o especializada. O quadro \u00e9 considerado est\u00e1vel e Lurian passa bem.<\/p>\n<p class=\"texto\">At\u00e9 agora, o presidente Lula n\u00e3o se manifestou publicamente sobre a interna\u00e7\u00e3o da filha. Lurian \u00e9 a primog\u00eanita do presidente e irm\u00e3 de Luis Claudio, F\u00e1bio Luiz, Sandro Luis e Marcos Claudio.<\/p>\n<p>    D\u00favidas, Cr\u00edticas e Sugest\u00f5es?<br \/>\n        <a href=\"https:\/\/www.opovo.com.br\/falecomagente\" class=\"bluedefault\" rel=\"nofollow noopener\" target=\"_blank\">Fale com a gente<\/a><\/p>\n<p>    Tags<\/p>\n","protected":false},"excerpt":{"rendered":"Lurian Cordeiro Lula da Silva, filha mais velha do presidente\u00a0Luiz In\u00e1cio Lula da Silva (PT), recebeu alta nesta&hellip;\n","protected":false},"author":2,"featured_media":156443,"comment_status":"","ping_status":"","sticky":false,"template":"","format":"standard","meta":{"footnotes":""},"categories":[145],"tags":[211,210,114,115,8622,1540,32,33],"class_list":{"0":"post-156442","1":"post","2":"type-post","3":"status-publish","4":"format-standard","5":"has-post-thumbnail","7":"category-celebridades","8":"tag-celebridades","9":"tag-celebrities","10":"tag-entertainment","11":"tag-entretenimento","12":"tag-governo-lula","13":"tag-lula","14":"tag-portugal","15":"tag-pt"},"share_on_mastodon":{"url":"https:\/\/pubeurope.com\/@pt\/115570894095368443","error":""},"_links":{"self":[{"href":"https:\/\/www.europesays.com\/pt\/wp-json\/wp\/v2\/posts\/156442","targetHints":{"allow":["GET"]}}],"collection":[{"href":"https:\/\/www.europesays.com\/pt\/wp-json\/wp\/v2\/posts"}],"about":[{"href":"https:\/\/www.europesays.com\/pt\/wp-json\/wp\/v2\/types\/post"}],"author":[{"embeddable":true,"href":"https:\/\/www.europesays.com\/pt\/wp-json\/wp\/v2\/users\/2"}],"replies":[{"embeddable":true,"href":"https:\/\/www.europesays.com\/pt\/wp-json\/wp\/v2\/comments?post=156442"}],"version-history":[{"count":0,"href":"https:\/\/www.europesays.com\/pt\/wp-json\/wp\/v2\/posts\/156442\/revisions"}],"wp:featuredmedia":[{"embeddable":true,"href":"https:\/\/www.europesays.com\/pt\/wp-json\/wp\/v2\/media\/156443"}],"wp:attachment":[{"href":"https:\/\/www.europesays.com\/pt\/wp-json\/wp\/v2\/media?parent=156442"}],"wp:term":[{"taxonomy":"category","embeddable":true,"href":"https:\/\/www.europesays.com\/pt\/wp-json\/wp\/v2\/categories?post=156442"},{"taxonomy":"post_tag","embeddable":true,"href":"https:\/\/www.europesays.com\/pt\/wp-json\/wp\/v2\/tags?post=156442"}],"curies":[{"name":"wp","href":"https:\/\/api.w.org\/{rel}","templated":true}]}}