{"id":156444,"date":"2025-11-18T13:17:10","date_gmt":"2025-11-18T13:17:10","guid":{"rendered":"https:\/\/www.europesays.com\/pt\/156444\/"},"modified":"2025-11-18T13:17:10","modified_gmt":"2025-11-18T13:17:10","slug":"influenciadores-enganam-seguranca-e-penduram-quadro-no-louvre-veja-video","status":"publish","type":"post","link":"https:\/\/www.europesays.com\/pt\/156444\/","title":{"rendered":"Influenciadores enganam seguran\u00e7a e penduram quadro no Louvre; veja v\u00eddeo"},"content":{"rendered":"<p>\n                        Imagem com a foto dos dois jovens foi colada na parede pr\u00f3ximo ao quadro da Mona Lisa\n                    <\/p>\n<ul class=\"article__header__author\">\n<li class=\"article__header__author__item\">\n                                                                                    <img loading=\"lazy\" decoding=\"async\" src=\"https:\/\/www.europesays.com\/pt\/wp-content\/uploads\/2025\/11\/microsoftteams-image-(23)-1jy7orqt0u4hi.png\" width=\"32\" height=\"32\" title=\"Reda\u00e7\u00e3o Terra\" alt=\"Reda\u00e7\u00e3o Terra\" class=\"author-picture\"\/><br \/>\n                                                                            Por:<br \/>\n                                                                                    Reda\u00e7\u00e3o Terra\n                                                                        <\/li>\n<\/ul>\n<p>\n                                                                                                                                                                                                                            18 nov<br \/>\n                                    2025<br \/>\n                                     &#8211; 09h13\n                                <\/p>\n<p>\n                                                                                                            (atualizado \u00e0s 09h16)\n                                                                    <\/p>\n<p>\n                        <b style=\"margin-bottom: 8px; display: inline-block;\">Resumo<\/b><br \/>Dois influenciadores belgas penduraram uma pintura no Louvre sem serem vistos pela seguran\u00e7a, mas o museu diz que removeu o quadro em menos de tr\u00eas minutos e estuda registrar uma queixa.\n                    <\/p>\n<p><img loading=\"lazy\" decoding=\"async\" alt=\"Influenciadores fazem pegadinha e colocam pintura no Louvre\" class=\"img-26e7d794e0aad94e5bd09f7ee7aec0a040crv8qn\" height=\"435\" src=\"https:\/\/www.europesays.com\/pt\/wp-content\/uploads\/2025\/11\/photo-collage-png-(12)-trqt3t9hfp7q.png\"  title=\"Influenciadores fazem pegadinha e colocam pintura no Louvre\" width=\"774\"\/><\/p>\n<p>Influenciadores fazem pegadinha e colocam pintura no Louvre<\/p>\n<p>Foto: Reprodu\u00e7\u00e3o\/TikTok\/@neal_senne<\/p>\n<p class=\"text\">Dois influenciadores belgas fizeram uma pegadinha e conseguiram pendurar um quadro com a foto deles no <a href=\"https:\/\/www.terra.com.br\/noticias\/mundo\/europa\/galeria-do-museu-do-louvre-e-fechada-ao-publico-devido-a-risco-de-desabamento,523c0088c7ad10afebde83a72ea7f17e4h429oqu.html\" target=\"_self\" rel=\"nofollow noopener\">Museu do Louvre<\/a>, pr\u00f3ximo ao da Mona Lisa, sem serem vistos pela seguran\u00e7a do local.\u00a0<\/p>\n<blockquote>\n<\/blockquote>\n<p class=\"text\">Segundo a TV francesa BFMTV, o caso aconteceu na \u00faltima sexta-feira, 14, na Sala dos Estados, no primeiro andar do museu em Paris.<\/p>\n<p class=\"text\">Os dois influencers contaram \u00e0 emissora que entraram no museu junto com outros visitantes, penduraram a pintura e sa\u00edram sem serem pegos. Para evitar levantar suspeitas da seguran\u00e7a na entrada, eles criaram um plano.<\/p>\n<p class=\"text\">&#8220;Sab\u00edamos que a seguran\u00e7a seria rigorosa, ent\u00e3o fizemos uma estrutura de Lego que pod\u00edamos desmontar e remontar l\u00e1 dentro. Colocamos todas as pe\u00e7as em uma sacola de compras&#8221;, explicou Senne.<\/p>\n<p class=\"text\">Conforme os jovens, no dia seguinte, eles receberam uma mensagem dizendo que a pintura ainda estava l\u00e1. Veja o v\u00eddeo:<\/p>\n<blockquote cite=\"https:\/\/www.tiktok.com\/@neal_senne\/video\/7572239614585441568\" class=\"tiktok-embed\" data-video-id=\"7572239614585441568\" style=\"max-width: 605px;min-width: 325px;\"><p>\n<a href=\"https:\/\/www.tiktok.com\/@neal_senne?refer=embed\" target=\"_blank\" title=\"@neal_senne\" rel=\"nofollow noopener\">@neal_senne<\/a> Ons Schilderij In Louvre Hangen \ud83d\uddbc\ufe0f\ud83c\uddeb\ud83c\uddf7 <a href=\"https:\/\/www.tiktok.com\/tag\/fyp?refer=embed\" target=\"_blank\" title=\"fyp\" rel=\"nofollow noopener\">#fyp<\/a> <a href=\"https:\/\/www.tiktok.com\/tag\/fy?refer=embed\" target=\"_blank\" title=\"fy\" rel=\"nofollow noopener\">#fy<\/a> <a href=\"https:\/\/www.tiktok.com\/tag\/voorjou?refer=embed\" target=\"_blank\" title=\"voorjou\" rel=\"nofollow noopener\">#voorjou<\/a> <a href=\"https:\/\/www.tiktok.com\/tag\/foryou?refer=embed\" target=\"_blank\" title=\"foryou\" rel=\"nofollow noopener\">#foryou<\/a> <a href=\"https:\/\/www.tiktok.com\/tag\/viral?refer=embed\" target=\"_blank\" title=\"viral\" rel=\"nofollow noopener\">#viral<\/a> <a href=\"https:\/\/www.tiktok.com\/music\/origineel-geluid-7572239657702902560?refer=embed\" target=\"_blank\" title=\"\u266c origineel geluid - Neal &amp; Senne\" rel=\"nofollow noopener\">\u266c origineel geluid &#8211; Neal &amp; Senne<\/a>\n<\/p><\/blockquote>\n<p class=\"text\">\u00c0 TV, o Museu do Louvre informou que\u00a0nenhum dos itens em posse dos dois usu\u00e1rios do TikTok era proibido pelo regulamento e que, portanto, n\u00e3o poderiam resultar em &#8220;uma proibi\u00e7\u00e3o de entrada&#8221;. Ainda conforme o museu, o retrato foi visto e removido em menos de tr\u00eas minutos. Embora nenhum dano tenha sido relatado, o museu diz que est\u00e1 considerando registrar uma queixa.<\/p>\n<p>                            <script async src=\"\/\/www.tiktok.com\/embed.js\"><\/script><\/p>\n","protected":false},"excerpt":{"rendered":"Imagem com a foto dos dois jovens foi colada na parede pr\u00f3ximo ao quadro da Mona Lisa Por:&hellip;\n","protected":false},"author":2,"featured_media":156445,"comment_status":"","ping_status":"","sticky":false,"template":"","format":"standard","meta":{"footnotes":""},"categories":[144],"tags":[207,205,206,203,201,202,204,114,115,32,33],"class_list":{"0":"post-156444","1":"post","2":"type-post","3":"status-publish","4":"format-standard","5":"has-post-thumbnail","7":"category-arte-e-design","8":"tag-arte","9":"tag-arte-e-design","10":"tag-artedesign","11":"tag-arts","12":"tag-arts-and-design","13":"tag-artsanddesign","14":"tag-design","15":"tag-entertainment","16":"tag-entretenimento","17":"tag-portugal","18":"tag-pt"},"share_on_mastodon":{"url":"https:\/\/pubeurope.com\/@pt\/115570897568958872","error":""},"_links":{"self":[{"href":"https:\/\/www.europesays.com\/pt\/wp-json\/wp\/v2\/posts\/156444","targetHints":{"allow":["GET"]}}],"collection":[{"href":"https:\/\/www.europesays.com\/pt\/wp-json\/wp\/v2\/posts"}],"about":[{"href":"https:\/\/www.europesays.com\/pt\/wp-json\/wp\/v2\/types\/post"}],"author":[{"embeddable":true,"href":"https:\/\/www.europesays.com\/pt\/wp-json\/wp\/v2\/users\/2"}],"replies":[{"embeddable":true,"href":"https:\/\/www.europesays.com\/pt\/wp-json\/wp\/v2\/comments?post=156444"}],"version-history":[{"count":0,"href":"https:\/\/www.europesays.com\/pt\/wp-json\/wp\/v2\/posts\/156444\/revisions"}],"wp:featuredmedia":[{"embeddable":true,"href":"https:\/\/www.europesays.com\/pt\/wp-json\/wp\/v2\/media\/156445"}],"wp:attachment":[{"href":"https:\/\/www.europesays.com\/pt\/wp-json\/wp\/v2\/media?parent=156444"}],"wp:term":[{"taxonomy":"category","embeddable":true,"href":"https:\/\/www.europesays.com\/pt\/wp-json\/wp\/v2\/categories?post=156444"},{"taxonomy":"post_tag","embeddable":true,"href":"https:\/\/www.europesays.com\/pt\/wp-json\/wp\/v2\/tags?post=156444"}],"curies":[{"name":"wp","href":"https:\/\/api.w.org\/{rel}","templated":true}]}}