{"id":156449,"date":"2025-11-18T13:28:24","date_gmt":"2025-11-18T13:28:24","guid":{"rendered":"https:\/\/www.europesays.com\/pt\/156449\/"},"modified":"2025-11-18T13:28:24","modified_gmt":"2025-11-18T13:28:24","slug":"justica-angolana-destaca-contributo-relevante-do-general-kopelipa","status":"publish","type":"post","link":"https:\/\/www.europesays.com\/pt\/156449\/","title":{"rendered":"Justi\u00e7a angolana destaca \u201ccontributo relevante\u201d do general \u201cKopelipa\u201d"},"content":{"rendered":"<p>A ju\u00edza relatora deste julgamento, Anabela Valente, dirigiu esta mensagem no final da leitura do ac\u00f3rd\u00e3o que absolveu Manuel H\u00e9lder Vieira Dias J\u00fanior &#8220;Kopelipa&#8221; e condenou Leopoldino Fragoso do Nascimento &#8220;Dino&#8221;, ambos generais e homens de confian\u00e7a do ex-Presidente de Angola <a href=\"https:\/\/expresso.pt\/internacional\/2022-07-08-Morreu-Jose-Eduardo-dos-Santos-o-homem-que-queria-ser-recordado-como-um-bom-patriota-0c3dc7ee\" target=\"_blank\" rel=\"noopener noreferrer nofollow\">Jos\u00e9 Eduardo dos Santos<\/a> (j\u00e1 falecido), <strong>tendo sido igualmente condenados o cidad\u00e3o chin\u00eas Yiu Haiming, o advogado<\/strong> <strong>Fernando Gomes dos Santos e as empresas China International Fund (CIF), Plansmart International Limited e Utter Right International Limited.<\/strong><\/p>\n<p>&#8220;Manuel H\u00e9lder Vieira Dias que comprove que, com a sua absolvi\u00e7\u00e3o, para o futuro, <strong>o pa\u00eds e a na\u00e7\u00e3o ganham de si um exemplar chefe de fam\u00edlia,<\/strong> um exemplar patriota, um exemplar guerrilheiro pela paz, pela harmonia, pela estabilidade social de Angola e dos angolanos&#8221;, disse a ju\u00edza relatora.<\/p>\n<p>Anabela Valente exaltou o <strong>historial militar de &#8220;Kopelipa&#8221;<\/strong>, pelo seu contributo nas extintas For\u00e7as Armadas Populares de Liberta\u00e7\u00e3o de Angola (FAPLA), antigo bra\u00e7o armado do <a href=\"https:\/\/expresso.pt\/internacional\/angola\/2023-11-02-MPLA-nao-quer-prejudicar-o-seu-poder-hegemonico-as-sempre-adiadas-autarquicas-em-Angola-em-quatro-perguntas-e-respostas-27b4f6ed\" target=\"_blank\" rel=\"noopener noreferrer nofollow\">Movimento Popular de Liberta\u00e7\u00e3o de Angola<\/a> (MPLA), partido no poder.<\/p>\n<p>&#8220;E agora, doravante, para o futuro, esperamos ver os seus feitos para o engrandecimento do pa\u00eds, da na\u00e7\u00e3o e das pr\u00f3ximas gera\u00e7\u00f5es. Pensemos nos que nos v\u00e3o suceder, filhos, netos, bisnetos e sobrinhos&#8221;, frisou.<\/p>\n<p>Para os condenados, a ju\u00edza exortou a &#8220;pensar, meditar, como tudo aconteceu, porque aconteceu e procurar melhorar o seu comportamento, melhorar a sua conduta&#8221;.<\/p>\n<p>&#8220;Devemos, de facto, <strong>mostrar que somos patriotas<\/strong> e, ao assumirmos determinadas fun\u00e7\u00f5es, determinados cargos, ter em mente que <strong>vamos servir ao m\u00e1ximo a na\u00e7\u00e3o,<\/strong> o Estado, servir os nossos concidad\u00e3os e ganharmos o respeito por eles, porque n\u00f3s vamos passar deste mundo para outro mundo e as obras ficar\u00e3o, ent\u00e3o deveremos ter isso em considera\u00e7\u00e3o&#8221;, referiu.<\/p>\n<p>Em declara\u00e7\u00f5es \u00e0 imprensa, o advogado das empresas Plansmart International Limited e Utter Right International Limited considerou o ac\u00f3rd\u00e3o &#8220;mau&#8221; para um Estado democr\u00e1tico e de direito, alegando que prova v\u00e1lida para um processo \u00e9 aquela produzida durante a audi\u00eancia, mas o tribunal fez recurso <strong>&#8220;a supostas declara\u00e7\u00f5es prestadas em instru\u00e7\u00e3o preparat\u00f3ria para fundamentar a decis\u00e3o&#8221;.<\/strong><\/p>\n<p>&#8220;S\u00f3 isso, por si,<strong> j\u00e1 torna o ac\u00f3rd\u00e3o nulo,<\/strong> porque as testemunhas estiveram aqui, foram ouvidas, interrogadas, num processo com contradit\u00f3rio e as testemunhas disseram aquilo que sabiam e o que conheciam e o que o tribunal fez foi dizer que n\u00e3o considera o que as testemunhas disseram&#8221;, afirmou Benja Satula.<\/p>\n<p><strong>Para o advogado,<\/strong> a senten\u00e7a fez justi\u00e7a com a absolvi\u00e7\u00e3o de um dos arguidos, tendo os restantes arguidos sido absolvidos tamb\u00e9m do crime de associa\u00e7\u00e3o criminosa, mas, &#8220;de resto, o ac\u00f3rd\u00e3o, <strong>\u00e9 um mau ac\u00f3rd\u00e3o para a justi\u00e7a angolana<\/strong> e para o Estado democr\u00e1tico de direito&#8221;.<\/p>\n<p>No ac\u00f3rd\u00e3o refere-se que o tribunal tomou como factos provados os depoimentos das testemunhas, alguns dos quais prestados em fase de instru\u00e7\u00e3o preparat\u00f3ria, como o de Francisco de Lemos Jos\u00e9 Maria, presidente do conselho de administra\u00e7\u00e3o da Sonangol \u00e0 data dos factos, por parecerem ser &#8220;mais cred\u00edveis do que aqueles prestados em audi\u00eancia de discuss\u00e3o de julgamento&#8221;.<\/p>\n<p>\u201cVerific\u00e1mos v\u00e1rios lapsos de mem\u00f3ria, e <strong>o seu semblante era como que, se falasse a verdade, estaria a trair a confian\u00e7a dos arguidos\u201d<\/strong>, disse a ju\u00edza, apontando a mesma situa\u00e7\u00e3o para Ernesto Norberto Garcia, \u00e0 data dos factos diretor da Unidade T\u00e9cnica para Investimento Privado, que se mostrou &#8220;nervoso&#8221; em audi\u00eancia de julgamento, &#8220;esquivando-se \u00e0s perguntas que lhe foram feitas&#8221;, demonstrando ainda estar &#8220;a proteger os arguidos, admitindo com alguma arrog\u00e2ncia <strong>a pr\u00e1tica de atos contr\u00e1rios \u00e0 <\/strong><a href=\"https:\/\/expresso.pt\/opiniaoeblogues\/correio\/cartas\/a-nova-lei-do-investimento-privado=f667544\" target=\"_blank\" rel=\"noopener noreferrer nofollow\">Lei do Investimento Privado<\/a><strong>,<\/strong> que vigorava em Angola \u00e0 data dos factos&#8221;.<\/p>\n<p>Tamb\u00e9m <strong>Carlos Maria da Silva Feij\u00f3,<\/strong> segundo o ac\u00f3rd\u00e3o, enquanto respons\u00e1vel do escrit\u00f3rio da China International Found Angola e da sucursal da China Sonangol International Limited, <strong>as suas declara\u00e7\u00f5es \u00e0 data dos factos mostraram-se &#8220;mais cred\u00edveis do que as prestadas em sede de julgamento&#8221;.<\/strong><\/p>\n<p><strong>&#8220;A testemunha,<\/strong> na sua audi\u00e7\u00e3o em julgamento,<strong> num claro apoio aos arguidos, <\/strong>mostrou-se arrogante por ter sido, segundo ele, o criador da Lei de Terras, o criador da Constitui\u00e7\u00e3o da Rep\u00fablica de Angola e da Zona Fundi\u00e1ria do Estado, colocando a sala de audi\u00eancias numa posi\u00e7\u00e3o de sala de aulas&#8221;, enfatizou a ju\u00edza.<\/p>\n","protected":false},"excerpt":{"rendered":"A ju\u00edza relatora deste julgamento, Anabela Valente, dirigiu esta mensagem no final da leitura do ac\u00f3rd\u00e3o que absolveu&hellip;\n","protected":false},"author":2,"featured_media":156450,"comment_status":"","ping_status":"","sticky":false,"template":"","format":"standard","meta":{"footnotes":""},"categories":[50],"tags":[27,28,15,16,14,25,26,21,22,62,12,13,19,20,23,24,17,18,29,30,31,63,64,65],"class_list":{"0":"post-156449","1":"post","2":"type-post","3":"status-publish","4":"format-standard","5":"has-post-thumbnail","7":"category-mundo","8":"tag-breaking-news","9":"tag-breakingnews","10":"tag-featured-news","11":"tag-featurednews","12":"tag-headlines","13":"tag-latest-news","14":"tag-latestnews","15":"tag-main-news","16":"tag-mainnews","17":"tag-mundo","18":"tag-news","19":"tag-noticias","20":"tag-noticias-principais","21":"tag-noticiasprincipais","22":"tag-principais-noticias","23":"tag-principaisnoticias","24":"tag-top-stories","25":"tag-topstories","26":"tag-ultimas","27":"tag-ultimas-noticias","28":"tag-ultimasnoticias","29":"tag-world","30":"tag-world-news","31":"tag-worldnews"},"share_on_mastodon":{"url":"https:\/\/pubeurope.com\/@pt\/115570940604255474","error":""},"_links":{"self":[{"href":"https:\/\/www.europesays.com\/pt\/wp-json\/wp\/v2\/posts\/156449","targetHints":{"allow":["GET"]}}],"collection":[{"href":"https:\/\/www.europesays.com\/pt\/wp-json\/wp\/v2\/posts"}],"about":[{"href":"https:\/\/www.europesays.com\/pt\/wp-json\/wp\/v2\/types\/post"}],"author":[{"embeddable":true,"href":"https:\/\/www.europesays.com\/pt\/wp-json\/wp\/v2\/users\/2"}],"replies":[{"embeddable":true,"href":"https:\/\/www.europesays.com\/pt\/wp-json\/wp\/v2\/comments?post=156449"}],"version-history":[{"count":0,"href":"https:\/\/www.europesays.com\/pt\/wp-json\/wp\/v2\/posts\/156449\/revisions"}],"wp:featuredmedia":[{"embeddable":true,"href":"https:\/\/www.europesays.com\/pt\/wp-json\/wp\/v2\/media\/156450"}],"wp:attachment":[{"href":"https:\/\/www.europesays.com\/pt\/wp-json\/wp\/v2\/media?parent=156449"}],"wp:term":[{"taxonomy":"category","embeddable":true,"href":"https:\/\/www.europesays.com\/pt\/wp-json\/wp\/v2\/categories?post=156449"},{"taxonomy":"post_tag","embeddable":true,"href":"https:\/\/www.europesays.com\/pt\/wp-json\/wp\/v2\/tags?post=156449"}],"curies":[{"name":"wp","href":"https:\/\/api.w.org\/{rel}","templated":true}]}}