{"id":156457,"date":"2025-11-18T13:32:10","date_gmt":"2025-11-18T13:32:10","guid":{"rendered":"https:\/\/www.europesays.com\/pt\/156457\/"},"modified":"2025-11-18T13:32:10","modified_gmt":"2025-11-18T13:32:10","slug":"premio-de-arquitetura-do-alentejo-distingue-dois-projetos-em-odemira","status":"publish","type":"post","link":"https:\/\/www.europesays.com\/pt\/156457\/","title":{"rendered":"Pr\u00e9mio de Arquitetura do Alentejo distingue dois projetos em Odemira"},"content":{"rendered":"<p>Segundo a C\u00e2mara de Odemira, propriet\u00e1ria dos dois espa\u00e7os, o projeto da Olaria Municipal, da autoria do arquiteto Daniel Pinho (atelier ARDE \u2013 Arquitetura e Design, de Odemira), foi o vencedor na categoria de Reabilita\u00e7\u00e3o.<\/p>\n<p>J\u00e1 o projeto do Centro de Valoriza\u00e7\u00e3o da Viola Campani\u00e7a e do Cante de Improviso, em S\u00e3o Martinho das Amoreiras, do arquiteto Filipe Oliveira, que \u00e9 t\u00e9cnico da autarquia, recebeu a Men\u00e7\u00e3o Honrosa, tamb\u00e9m na categoria de Reabilita\u00e7\u00e3o.<\/p>\n<p>Os dois pr\u00e9mios foram entregues ao vereador Pedro Ramos, enquanto representante da C\u00e2mara de Odemira, na presen\u00e7a dos arquitetos autores dos projetos e da empresa construtora, Virg\u00edlio de Sousa Leal, na passada quinta-feira, 13, \u00e2mbito do 17\u00ba Congresso dos Arquitetos, que se realizou em \u00c9vora.<\/p>\n","protected":false},"excerpt":{"rendered":"Segundo a C\u00e2mara de Odemira, propriet\u00e1ria dos dois espa\u00e7os, o projeto da Olaria Municipal, da autoria do arquiteto&hellip;\n","protected":false},"author":2,"featured_media":156458,"comment_status":"","ping_status":"","sticky":false,"template":"","format":"standard","meta":{"footnotes":""},"categories":[144],"tags":[207,205,206,203,201,202,204,114,115,32,33],"class_list":{"0":"post-156457","1":"post","2":"type-post","3":"status-publish","4":"format-standard","5":"has-post-thumbnail","7":"category-arte-e-design","8":"tag-arte","9":"tag-arte-e-design","10":"tag-artedesign","11":"tag-arts","12":"tag-arts-and-design","13":"tag-artsanddesign","14":"tag-design","15":"tag-entertainment","16":"tag-entretenimento","17":"tag-portugal","18":"tag-pt"},"share_on_mastodon":{"url":"https:\/\/pubeurope.com\/@pt\/115570956295296229","error":""},"_links":{"self":[{"href":"https:\/\/www.europesays.com\/pt\/wp-json\/wp\/v2\/posts\/156457","targetHints":{"allow":["GET"]}}],"collection":[{"href":"https:\/\/www.europesays.com\/pt\/wp-json\/wp\/v2\/posts"}],"about":[{"href":"https:\/\/www.europesays.com\/pt\/wp-json\/wp\/v2\/types\/post"}],"author":[{"embeddable":true,"href":"https:\/\/www.europesays.com\/pt\/wp-json\/wp\/v2\/users\/2"}],"replies":[{"embeddable":true,"href":"https:\/\/www.europesays.com\/pt\/wp-json\/wp\/v2\/comments?post=156457"}],"version-history":[{"count":0,"href":"https:\/\/www.europesays.com\/pt\/wp-json\/wp\/v2\/posts\/156457\/revisions"}],"wp:featuredmedia":[{"embeddable":true,"href":"https:\/\/www.europesays.com\/pt\/wp-json\/wp\/v2\/media\/156458"}],"wp:attachment":[{"href":"https:\/\/www.europesays.com\/pt\/wp-json\/wp\/v2\/media?parent=156457"}],"wp:term":[{"taxonomy":"category","embeddable":true,"href":"https:\/\/www.europesays.com\/pt\/wp-json\/wp\/v2\/categories?post=156457"},{"taxonomy":"post_tag","embeddable":true,"href":"https:\/\/www.europesays.com\/pt\/wp-json\/wp\/v2\/tags?post=156457"}],"curies":[{"name":"wp","href":"https:\/\/api.w.org\/{rel}","templated":true}]}}