{"id":156465,"date":"2025-11-18T13:40:13","date_gmt":"2025-11-18T13:40:13","guid":{"rendered":"https:\/\/www.europesays.com\/pt\/156465\/"},"modified":"2025-11-18T13:40:13","modified_gmt":"2025-11-18T13:40:13","slug":"abelhas-mostram-capacidade-inedita-de-perceber-o-tempo-em-flashes-de-luz","status":"publish","type":"post","link":"https:\/\/www.europesays.com\/pt\/156465\/","title":{"rendered":"Abelhas mostram capacidade in\u00e9dita de perceber o tempo em flashes de luz"},"content":{"rendered":"<p>Pesquisa brit\u00e2nica indica que c\u00e9rebros min\u00fasculos podem processar dura\u00e7\u00e3o de est\u00edmulos com precis\u00e3o impressionante<\/p>\n<p><img decoding=\"async\" src=\"https:\/\/www.europesays.com\/pt\/wp-content\/uploads\/2025\/11\/abelhas-1920x1056.jpg\" class=\"attachment-banner size-banner\" alt=\"abelhas\" loading=\"eager\" fetchpriority=\"high\" width=\"1920\" height=\"1080\"\/><br \/>\n\t\t\tImagem: slowmotiongli\/Shutterstock<\/p>\n<p>Compartilhe esta mat\u00e9ria<\/p>\n<p class=\"fitec-embcmp\"><a href=\"https:\/\/profile.google.com\/cp\/CgsvZy8xMjFqY2oxMw\" target=\"_blank\" class=\"ftecmp-button\" rel=\"nofollow noopener\">Siga o Olhar Digital no Google Discover<\/a><\/p>\n<p>Pesquisadores da Queen Mary University of London demonstraram, pela primeira vez, que um <a href=\"https:\/\/olhardigital.com.br\/tag\/insetos\/\" target=\"_blank\" rel=\"noreferrer noopener nofollow\">inseto<\/a> \u00e9 capaz de distinguir diferentes dura\u00e7\u00f5es de est\u00edmulos visuais para decidir onde buscar alimento.<\/p>\n<p>O estudo, publicado na revista <a href=\"https:\/\/royalsocietypublishing.org\/doi\/10.1098\/rsbl.2025.0440\" target=\"_blank\" rel=\"noreferrer noopener nofollow\">Biology Letters<\/a>, mostra que o zang\u00e3o Bombus terrestris consegue diferenciar flashes curtos e longos de luz \u2014 uma habilidade at\u00e9 ent\u00e3o registrada apenas em humanos e alguns vertebrados, como macacos e pombos.<\/p>\n<p><img loading=\"lazy\" decoding=\"async\" width=\"1024\" height=\"641\" src=\"https:\/\/www.europesays.com\/pt\/wp-content\/uploads\/2025\/11\/bees-4845211_1280-1024x641.jpg\" alt=\"\" class=\"wp-image-666329\"  \/>Zang\u00f5es aprendem a diferenciar sinais luminosos como o c\u00f3digo Morse (Imagem: TerriAnneAllen\/Pixabay)Abelhas aprendem \u201cpontos e tra\u00e7os\u201d para encontrar alimento<\/p>\n<ul>\n<li>A pesquisa foi conduzida pelo doutorando Alex Davidson e pela professora Elisabetta Versace, que desenvolveram um labirinto especialmente projetado para treinar abelhas individualmente.<\/li>\n<li>No experimento, um flash curto (\u201cponto\u201d) era associado a uma recompensa de a\u00e7\u00facar, enquanto um flash longo (\u201ctra\u00e7o\u201d) levava a uma subst\u00e2ncia amarga rejeitada pelos insetos.<\/li>\n<li>A posi\u00e7\u00e3o desses est\u00edmulos mudava a cada tentativa, impedindo que as abelhas usassem pistas espaciais.<\/li>\n<\/ul>\n<p>Ap\u00f3s o treinamento, as abelhas foram testadas apenas com luzes piscantes, sem a\u00e7\u00facar, para verificar se suas escolhas eram guiadas exclusivamente pela dura\u00e7\u00e3o dos flashes. A maioria escolheu consistentemente o est\u00edmulo \u201ccorreto\u201d, demonstrando que havia aprendido a distinguir as dura\u00e7\u00f5es.<\/p>\n<p><strong>Leia mais:<\/strong><\/p>\n<p><img loading=\"lazy\" decoding=\"async\" width=\"1024\" height=\"683\" src=\"https:\/\/www.europesays.com\/pt\/wp-content\/uploads\/2025\/11\/abelhas-1-1024x683.jpg\" alt=\"\" class=\"wp-image-1005141\"  \/>Estudo revela que insetos distinguem dura\u00e7\u00f5es de luz para buscar alimento \u2014 habilidade antes vista s\u00f3 em humanos e vertebrados \u2013 Imagem: Aliaksei Marozau\/ShutterstockProcessamento do tempo em outras esp\u00e9cies<\/p>\n<p>Os pesquisadores afirmam que essa capacidade \u00e9 surpreendente, j\u00e1 que abelhas n\u00e3o encontram flashes intermitentes na natureza.<\/p>\n<p>A descoberta abre caminho para investigar como c\u00e9rebros t\u00e3o pequenos conseguem processar informa\u00e7\u00f5es temporais com tamanha precis\u00e3o \u2014 uma habilidade possivelmente ligada a mecanismos neurais fundamentais ainda pouco compreendidos.<\/p>\n<p>Entender essa habilidade em insetos pode, segundo os autores, ajudar a revelar como o processamento do tempo evoluiu em diferentes esp\u00e9cies e at\u00e9 inspirar avan\u00e7os em redes neurais artificiais mais eficientes.<\/p>\n<p><img loading=\"lazy\" decoding=\"async\" width=\"1024\" height=\"682\" src=\"https:\/\/www.europesays.com\/pt\/wp-content\/uploads\/2025\/11\/shutterstock_1042980994-1-1024x682.jpg\" alt=\"\" class=\"wp-image-667774\"  \/>Estudo revela que abelhas reconhecem diferentes dura\u00e7\u00f5es de luz para encontrar comida \u2013 Imagem: Ruth Swan\/Shutterstock<br \/>\n\t\t\t\t\t&#13;<br \/>\n\t\t\t\t\t&#13;<\/p>\n<p>\t\t\t\t\t\t<img decoding=\"async\" src=\"https:\/\/www.europesays.com\/pt\/wp-content\/uploads\/2025\/10\/Leandro-Criscuolo-150x150.jpg\" width=\"150\" height=\"150\" alt=\"Leandro Costa Criscuolo\" loading=\"lazy\"\/><\/p>\n<p>Colabora\u00e7\u00e3o para o Olhar Digital<\/p>\n<p>Leandro Criscuolo \u00e9 jornalista formado pela Faculdade C\u00e1sper L\u00edbero. J\u00e1 atuou como copywriter, analista de marketing digital e gestor de redes sociais. Atualmente, escreve para o Olhar Digital.<\/p>\n<p>\t\t\t\t&#13;<br \/>\n\t\t\t\t\t&#13;<\/p>\n","protected":false},"excerpt":{"rendered":"Pesquisa brit\u00e2nica indica que c\u00e9rebros min\u00fasculos podem processar dura\u00e7\u00e3o de est\u00edmulos com precis\u00e3o impressionante Imagem: slowmotiongli\/Shutterstock Compartilhe esta&hellip;\n","protected":false},"author":2,"featured_media":156466,"comment_status":"","ping_status":"","sticky":false,"template":"","format":"standard","meta":{"footnotes":""},"categories":[84],"tags":[109,107,108,32,33,105,103,104,106,110],"class_list":{"0":"post-156465","1":"post","2":"type-post","3":"status-publish","4":"format-standard","5":"has-post-thumbnail","7":"category-ciencia-e-tecnologia","8":"tag-ciencia","9":"tag-ciencia-e-tecnologia","10":"tag-cienciaetecnologia","11":"tag-portugal","12":"tag-pt","13":"tag-science","14":"tag-science-and-technology","15":"tag-scienceandtechnology","16":"tag-technology","17":"tag-tecnologia"},"share_on_mastodon":{"url":"https:\/\/pubeurope.com\/@pt\/115570988146519345","error":""},"_links":{"self":[{"href":"https:\/\/www.europesays.com\/pt\/wp-json\/wp\/v2\/posts\/156465","targetHints":{"allow":["GET"]}}],"collection":[{"href":"https:\/\/www.europesays.com\/pt\/wp-json\/wp\/v2\/posts"}],"about":[{"href":"https:\/\/www.europesays.com\/pt\/wp-json\/wp\/v2\/types\/post"}],"author":[{"embeddable":true,"href":"https:\/\/www.europesays.com\/pt\/wp-json\/wp\/v2\/users\/2"}],"replies":[{"embeddable":true,"href":"https:\/\/www.europesays.com\/pt\/wp-json\/wp\/v2\/comments?post=156465"}],"version-history":[{"count":0,"href":"https:\/\/www.europesays.com\/pt\/wp-json\/wp\/v2\/posts\/156465\/revisions"}],"wp:featuredmedia":[{"embeddable":true,"href":"https:\/\/www.europesays.com\/pt\/wp-json\/wp\/v2\/media\/156466"}],"wp:attachment":[{"href":"https:\/\/www.europesays.com\/pt\/wp-json\/wp\/v2\/media?parent=156465"}],"wp:term":[{"taxonomy":"category","embeddable":true,"href":"https:\/\/www.europesays.com\/pt\/wp-json\/wp\/v2\/categories?post=156465"},{"taxonomy":"post_tag","embeddable":true,"href":"https:\/\/www.europesays.com\/pt\/wp-json\/wp\/v2\/tags?post=156465"}],"curies":[{"name":"wp","href":"https:\/\/api.w.org\/{rel}","templated":true}]}}