{"id":156487,"date":"2025-11-18T14:00:24","date_gmt":"2025-11-18T14:00:24","guid":{"rendered":"https:\/\/www.europesays.com\/pt\/156487\/"},"modified":"2025-11-18T14:00:24","modified_gmt":"2025-11-18T14:00:24","slug":"pj-ja-deteve-este-ano-24-condenados-e-procurados-pela-justica-brasileira-diario-de-noticias","status":"publish","type":"post","link":"https:\/\/www.europesays.com\/pt\/156487\/","title":{"rendered":"PJ j\u00e1 deteve este ano 24 condenados e procurados pela Justi\u00e7a brasileira &#8211; Di\u00e1rio de Not\u00edcias"},"content":{"rendered":"<ol>\n<li><a href=\"https:\/\/news.google.com\/rss\/articles\/CBMinwFBVV95cUxNNDN6QXlXMVJjTWFBb3J6bExjNzIyWmk4SUs4TUNuaHRZazJmTk1CUEZnMUh1YXRVRjR1ZjI0b1RtNzVmdDFyQWFYTWtYREliNjg2TC1PbFJoVWYyN1c1MWhCT3RVSmgxTnhRUWs1YTRFWVNzOWVNRmlwS1ExQ0s4cmM3WW9lNXkyNzcyLU1kZzY0Y2MtZ2RkUTVRRE9sUVk?oc=5\" target=\"_blank\" rel=\"nofollow noopener\">PJ j\u00e1 deteve este ano 24 condenados e procurados pela Justi\u00e7a brasileira<\/a>&nbsp;&nbsp;Di\u00e1rio de Not\u00edcias<\/li>\n<li><a href=\"https:\/\/news.google.com\/rss\/articles\/CBMixgFBVV95cUxPdVRXRDRWVjRCMkNzTVRpVGdHREdKelJwRmVjdVgyUEZJUF9zd3NONmpjU0lwdFFQVDVJeFUyMF9hWDhlTmN4YlNmTXhRdkltTXBtOTVqam40cmRSOXFWRXpYeWpKZGlXZ3BXaHY1MXZubGVmSUxMMjdFWFY1YnhnUlA1eEtsZGpnbWx2WmZHa21SSTVVTklMcjBkT1FZWU9yVWpQY19EazhPcFJMZE9IUmM2Y3BuV2stY1B0bHNGVU9oSC1MVXfSAdQBQVVfeXFMUEFWYjJNQXNJdFZ1OUR3bTk0RkY1eVJBZEtORVJVLUxjLXptbjdsa041N1N0U2RuTjdIY29ickdRdl9Cb3pjY0pvVU5yUm5naUNUc1FlNFB0RVAwQXAwd2J5YXZidzJpb2piOEZZcGNybjFPX1RiYUtQVDFMWDl2R0VCZkprWDg0R0l3emZxbEd4WVNGRVpCSVNIUldpSmNQd1JGVHItaTZpX19YalhuU0xwOTRRU2E4ajExWllueEpCcmwwWS14Y2pOeko0SXc1cVctRkI?oc=5\" target=\"_blank\" rel=\"nofollow noopener\">Traficante brasileiro \u00e9 preso em condom\u00ednio de luxo em Portugal<\/a>&nbsp;&nbsp;O Globo<\/li>\n<li><a href=\"https:\/\/news.google.com\/rss\/articles\/CBMitAFBVV95cUxNZm9WalZWQ3hBbzdCbTBGN3B2U3B4RUM2dk1SLXR2OFo4bnZudy1TYUJkODdqaFJLMGxEUDExNi0yVGhUVThOMkc4Z0pOaDZqUDRiVzNDeGhJNnpWYk5IZ0x2amhXdnhhVDJNTGxldnV6U1VsNV9LZ0dhS0trV0Yxak9tU04zNHZCd0kwQ29GZ3dqQi1CMmRJU0U0dWJDVHo2NFoxa0FodWlsWHZNUm1JQ0xtMGzSAboBQVVfeXFMT1FRdHZRbU16N3lnVTExQV9wV3ByR3BJY1ZzOGd5MjBMSkFWdWNXd2FIeHQwMWZfS2p4OHZ6d0VSU01sRjJaS01aczJKODJyajJNWE1WelZqZG5KNnFoWEVXcDlPNW50UGdGTHJJVWd2VWktU3BWM0FXNUtoUHlLam5NMG4taGxMWmlqZVphcDJmYkZOblVndzZGTzZhYmt6cV9MZ1oxVFpmRjFySXVkdlNQbHE0VzY3VHFR?oc=5\" target=\"_blank\" rel=\"nofollow noopener\">Portugal prende l\u00edder do PCC suspeito de comandar fraude com metanol no Brasil<\/a>&nbsp;&nbsp;InfoMoney<\/li>\n<li><a href=\"https:\/\/news.google.com\/rss\/articles\/CBMipwFBVV95cUxPeHNpOUc0Q1FQdmYxODJXOWZmZlBmSVVqaE5hS2V6dWVQOFRobUcwbjdsSzJjQ2dseVh6azRxTDgyT0dONnJQa0VoVVp3MmhQS3psaFJZWVY4ekh4OUhaMmpLd1A0VWxQYmZiMkpWWnU5OWxlSm5kNFBkam1zYzdWbnBaU25MZzkzTXhwWXpJSXB4SjM4YmExTmNSQ1B0WFhTMG9UVDdSYw?oc=5\" target=\"_blank\" rel=\"nofollow noopener\">Quem \u00e9 Hulk, &#8220;c\u00e9rebro&#8221; operacional e financeiro do PCC preso na Europa<\/a>&nbsp;&nbsp;Metr\u00f3poles<\/li>\n<li><a href=\"https:\/\/news.google.com\/rss\/articles\/CBMiwAFBVV95cUxOZjJkUlJPQXhORE50YjRLVzNPbVZFU2ZGOW1VQ3pqcGRHclhhU3NxeERpYnRJTVlVWnNlWGx3WGZUem15V3NMR3BRWWpUWFVRc09mRGdCc2hHUHY2OWQ0MU8tOHdpS1dyaVJfRFRTUW56WWlwV1BGM3ZVVVFOU3lZYUVuWml1ZjRSOUVXMkdQQUxGUnhRT0lnVmpZOTBDbm9oU1ViVl9DVUp6SHd2cWtSbEIwRlpsd09SdmViVkFHWEo?oc=5\" target=\"_blank\" rel=\"nofollow noopener\">Traficante brasileiro ligado ao PCC que estava na lista da Interpol \u00e9 preso em Portugal com a mulher<\/a>&nbsp;&nbsp;Estad\u00e3o<\/li>\n<\/ol>\n","protected":false},"excerpt":{"rendered":"PJ j\u00e1 deteve este ano 24 condenados e procurados pela Justi\u00e7a brasileira&nbsp;&nbsp;Di\u00e1rio de Not\u00edcias Traficante brasileiro \u00e9 preso&hellip;\n","protected":false},"author":2,"featured_media":156488,"comment_status":"","ping_status":"","sticky":false,"template":"","format":"standard","meta":{"footnotes":""},"categories":[8],"tags":[27,28,604,33609,306,15,16,14,603,25,26,21,22,12,13,19,20,4107,32,24045,23,24,33,58,17,18,29,30,31],"class_list":{"0":"post-156487","1":"post","2":"type-post","3":"status-publish","4":"format-standard","5":"has-post-thumbnail","7":"category-principais-noticias","8":"tag-breaking-news","9":"tag-breakingnews","10":"tag-crime","11":"tag-detencoes","12":"tag-edicao-impressa","13":"tag-featured-news","14":"tag-featurednews","15":"tag-headlines","16":"tag-justica","17":"tag-latest-news","18":"tag-latestnews","19":"tag-main-news","20":"tag-mainnews","21":"tag-news","22":"tag-noticias","23":"tag-noticias-principais","24":"tag-noticiasprincipais","25":"tag-pj","26":"tag-portugal","27":"tag-primeiro-comando-da-capital","28":"tag-principais-noticias","29":"tag-principaisnoticias","30":"tag-pt","31":"tag-sociedade","32":"tag-top-stories","33":"tag-topstories","34":"tag-ultimas","35":"tag-ultimas-noticias","36":"tag-ultimasnoticias"},"share_on_mastodon":{"url":"https:\/\/pubeurope.com\/@pt\/115571066383898759","error":""},"_links":{"self":[{"href":"https:\/\/www.europesays.com\/pt\/wp-json\/wp\/v2\/posts\/156487","targetHints":{"allow":["GET"]}}],"collection":[{"href":"https:\/\/www.europesays.com\/pt\/wp-json\/wp\/v2\/posts"}],"about":[{"href":"https:\/\/www.europesays.com\/pt\/wp-json\/wp\/v2\/types\/post"}],"author":[{"embeddable":true,"href":"https:\/\/www.europesays.com\/pt\/wp-json\/wp\/v2\/users\/2"}],"replies":[{"embeddable":true,"href":"https:\/\/www.europesays.com\/pt\/wp-json\/wp\/v2\/comments?post=156487"}],"version-history":[{"count":0,"href":"https:\/\/www.europesays.com\/pt\/wp-json\/wp\/v2\/posts\/156487\/revisions"}],"wp:featuredmedia":[{"embeddable":true,"href":"https:\/\/www.europesays.com\/pt\/wp-json\/wp\/v2\/media\/156488"}],"wp:attachment":[{"href":"https:\/\/www.europesays.com\/pt\/wp-json\/wp\/v2\/media?parent=156487"}],"wp:term":[{"taxonomy":"category","embeddable":true,"href":"https:\/\/www.europesays.com\/pt\/wp-json\/wp\/v2\/categories?post=156487"},{"taxonomy":"post_tag","embeddable":true,"href":"https:\/\/www.europesays.com\/pt\/wp-json\/wp\/v2\/tags?post=156487"}],"curies":[{"name":"wp","href":"https:\/\/api.w.org\/{rel}","templated":true}]}}