{"id":156491,"date":"2025-11-18T14:04:19","date_gmt":"2025-11-18T14:04:19","guid":{"rendered":"https:\/\/www.europesays.com\/pt\/156491\/"},"modified":"2025-11-18T14:04:19","modified_gmt":"2025-11-18T14:04:19","slug":"liliana-lanca-farpa-a-dylan-e-marisa-susana-e-pedro-aconselham-ai-e-que-tu-perdes-secret-story","status":"publish","type":"post","link":"https:\/\/www.europesays.com\/pt\/156491\/","title":{"rendered":"Liliana lan\u00e7a farpa a Dylan e Marisa Susana e Pedro aconselham: \u00abA\u00ed \u00e9 que tu perdes\u00bb &#8211; Secret Story"},"content":{"rendered":"<p>No Secret Story 9, Liliana lan\u00e7ou uma farpa a Dylan, deixando o ambiente mais tenso. Marisa Susana e Pedro n\u00e3o tardaram a aconselh\u00e1-la, avisando-a de que \u00aba\u00ed \u00e9 que tu perdes\u00bb se continuar por esse caminho.<\/p>\n<p><strong>H\u00e1 um novo leque de nomeados. Estes s\u00e3o os concorrentes em risco de abandonar o programa no pr\u00f3ximo domingo. Vote para salvar o seu favorito:<\/strong><\/p>\n<p>ANA \u2013 761 20 20 01<br \/>F\u00c1BIO \u2013 761 20 20 08<br \/>IN\u00caS \u2013 761 20 20 10<br \/>LILIANA \u2013 761 20 20 14<br \/>MARISA SUSANA &#8211; 761 20 20 17<\/p>\n","protected":false},"excerpt":{"rendered":"No Secret Story 9, Liliana lan\u00e7ou uma farpa a Dylan, deixando o ambiente mais tenso. Marisa Susana e&hellip;\n","protected":false},"author":2,"featured_media":156492,"comment_status":"","ping_status":"","sticky":false,"template":"","format":"standard","meta":{"footnotes":""},"categories":[142],"tags":[19105,114,115,19033,19016,19034,32,33,151,19032],"class_list":{"0":"post-156491","1":"post","2":"type-post","3":"status-publish","4":"format-standard","5":"has-post-thumbnail","7":"category-tv","8":"tag-dylan","9":"tag-entertainment","10":"tag-entretenimento","11":"tag-galas-em-video","12":"tag-liliana","13":"tag-melhores-momentos-casa-dos-segredos","14":"tag-portugal","15":"tag-pt","16":"tag-tv","17":"tag-videos-secret-story-tvi"},"share_on_mastodon":{"url":"https:\/\/pubeurope.com\/@pt\/115571082127109152","error":""},"_links":{"self":[{"href":"https:\/\/www.europesays.com\/pt\/wp-json\/wp\/v2\/posts\/156491","targetHints":{"allow":["GET"]}}],"collection":[{"href":"https:\/\/www.europesays.com\/pt\/wp-json\/wp\/v2\/posts"}],"about":[{"href":"https:\/\/www.europesays.com\/pt\/wp-json\/wp\/v2\/types\/post"}],"author":[{"embeddable":true,"href":"https:\/\/www.europesays.com\/pt\/wp-json\/wp\/v2\/users\/2"}],"replies":[{"embeddable":true,"href":"https:\/\/www.europesays.com\/pt\/wp-json\/wp\/v2\/comments?post=156491"}],"version-history":[{"count":0,"href":"https:\/\/www.europesays.com\/pt\/wp-json\/wp\/v2\/posts\/156491\/revisions"}],"wp:featuredmedia":[{"embeddable":true,"href":"https:\/\/www.europesays.com\/pt\/wp-json\/wp\/v2\/media\/156492"}],"wp:attachment":[{"href":"https:\/\/www.europesays.com\/pt\/wp-json\/wp\/v2\/media?parent=156491"}],"wp:term":[{"taxonomy":"category","embeddable":true,"href":"https:\/\/www.europesays.com\/pt\/wp-json\/wp\/v2\/categories?post=156491"},{"taxonomy":"post_tag","embeddable":true,"href":"https:\/\/www.europesays.com\/pt\/wp-json\/wp\/v2\/tags?post=156491"}],"curies":[{"name":"wp","href":"https:\/\/api.w.org\/{rel}","templated":true}]}}