{"id":156493,"date":"2025-11-18T14:06:15","date_gmt":"2025-11-18T14:06:15","guid":{"rendered":"https:\/\/www.europesays.com\/pt\/156493\/"},"modified":"2025-11-18T14:06:15","modified_gmt":"2025-11-18T14:06:15","slug":"estava-bem-diante-dos-nossos-olhos-o-tempo-todo-esses-personagens-da-marvel-sao-na-verdade-a-mesma-pessoa-e-nem-mesmo-o-astro-percebeu-noticias-de-cinema","status":"publish","type":"post","link":"https:\/\/www.europesays.com\/pt\/156493\/","title":{"rendered":"Estava bem diante dos nossos olhos o tempo todo: Esses personagens da Marvel s\u00e3o, na verdade, a mesma pessoa \u2013 e nem mesmo o astro percebeu! &#8211; Not\u00edcias de cinema"},"content":{"rendered":"<p>Ele apareceu tanto em O Incr\u00edvel Hulk quanto nos filmes do Homem-Aranha com Tom Holland.<\/p>\n<p class=\"bo-p\">Embora a maioria dos atores do MCU apare\u00e7a em v\u00e1rios filmes ou s\u00e9ries, \u00e9 bastante incomum que interpretem personagens diferentes. No entanto, existem algumas exce\u00e7\u00f5es not\u00e1veis. <\/p>\n<p class=\"bo-p\">A vencedora do Oscar <a href=\"https:\/\/www.adorocinema.com\/personalidades\/personalidade-15189\/\" class=\"bo-link\" rel=\"nofollow noopener\" target=\"_blank\">Michelle Yeoh<\/a> (<a href=\"https:\/\/www.adorocinema.com\/filmes\/filme-270743\/\" class=\"bo-link\" rel=\"nofollow noopener\" target=\"_blank\">Tudo em Todo Lugar ao Mesmo Tempo<\/a>), por exemplo, aparece como Aleta Ogord em <a href=\"https:\/\/www.adorocinema.com\/filmes\/filme-226995\/\" class=\"bo-link\" rel=\"nofollow noopener\" target=\"_blank\">Guardi\u00f5es da Gal\u00e1xia Vol. 2<\/a>, mas tamb\u00e9m em <a href=\"https:\/\/www.adorocinema.com\/filmes\/filme-270144\/\" class=\"bo-link\" rel=\"nofollow noopener\" target=\"_blank\">Shang-Chi e a Lenda dos Dez An\u00e9is<\/a> como a Guardi\u00e3 Yang Nin. <a href=\"https:\/\/www.adorocinema.com\/personalidades\/personalidade-16021\/\" class=\"bo-link\" rel=\"nofollow noopener\" target=\"_blank\">Alfre Woodard<\/a>, por sua vez, interpretou Miriam Sharpe em <a href=\"https:\/\/www.adorocinema.com\/filmes\/filme-215143\/\" class=\"bo-link\" rel=\"nofollow noopener\" target=\"_blank\">Capit\u00e3o Am\u00e9rica: Guerra Civil<\/a> antes de assumir o papel de Mariah Dillard na s\u00e9rie <a href=\"https:\/\/www.adorocinema.com\/series\/serie-17051\/\" class=\"bo-link\" rel=\"nofollow noopener\" target=\"_blank\">Luke Cage<\/a>. E depois temos <a href=\"https:\/\/www.adorocinema.com\/personalidades\/personalidade-105003\/\" class=\"bo-link\" rel=\"nofollow noopener\" target=\"_blank\">Patton Oswalt<\/a>, que emprestou seu rosto aos irm\u00e3os Koenig, Eric, Sam, Thurston e Ernest, em <a href=\"https:\/\/www.adorocinema.com\/series\/serie-11400\/\" class=\"bo-link\" rel=\"nofollow noopener\" target=\"_blank\">Agents of S.H.I.E.L.D.<\/a> e, al\u00e9m disso, dublou Pip, o Troll, na cena p\u00f3s-cr\u00e9ditos de <a href=\"https:\/\/www.adorocinema.com\/filmes\/filme-136316\/\" class=\"bo-link\" rel=\"nofollow noopener\" target=\"_blank\">Eternos<\/a>. <\/p>\n<p>    <a class=\"cms-see-also\" data-title=\"Link relacionado\" href=\"https:\/\/www.adorocinema.com\/noticias\/filmes\/noticia-1000169948\/\" rel=\"nofollow noopener\" target=\"_blank\">Homem-Aranha 4: Novas fotos do set trazem de volta um vil\u00e3o esquecido \u2013 n\u00e3o o v\u00edamos h\u00e1 8 anos<\/a><br \/>\nDois pap\u00e9is, mas o mesmo personagem?! <\/p>\n<p class=\"bo-p\">Esse fen\u00f4meno tamb\u00e9m existe ao contr\u00e1rio: <a href=\"https:\/\/www.adorocinema.com\/personalidades\/personalidade-111573\/\" class=\"bo-link\" rel=\"nofollow noopener\" target=\"_blank\">Martin Starr<\/a> (<a href=\"https:\/\/www.adorocinema.com\/series\/serie-30890\/\" class=\"bo-link\" rel=\"nofollow noopener\" target=\"_blank\">Tulsa King<\/a>) fez sua estreia no MCU em 2008 em <a href=\"https:\/\/www.adorocinema.com\/filmes\/filme-114820\/\" class=\"bo-link\" rel=\"nofollow noopener\" target=\"_blank\">O Incr\u00edvel Hulk<\/a>. L\u00e1, ele interpretou um estudante universit\u00e1rio sem nome, creditado apenas como um &#8220;nerd de computador&#8221;, que concede a Bruce Banner (<a href=\"https:\/\/www.adorocinema.com\/personalidades\/personalidade-21625\/\" class=\"bo-link\" rel=\"nofollow noopener\" target=\"_blank\">Edward Norton<\/a>) acesso ao seu desktop em troca de pizza. Nove anos depois, ele reapareceu em <a href=\"https:\/\/www.adorocinema.com\/filmes\/filme-209778\/\" class=\"bo-link\" rel=\"nofollow noopener\" target=\"_blank\">Homem-Aranha: De Volta ao Lar<\/a>, desta vez como Roger Harrington, professor e treinador de Peter Parker (<a href=\"https:\/\/www.adorocinema.com\/personalidades\/personalidade-588862\/\" class=\"bo-link\" rel=\"nofollow noopener\" target=\"_blank\">Tom Holland<\/a>) no Decatlo Acad\u00eamico. <\/p>\n<p class=\"bo-p\">\u00c0 primeira vista, o nerd de computador e o professor do Homem-Aranha parecem personagens completamente diferentes \u2014 mas o chefe da Marvel, <a href=\"https:\/\/www.adorocinema.com\/personalidades\/personalidade-73152\/\" class=\"bo-link\" rel=\"nofollow noopener\" target=\"_blank\">Kevin Feige<\/a>, confirmou em uma postagem no Reddit que os dois s\u00e3o, na verdade, a mesma pessoa! <\/p>\n<p>                                <img loading=\"lazy\" decoding=\"async\" class=\"article-figure-img\" da=\"\" esq=\"\" para=\"\" dir:=\"\" martin=\"\" starrr=\"\" em=\"\" o=\"\" incr=\"\" hulk=\"\" e=\"\" homem-aranha:=\"\" de=\"\" volta=\"\" ao=\"\" lar=\"\" src=\"https:\/\/www.europesays.com\/pt\/wp-content\/uploads\/2025\/11\/bae1615b9e9575eaf0c4b1973a6f693e.jpg\" width=\"640\" height=\"320\" alt=\"Da esq para dir: Martin Starrr em O Incr\u00edvel Hulk e Homem-Aranha: De Volta ao Lar\"\/><\/p>\n<p>                                    Marvel Studios<\/p>\n<p>                    Da esq para dir: Martin Starrr em O Incr\u00edvel Hulk e Homem-Aranha: De Volta ao Lar<\/p>\n<p class=\"bo-p\">No entanto, \u00e9 question\u00e1vel se isso foi um plano elaborado desde o in\u00edcio \u2014 ou se Feige teve a ideia mais tarde, j\u00e1 que se encaixa em seu universo de quadrinhos, repleto de easter eggs e refer\u00eancias cruzadas. Starr, por sua vez, n\u00e3o fazia ideia de que estava interpretando apenas um papel da Marvel. Em entrevista \u00e0 <b>WIRED<\/b>, o ator declarou: <\/p>\n<p class=\"bo-p\">\u201cKevin Feige disse uma vez que os dois personagens est\u00e3o conectados, mas eu realmente n\u00e3o entendo como isso \u00e9 poss\u00edvel. Respeito a vis\u00e3o geral dele para o MCU, ent\u00e3o n\u00e3o vou discordar. Mas eu interpretei um entregador de pizza em Hulk e depois um professor, o Sr. Harrington, em Homem-Aranha\u201d. <\/p>\n<p class=\"bo-p\">Talvez nunca saibamos toda a verdade \u2014 claro, \u00e9 bem poss\u00edvel que o nerd de computador sem nome tamb\u00e9m tivesse o sobrenome Harrington. Mas seja como for: no Universo Cinematogr\u00e1fico da Marvel, Kevin Feige tem a palavra final! <\/p>\n","protected":false},"excerpt":{"rendered":"Ele apareceu tanto em O Incr\u00edvel Hulk quanto nos filmes do Homem-Aranha com Tom Holland. Embora a maioria&hellip;\n","protected":false},"author":2,"featured_media":156494,"comment_status":"","ping_status":"","sticky":false,"template":"","format":"standard","meta":{"footnotes":""},"categories":[140],"tags":[114,115,147,148,33610,146,32,33],"class_list":{"0":"post-156493","1":"post","2":"type-post","3":"status-publish","4":"format-standard","5":"has-post-thumbnail","7":"category-filmes","8":"tag-entertainment","9":"tag-entretenimento","10":"tag-film","11":"tag-filmes","12":"tag-martin_starr","13":"tag-movies","14":"tag-portugal","15":"tag-pt"},"share_on_mastodon":{"url":"https:\/\/pubeurope.com\/@pt\/115571090242370383","error":""},"_links":{"self":[{"href":"https:\/\/www.europesays.com\/pt\/wp-json\/wp\/v2\/posts\/156493","targetHints":{"allow":["GET"]}}],"collection":[{"href":"https:\/\/www.europesays.com\/pt\/wp-json\/wp\/v2\/posts"}],"about":[{"href":"https:\/\/www.europesays.com\/pt\/wp-json\/wp\/v2\/types\/post"}],"author":[{"embeddable":true,"href":"https:\/\/www.europesays.com\/pt\/wp-json\/wp\/v2\/users\/2"}],"replies":[{"embeddable":true,"href":"https:\/\/www.europesays.com\/pt\/wp-json\/wp\/v2\/comments?post=156493"}],"version-history":[{"count":0,"href":"https:\/\/www.europesays.com\/pt\/wp-json\/wp\/v2\/posts\/156493\/revisions"}],"wp:featuredmedia":[{"embeddable":true,"href":"https:\/\/www.europesays.com\/pt\/wp-json\/wp\/v2\/media\/156494"}],"wp:attachment":[{"href":"https:\/\/www.europesays.com\/pt\/wp-json\/wp\/v2\/media?parent=156493"}],"wp:term":[{"taxonomy":"category","embeddable":true,"href":"https:\/\/www.europesays.com\/pt\/wp-json\/wp\/v2\/categories?post=156493"},{"taxonomy":"post_tag","embeddable":true,"href":"https:\/\/www.europesays.com\/pt\/wp-json\/wp\/v2\/tags?post=156493"}],"curies":[{"name":"wp","href":"https:\/\/api.w.org\/{rel}","templated":true}]}}