{"id":156497,"date":"2025-11-18T14:09:32","date_gmt":"2025-11-18T14:09:32","guid":{"rendered":"https:\/\/www.europesays.com\/pt\/156497\/"},"modified":"2025-11-18T14:09:32","modified_gmt":"2025-11-18T14:09:32","slug":"catarina-furtado-encontrou-o-vestido-tendencia-deste-inverno-na-mango","status":"publish","type":"post","link":"https:\/\/www.europesays.com\/pt\/156497\/","title":{"rendered":"Catarina Furtado encontrou o vestido tend\u00eancia deste inverno na Mango?"},"content":{"rendered":"<p><a href=\"https:\/\/versa.iol.pt\/catarina-furtado\/tendencias\/catarina-furtado-adere-a-tendencia-do-momento-com-camisa-da-stradivarius\/20250825\/68ac2187d34e3f0baea1f255\" rel=\"nofollow noopener\" target=\"_blank\">Catarina Furtado \u00e9 sempre elogiada pelo seu estilo<\/a>. Quer esteja em palco, num evento ou em ocasi\u00f5es mais casuais, a apresentadora escolhe sempre pe\u00e7as elegantes, mas que seguem as mais recentes tend\u00eancias.\u00a0<\/p>\n<p>\u00c9, sem d\u00favida, o caso de um vestido que usou recentemente. Destaca-se por ser uma pe\u00e7a simples, mas com uma silhueta muito\u00a0lisonjeira e na cor tend\u00eancia: o castanho. \u00c9 uma cor muito outonal, o que faz com que seja mais popular nesta altura, mas o facto de <a href=\"https:\/\/versa.iol.pt\/moda\/pantone\/e-a-cor-do-ano-para-2025-e-amiga-da-tendencia-quiet-luxury\/20241205\/6751b9ebd34ea1acf271768e\" rel=\"nofollow noopener\" target=\"_blank\">o mocha mousse, um tom de castanho, ser a cor do ano, segundo a Pantone<\/a>, ajuda, claro.\u00a0<\/p>\n<p>  <img loading=\"lazy\" decoding=\"async\" alt=\"\" height=\"407\" src=\"https:\/\/www.europesays.com\/pt\/wp-content\/uploads\/2025\/11\/691ae992d34e2bd5c6d4145a.webp\" width=\"305\"\/> <\/p>\n<p>    Catarina Furtado | Fotografia: Instagram <\/p>\n<p>Para al\u00e9m disto, o vestido tem mangas compridas e gola, ou seja pode ser ideal para os dias mais frios, com um casaco por cima e <a href=\"https:\/\/versa.iol.pt\/kate-middleton\/rainha-camilla\/esquece-as-botas-da-kate-middleton-e-olha-para-as-da-rainha-camilla\/20251030\/69023147d34e58bc679772af\" rel=\"nofollow noopener\" target=\"_blank\">botas altas em camur\u00e7a<\/a>, por exemplo, um dos materiais mais cobi\u00e7ados da esta\u00e7\u00e3o.\u00a0<\/p>\n<p>Fomos procurar vestidos semelhantes e encontr\u00e1mos duas boas op\u00e7\u00f5es na Mango. O primeiro, um <a href=\"https:\/\/shop.mango.com\/pt\/pt\/p\/mulher\/vestidos-e-macacoes\/vestidos\/vestido-com-gola-drapeada-e-rufada_17047808\" target=\"_blank\" rel=\"nofollow noopener\">vestido com gola drapeada e rufada<\/a>, em castanho chocolate, custa \u20ac45,99. E o segundo, um <a href=\"https:\/\/shop.mango.com\/pt\/pt\/p\/mulher\/vestidos-e-macacoes\/vestidos\/vestisdo-de-malha-com-gola-perkins_17087799?c=32\" target=\"_blank\" rel=\"nofollow noopener\">vestido de malha com gola perkins<\/a>, exatamente na mesma cor e quase esgotado, est\u00e1 a \u20ac39,99.\u00a0<\/p>\n<p>Podes espreitar os dois e escolher o teu favorito na galeria de imagens. Boas compras!<\/p>\n","protected":false},"excerpt":{"rendered":"Catarina Furtado \u00e9 sempre elogiada pelo seu estilo. Quer esteja em palco, num evento ou em ocasi\u00f5es mais&hellip;\n","protected":false},"author":2,"featured_media":156498,"comment_status":"","ping_status":"","sticky":false,"template":"","format":"standard","meta":{"footnotes":""},"categories":[85],"tags":[1081,8178,204,114,115,754,186,5873,1079,32,33,1083,1078,1080],"class_list":{"0":"post-156497","1":"post","2":"type-post","3":"status-publish","4":"format-standard","5":"has-post-thumbnail","7":"category-entretenimento","8":"tag-beleza","9":"tag-catarina-furtado","10":"tag-design","11":"tag-entertainment","12":"tag-entretenimento","13":"tag-gastronomia","14":"tag-lifestyle","15":"tag-mango","16":"tag-moda","17":"tag-portugal","18":"tag-pt","19":"tag-tendencia","20":"tag-versa","21":"tag-viagens"},"share_on_mastodon":{"url":"https:\/\/pubeurope.com\/@pt\/115571102048312629","error":""},"_links":{"self":[{"href":"https:\/\/www.europesays.com\/pt\/wp-json\/wp\/v2\/posts\/156497","targetHints":{"allow":["GET"]}}],"collection":[{"href":"https:\/\/www.europesays.com\/pt\/wp-json\/wp\/v2\/posts"}],"about":[{"href":"https:\/\/www.europesays.com\/pt\/wp-json\/wp\/v2\/types\/post"}],"author":[{"embeddable":true,"href":"https:\/\/www.europesays.com\/pt\/wp-json\/wp\/v2\/users\/2"}],"replies":[{"embeddable":true,"href":"https:\/\/www.europesays.com\/pt\/wp-json\/wp\/v2\/comments?post=156497"}],"version-history":[{"count":0,"href":"https:\/\/www.europesays.com\/pt\/wp-json\/wp\/v2\/posts\/156497\/revisions"}],"wp:featuredmedia":[{"embeddable":true,"href":"https:\/\/www.europesays.com\/pt\/wp-json\/wp\/v2\/media\/156498"}],"wp:attachment":[{"href":"https:\/\/www.europesays.com\/pt\/wp-json\/wp\/v2\/media?parent=156497"}],"wp:term":[{"taxonomy":"category","embeddable":true,"href":"https:\/\/www.europesays.com\/pt\/wp-json\/wp\/v2\/categories?post=156497"},{"taxonomy":"post_tag","embeddable":true,"href":"https:\/\/www.europesays.com\/pt\/wp-json\/wp\/v2\/tags?post=156497"}],"curies":[{"name":"wp","href":"https:\/\/api.w.org\/{rel}","templated":true}]}}