{"id":156507,"date":"2025-11-18T14:18:31","date_gmt":"2025-11-18T14:18:31","guid":{"rendered":"https:\/\/www.europesays.com\/pt\/156507\/"},"modified":"2025-11-18T14:18:31","modified_gmt":"2025-11-18T14:18:31","slug":"goncalo-quinaz-sobre-concorrente-do-secret-story-9-e-a-pessoa-que-eu-quero-que-saia-tvi","status":"publish","type":"post","link":"https:\/\/www.europesays.com\/pt\/156507\/","title":{"rendered":"Gon\u00e7alo Quinaz sobre concorrente do \u00abSecret Story 9\u00bb: \u00ab\u00c9 a pessoa que eu quero que saia\u00bb &#8211; TVI"},"content":{"rendered":"<ol>\n<li><a href=\"https:\/\/news.google.com\/rss\/articles\/CBMi2gFBVV95cUxQWjBTbHFtMmJTa3pzZ2JHVXFqczRQb3VOY2JJVHg0eWg5RXZ1SnRROWdpUEV0ZjVaOFJWeHVzLTc5bEZnNmhKNXpRTzJFQ0xnc05velc3LXBxTXZxck16OEpXUl9MUUs3THQ0NkpTYTVNYXdVcXRoSnoxbzlUSW5Gd3ktRG1zai1FX3VXcU1UU3BDTFFzdS1lYkxlUEpSakdiRWpOMU1yMWJ0TzBITm9EaXoyQWt4SllwenJ4czFtdW9yTFFfNHJ3cEZtcFEzbmFlUDNKOGQ1aEM4UQ?oc=5\" target=\"_blank\" rel=\"nofollow noopener\">Gon\u00e7alo Quinaz sobre concorrente do \u00abSecret Story 9\u00bb: \u00ab\u00c9 a pessoa que eu quero que saia\u00bb<\/a>&nbsp;&nbsp;TVI<\/li>\n<li><a href=\"https:\/\/news.google.com\/rss\/articles\/CBMipwFBVV95cUxPcXlMc0lsNFNzT2JMVTliQmhKVXhqOXZLSFdZem9XaUNUMFVsZEljRDJwVE5WUm9QNzdRRkppci1uRVYwLUpUakI1My13OFBmNmVhb1h3b25pX0E1MU9EQWN4bE1vS1pjbzFKaURvVGRaUXltYTgyUzM1N21vNXpZLS1uSmxCbDQ0QnVhS3JKSDNDNGUzM3dCNjhJSE1LSkJvZ1h4WUlDUQ?oc=5\" target=\"_blank\" rel=\"nofollow noopener\">Secret Story. Ana Cristina foi expulsa. Ana e Dylan foram salvos e continuam em jogo<\/a>&nbsp;&nbsp;Hiper Fm<\/li>\n<li><a href=\"https:\/\/news.google.com\/rss\/articles\/CBMitwFBVV95cUxNVTk5QVppR0JTRlBkWHc2TDR1VXZIejU3SjVjcGpfVUk0aVRzU1NJM1p3ajQwSVVCRnBKV0xjSC00TUtqdWR6RWhaOHNGSFNKejZiMmpPb19BdjVDM3ZJSGNOZDRxM3UxNkhwNjlOMC11ZkRvbGFLdnVicExUZUZUSXFSYUVRby01MF9jUlZqV09rdFBXNGc3UnVIdkRDNmUzNVZCaV9jRGdHd3B5REFGd2tYNnQyOFU?oc=5\" target=\"_blank\" rel=\"nofollow noopener\">Casa dos Segredos: Surpresa! Este \u00e9 o concorrente expulso este domingo<\/a>&nbsp;&nbsp;SAPO<\/li>\n<li><a href=\"https:\/\/news.google.com\/rss\/articles\/CBMi0wFBVV95cUxPN2QzUERkU1lDdFZBNUlNZ2tCZVRDQ0QxUFQwc2xDbzBISkdCYkFzSkZCcV9Pd0p6MU9xc3pOckY5Y0QtLS1FMVN0TThBc2cxNkpud1NtbTdVa2pRZ2dfbWxad08zTlItc2dJam9ob0szNkhLTmp2aGlnOGF5MXRFb081dW5PNVZyUUxrV0ZSd3dmeDI5b3BaOFVNU0cwNHEwTF9tN2JYSkpBaWVjMjZqRnNlX24xdFVRY0VmT2Y1aFBKU2JHTFptZlVzRFI3YmY1RTBJ?oc=5\" target=\"_blank\" rel=\"nofollow noopener\">Ana Cristina anuncia que se vai propor a ser doadora de medula \u00f3ssea do filho de convidados do &#8216;Dois \u00e0s 10&#8217;<\/a>&nbsp;&nbsp;A Televis\u00e3o<\/li>\n<li><a href=\"https:\/\/news.google.com\/rss\/articles\/CBMi7gFBVV95cUxNN2hzQVZGaHFLcHB1RnNYVm5SZGxncnl4N3Bta3QwR0liaHBuY1ZrNEEtVlVfMmNfellyZ1Z0SUp6aHlUQkxFNDJWTkl6Z1ZjTXRfblo1MVRMVVlfXy1pcTBoV0xsUG9RbWNDdUtBLTlULWN5Rl9fQWI2MWtVYzJoQzAtYmdKWjZaNXMtVDlweHAxci1nbUc0RXRfd1NpWjlGN0c4QVU2QWVidTgyTjZCdExRQU02TkNDbTloRnQtWFhXQ1g3UFUxRVNsdUVxWGlBREdYNy1ZVTktU001UENhVDFwclkzRlRURTdUWmJB?oc=5\" target=\"_blank\" rel=\"nofollow noopener\">Ap\u00f3s sair do Secret Story, Ana Cristina faz revela\u00e7\u00f5es in\u00e9ditas sobre o seu segredo e anuncia desejo de ajudar Afonso: \u201cPode ser que consiga\u201d<\/a>&nbsp;&nbsp;infocul.pt<\/li>\n<\/ol>\n","protected":false},"excerpt":{"rendered":"Gon\u00e7alo Quinaz sobre concorrente do \u00abSecret Story 9\u00bb: \u00ab\u00c9 a pessoa que eu quero que saia\u00bb&nbsp;&nbsp;TVI Secret Story.&hellip;\n","protected":false},"author":2,"featured_media":156508,"comment_status":"","ping_status":"","sticky":false,"template":"","format":"standard","meta":{"footnotes":""},"categories":[142],"tags":[329,166,3412,3406,3409,801,3410,3411,3407,3408,114,115,7089,3413,338,32,33,16686,151],"class_list":{"0":"post-156507","1":"post","2":"type-post","3":"status-publish","4":"format-standard","5":"has-post-thumbnail","7":"category-tv","8":"tag-claudio-ramos","9":"tag-cristina-ferreira","10":"tag-dois-10","11":"tag-dois-a-s-10-dois-a-s-10","12":"tag-dois-a-s-dez","13":"tag-dois-as-10","14":"tag-dois-as-dez","15":"tag-dois-dez","16":"tag-doisas10","17":"tag-doisasdez","18":"tag-entertainment","19":"tag-entretenimento","20":"tag-goncalo-quinaz","21":"tag-manha-tvi","22":"tag-maria-botelho-moniz","23":"tag-portugal","24":"tag-pt","25":"tag-secret-story-9","26":"tag-tv"},"share_on_mastodon":{"url":"https:\/\/pubeurope.com\/@pt\/115571137155806672","error":""},"_links":{"self":[{"href":"https:\/\/www.europesays.com\/pt\/wp-json\/wp\/v2\/posts\/156507","targetHints":{"allow":["GET"]}}],"collection":[{"href":"https:\/\/www.europesays.com\/pt\/wp-json\/wp\/v2\/posts"}],"about":[{"href":"https:\/\/www.europesays.com\/pt\/wp-json\/wp\/v2\/types\/post"}],"author":[{"embeddable":true,"href":"https:\/\/www.europesays.com\/pt\/wp-json\/wp\/v2\/users\/2"}],"replies":[{"embeddable":true,"href":"https:\/\/www.europesays.com\/pt\/wp-json\/wp\/v2\/comments?post=156507"}],"version-history":[{"count":0,"href":"https:\/\/www.europesays.com\/pt\/wp-json\/wp\/v2\/posts\/156507\/revisions"}],"wp:featuredmedia":[{"embeddable":true,"href":"https:\/\/www.europesays.com\/pt\/wp-json\/wp\/v2\/media\/156508"}],"wp:attachment":[{"href":"https:\/\/www.europesays.com\/pt\/wp-json\/wp\/v2\/media?parent=156507"}],"wp:term":[{"taxonomy":"category","embeddable":true,"href":"https:\/\/www.europesays.com\/pt\/wp-json\/wp\/v2\/categories?post=156507"},{"taxonomy":"post_tag","embeddable":true,"href":"https:\/\/www.europesays.com\/pt\/wp-json\/wp\/v2\/tags?post=156507"}],"curies":[{"name":"wp","href":"https:\/\/api.w.org\/{rel}","templated":true}]}}