{"id":156509,"date":"2025-11-18T14:20:13","date_gmt":"2025-11-18T14:20:13","guid":{"rendered":"https:\/\/www.europesays.com\/pt\/156509\/"},"modified":"2025-11-18T14:20:13","modified_gmt":"2025-11-18T14:20:13","slug":"brasileiro-que-salvou-criancas-ganhara-filme-e-documentario","status":"publish","type":"post","link":"https:\/\/www.europesays.com\/pt\/156509\/","title":{"rendered":"Brasileiro que salvou crian\u00e7as ganhar\u00e1 filme e document\u00e1rio"},"content":{"rendered":"<p>O brasileiro Caio Ben\u00edcio, que impediu um ataque a crian\u00e7as em Dublin, <strong>ter\u00e1 sua hist\u00f3ria <\/strong><a href=\"https:\/\/marreta.pcdomanual.com\/p\/https:\/\/oglobo.globo.com\/play\/noticia\/2025\/11\/11\/historia-de-brasileiro-que-salvou-criancas-em-dublin-vai-virar-filme-e-documentario.ghtml\" rel=\"nofollow noopener\" target=\"_blank\"><strong>levada \u00e0s telas<\/strong><\/a><strong> em um filme e em um document\u00e1rio<\/strong>.\u00a0<\/p>\n<p>As produ\u00e7\u00f5es est\u00e3o a cargo da HDaniel Studio e da Modo Operante, que <strong>pretendem reconstruir o momento do ataque e os desdobramentos pessoais e pol\u00edticos do epis\u00f3dio<\/strong>.<\/p>\n<p>At\u00e9 o momento, <strong>os est\u00fadios n\u00e3o divulgaram uma data para o in\u00edcio das filmagens<\/strong> e nem para a estreia das produ\u00e7\u00f5es.<\/p>\n<p>O caso aconteceu em novembro de 2023. Caio trabalhava como entregador por aplicativo na capital irlandesa <strong>quando viu um homem <\/strong><a href=\"https:\/\/www.nsctotal.com.br\/noticias\/brasileiro-salva-criancas-na-irlanda-e-ganha-mais-de-r-19-milhoes-em-vaquinha\" rel=\"nofollow noopener\" target=\"_blank\"><strong>esfaqueando<\/strong><\/a><strong> uma menina de cinco anos<\/strong>.\u00a0<\/p>\n<p>Ele desceu da moto e usou seu capacete para atingir o agressor, <strong>ajudando a cont\u00ea-lo at\u00e9 a chegada da pol\u00edcia<\/strong>.\u00a0<\/p>\n<p>Outras quatro pessoas ficaram feridas, entre elas duas crian\u00e7as e uma mulher. <strong>A menina sobreviveu, embora em estado grave<\/strong>.<\/p>\n<p>O caso repercutiu no pa\u00eds, gerando como\u00e7\u00e3o nacional. O primeiro-ministro, Leo Varadkar, <strong>o <\/strong><a href=\"https:\/\/www.gazetadopovo.com.br\/mundo\/apos-receber-quase-r-2-mi-em-vaquinha-brasileiro-que-deteve-agressor-na-irlanda-oferece-valor-a-vitima-esfaqueada\/\" rel=\"nofollow noopener\" target=\"_blank\"><strong>homenageou<\/strong><\/a><strong> com uma medalha de honra por bravura<\/strong>.\u00a0<\/p>\n<p>Em paralelo, moradores da cidade organizaram uma vaquinha online <strong>que arrecadou mais de R$2 milh\u00f5es como forma de agradecimento<\/strong>.\u00a0<\/p>\n<p><strong>O brasileiro chegou a <\/strong><a href=\"https:\/\/oglobo.globo.com\/brasil\/noticia\/2023\/11\/28\/heroi-na-irlanda-brasileiro-que-deteve-ataque-ofereceu-dinheiro-de-vaquinha-para-crianca-esfaqueada.ghtml\" rel=\"nofollow noopener\" target=\"_blank\"><strong>oferecer<\/strong><\/a><strong> o valor \u00e0 fam\u00edlia da menina atacada<\/strong>, mas os pais recusaram, emocionados.<\/p>\n<ul role=\"list\">\n<li>Gostaria de receber as principais not\u00edcias do dia diretamente em seu E-mail, todos os dias e de gra\u00e7a? Assine o Resumo BP, a newsletter de jornalismo da Brasil Paralelo.<a href=\"https:\/\/go.brasilparalelo.com.br\/lead\/lead-portal-noticias-cadastro-resumo-bp?utm_source=portal\" rel=\"nofollow noopener\" target=\"_blank\"> Clique aqui e aproveite.<\/a><\/li>\n<\/ul>\n","protected":false},"excerpt":{"rendered":"O brasileiro Caio Ben\u00edcio, que impediu um ataque a crian\u00e7as em Dublin, ter\u00e1 sua hist\u00f3ria levada \u00e0s telas&hellip;\n","protected":false},"author":2,"featured_media":156510,"comment_status":"","ping_status":"","sticky":false,"template":"","format":"standard","meta":{"footnotes":""},"categories":[140],"tags":[114,115,147,148,146,32,33],"class_list":{"0":"post-156509","1":"post","2":"type-post","3":"status-publish","4":"format-standard","5":"has-post-thumbnail","7":"category-filmes","8":"tag-entertainment","9":"tag-entretenimento","10":"tag-film","11":"tag-filmes","12":"tag-movies","13":"tag-portugal","14":"tag-pt"},"share_on_mastodon":{"url":"https:\/\/pubeurope.com\/@pt\/115571145114958210","error":""},"_links":{"self":[{"href":"https:\/\/www.europesays.com\/pt\/wp-json\/wp\/v2\/posts\/156509","targetHints":{"allow":["GET"]}}],"collection":[{"href":"https:\/\/www.europesays.com\/pt\/wp-json\/wp\/v2\/posts"}],"about":[{"href":"https:\/\/www.europesays.com\/pt\/wp-json\/wp\/v2\/types\/post"}],"author":[{"embeddable":true,"href":"https:\/\/www.europesays.com\/pt\/wp-json\/wp\/v2\/users\/2"}],"replies":[{"embeddable":true,"href":"https:\/\/www.europesays.com\/pt\/wp-json\/wp\/v2\/comments?post=156509"}],"version-history":[{"count":0,"href":"https:\/\/www.europesays.com\/pt\/wp-json\/wp\/v2\/posts\/156509\/revisions"}],"wp:featuredmedia":[{"embeddable":true,"href":"https:\/\/www.europesays.com\/pt\/wp-json\/wp\/v2\/media\/156510"}],"wp:attachment":[{"href":"https:\/\/www.europesays.com\/pt\/wp-json\/wp\/v2\/media?parent=156509"}],"wp:term":[{"taxonomy":"category","embeddable":true,"href":"https:\/\/www.europesays.com\/pt\/wp-json\/wp\/v2\/categories?post=156509"},{"taxonomy":"post_tag","embeddable":true,"href":"https:\/\/www.europesays.com\/pt\/wp-json\/wp\/v2\/tags?post=156509"}],"curies":[{"name":"wp","href":"https:\/\/api.w.org\/{rel}","templated":true}]}}