{"id":156521,"date":"2025-11-18T14:34:08","date_gmt":"2025-11-18T14:34:08","guid":{"rendered":"https:\/\/www.europesays.com\/pt\/156521\/"},"modified":"2025-11-18T14:34:08","modified_gmt":"2025-11-18T14:34:08","slug":"caiu-rede-x-fica-fora-do-ar-na-manha-desta-terca-feira-18-portal-ig","status":"publish","type":"post","link":"https:\/\/www.europesays.com\/pt\/156521\/","title":{"rendered":"Caiu? Rede X fica fora do ar na manh\u00e3 desta ter\u00e7a-feira (18) &#8211; Portal iG"},"content":{"rendered":"<ol>\n<li><a href=\"https:\/\/news.google.com\/rss\/articles\/CBMipgFBVV95cUxQN1hteHREWlV2ZGxoZXBWUGxTUjRPMElaRl90WGh0My1fa1Y1NGh4TTUtYU8za3MyNVZzV0hqQ3ktSi1QR0F3aWdVVUFEbWxUYU9SRVZ1S2YwTWpBS1lpelI5dW9KRDZDTTFXLUhsRklnNHJ0T1gzaVBOalI4LURPU1JyaE9zMDVYclhRNDROWVBIOEI4YW9ZTjNKVUFxbHprU0xXRWtB0gGrAUFVX3lxTE5SUmxhS0Z6R2VTMDlZMW9Dd2F2QlZUdk5QdzhwM3V2ZzM2LTE4R3dMTTZ0Qk9WVWNXVEhnRldYYVgzMW8xU2pZNkVMREZoMlFXcUNyUjh6cElVVzYyV2dkUnVOV2s4cFJTR0VOb29mUG11TWlUR2ZIUU1QdlR4amJfTzJWWU44Y3BBcUJYN0c1T1N4enNzNnFZRjZ3V3gwOGV5TTBPSUx3WlRaVQ?oc=5\" target=\"_blank\" rel=\"nofollow noopener\">Caiu? Rede X fica fora do ar na manh\u00e3 desta ter\u00e7a-feira (18)<\/a>&nbsp;&nbsp;Portal iG<\/li>\n<li><a href=\"https:\/\/news.google.com\/rss\/articles\/CBMiugFBVV95cUxQUUJMWUVXbDkzbFotejVuc3ItWHA5aW5PcFZleDhpbHBKMElyMEdpNDFfMF9heG9paUJWZ1RaRVZreVdWemVXTTNyTkczWlEtWmZfbUZiNVNjeGVFM3ZtdVBGYTBOeDZZbk43RGdwZGlkUzZUV1d2MGFuSzVrMk1mRGhQakVQVHdEcERERjR2alBSYVRmWi1uTlRIb28yVTUwZmNhRlJPVVRfMEdSQXZBcy1tX0VmY0I3dkHSAcgBQVVfeXFMTmpsZGxqZjJWUnhQQVNrMmJWSW9rYU9wRHRqRWp0TUZMNkszZ2Z4TkxyVEVoX3A1UVB4QnVVQk96UmVuNmQ5WDAteUxVeVpTQjVWR3hvZFUtdWM4V01BZWV6cDdXaFllYzRZT1hvemdsR2xMZ0NCTmRBY3N3b2ZRamV2Uy0wTkxrWGFCcUU0cDN4ZkVMRHJGYTA4ZmE1VFVOdE9NWGFiUmlya0R0a0pHNEJvaXJzUGJ0MDR2dXB4TVBSeUdkQXU1Xzc?oc=5\" target=\"_blank\" rel=\"nofollow noopener\">X, ChatGPT e Cloudflare t\u00eam instabilidade na manh\u00e3 desta ter\u00e7a<\/a>&nbsp;&nbsp;G1<\/li>\n<li><a href=\"https:\/\/news.google.com\/rss\/articles\/CBMi9gFBVV95cUxOTUhRNF9RbDBXRWZqQXlIdUJWVTdXT3JQbThSd05fSm9zU3dLYWt6S0NrSTZJdGR4WXcyaXdtUjd4cjFsa3E4UWd5ejlsMmt2cWZQZDF3SzFHM2VBRWpvTmhNYVhCaVpJcnN0WDM4Wlc3ZmNjU01PbjJiSDdLZUxqc2ZhelktazZYVUVXQkRLN0VLQldEVU1QVVZIVWUzRG52cjR0TGwzb2pqZkFOei1pcFcwbDJSZmY4UkRsTnhTM2dFVlFadnoxYzdHWnd6MDdfVnROcVRVNmxjWk5qRTZtdjhDMTNwcnZobEg4TVNSWFA1N0RqdGc?oc=5\" target=\"_blank\" rel=\"nofollow noopener\">ChatGPT, Uber, X e mais: os sites e aplicativos afetados pela queda do Cloudflare<\/a>&nbsp;&nbsp;GZH<\/li>\n<li><a href=\"https:\/\/news.google.com\/rss\/articles\/CBMixgFBVV95cUxQaTV2cXlGMm9QdktibkhKWE1iTVUzbVVPVEZJa3ZTaTRLdVdILUptLU5vUXBJMm5TUHBmbmNKVktINHRISVBtbDY0Q3ZWRkVvNlUxOU54WVpUaTZfSHNaZmh4Z1lVSDN6d09KZTNYNkVkdDdXeXhLaG85U2FoU21TQ0I0dmYweFVuR3gyRlZNUDNnc2hyZ0VndVBDWm9GckdqT2tEQkd4c1dlaEdIejRNemE1Q3ZuYkZDRWtlQ1hOU2F1SUhKSEE?oc=5\" target=\"_blank\" rel=\"nofollow noopener\">Entenda como a queda do Cloudflare derrubou parte da internet nesta ter\u00e7a-feira<\/a>&nbsp;&nbsp;R7<\/li>\n<li><a href=\"https:\/\/news.google.com\/rss\/articles\/CBMi1AFBVV95cUxOd3lOUTlUaXg0QnNvT2dPMm9TVFZqRGFwdzdQVXBBWXNyWEgyOWwzZ2V6OVA3bXhQZERSWXI0b2hlRk1ETnIzVEktYmpaYU55SnBYTXJqbTFYc212SHVrczhBR0NMN09YVy1Sa3c4RXk1WWNIMldsVEh1TkFUdFRQUFM4OTNCcjFILVpYZy12Um53TDRpQXdjaTdyQlJISEVSdXRQbk1kV1BWUmNUSXBhaTZIN3EtX3JZQWRBSmc0TjU0bjQxN3VXUkFBMEpkV1NOZEpkOA?oc=5\" target=\"_blank\" rel=\"nofollow noopener\">Falha na Cloudflare: partes da internet est\u00e3o fora do ar nesta ter\u00e7a-feira<\/a>&nbsp;&nbsp;Olhar Digital<\/li>\n<\/ol>\n","protected":false},"excerpt":{"rendered":"Caiu? Rede X fica fora do ar na manh\u00e3 desta ter\u00e7a-feira (18)&nbsp;&nbsp;Portal iG X, ChatGPT e Cloudflare t\u00eam&hellip;\n","protected":false},"author":2,"featured_media":156522,"comment_status":"","ping_status":"","sticky":false,"template":"","format":"standard","meta":{"footnotes":""},"categories":[142],"tags":[114,115,33612,25278,32,33,9414,33611,151,3664],"class_list":{"0":"post-156521","1":"post","2":"type-post","3":"status-publish","4":"format-standard","5":"has-post-thumbnail","7":"category-tv","8":"tag-entertainment","9":"tag-entretenimento","10":"tag-fora-do-ar","11":"tag-instabilidade","12":"tag-portugal","13":"tag-pt","14":"tag-queda","15":"tag-rede-x","16":"tag-tv","17":"tag-twitter"},"share_on_mastodon":{"url":"https:\/\/pubeurope.com\/@pt\/115571200071376083","error":""},"_links":{"self":[{"href":"https:\/\/www.europesays.com\/pt\/wp-json\/wp\/v2\/posts\/156521","targetHints":{"allow":["GET"]}}],"collection":[{"href":"https:\/\/www.europesays.com\/pt\/wp-json\/wp\/v2\/posts"}],"about":[{"href":"https:\/\/www.europesays.com\/pt\/wp-json\/wp\/v2\/types\/post"}],"author":[{"embeddable":true,"href":"https:\/\/www.europesays.com\/pt\/wp-json\/wp\/v2\/users\/2"}],"replies":[{"embeddable":true,"href":"https:\/\/www.europesays.com\/pt\/wp-json\/wp\/v2\/comments?post=156521"}],"version-history":[{"count":0,"href":"https:\/\/www.europesays.com\/pt\/wp-json\/wp\/v2\/posts\/156521\/revisions"}],"wp:featuredmedia":[{"embeddable":true,"href":"https:\/\/www.europesays.com\/pt\/wp-json\/wp\/v2\/media\/156522"}],"wp:attachment":[{"href":"https:\/\/www.europesays.com\/pt\/wp-json\/wp\/v2\/media?parent=156521"}],"wp:term":[{"taxonomy":"category","embeddable":true,"href":"https:\/\/www.europesays.com\/pt\/wp-json\/wp\/v2\/categories?post=156521"},{"taxonomy":"post_tag","embeddable":true,"href":"https:\/\/www.europesays.com\/pt\/wp-json\/wp\/v2\/tags?post=156521"}],"curies":[{"name":"wp","href":"https:\/\/api.w.org\/{rel}","templated":true}]}}