{"id":156523,"date":"2025-11-18T14:36:12","date_gmt":"2025-11-18T14:36:12","guid":{"rendered":"https:\/\/www.europesays.com\/pt\/156523\/"},"modified":"2025-11-18T14:36:12","modified_gmt":"2025-11-18T14:36:12","slug":"ja-e-natal-no-globoplay-confira-filmes-tematicos-que-estreiam-na-plataforma-nesta-semana-gshow","status":"publish","type":"post","link":"https:\/\/www.europesays.com\/pt\/156523\/","title":{"rendered":"J\u00e1 \u00e9 Natal no Globoplay: confira filmes tem\u00e1ticos que estreiam na plataforma nesta semana &#8211; Gshow"},"content":{"rendered":"<ol>\n<li><a href=\"https:\/\/news.google.com\/rss\/articles\/CBMi0gFBVV95cUxPNEV5cFlRb3N4X1FQLUhjNVVYWEF6N3VHcmRQVG04VVdFWWtXQWxQX0otR2M3SHlhMU9HSWVtZF9iQjNYd2pHV0JrRWFKdUg2YUMxYXkxcFMtNFNIZkZQcWVOX2dmMDZwbGNaU25pYThCakxLSFNVb3JIQ1ZvV2Z6M3VtSjVwV2JEREhwX1pfdlVqVlJkMi1DdVN3UGVUckphbkROV2twejZEME15czNnZzdza0tLZ1huZnYzYmVaZk9ld1l4bFUwaG14SFpSOXhaQ1HSAeABQVVfeXFMTnF1R19zOFU3QzBjZHZPdE9XTDhiakJ6b0NSeW90d2tuLXJIYUZaUndNSEZ3TmR2Ti14NWZCdkZOODg5Q2Jjc2RuRFZFelpNRzdGNWtJVk1PQmxqWG5XeHUxUEMzdnllZ2pxYUpUYXRCY1lKRVJtOWFNX2piTVZwR3J0dkJVSXd3eVhNTFNWeHhWUGVPekFtYkkwekMwYnROM09mNERUY3dqdGRIRXg0R3JNa2tDY0M1dFNKTEl2UmVWakFsLVdkOXJnYlRua3dZeHo1WXcyblpGWGVfZlJYOUk?oc=5\" target=\"_blank\" rel=\"nofollow noopener\">J\u00e1 \u00e9 Natal no Globoplay: confira filmes tem\u00e1ticos que estreiam na plataforma nesta semana<\/a>&nbsp;&nbsp;Gshow<\/li>\n<li><a href=\"https:\/\/news.google.com\/rss\/articles\/CBMi8gFBVV95cUxOSmFHVGdOajMtVlpLXy0tanJfWUZQdnVCRDhHcGp0Y0JUbkE4S2h3Wk1IbmtRZm0zQzRQR0lqdWJkZFFHWXN1dWp5MmJUNy12bllMMWxMQ21fM0RnWFZ3eTFUMFYxWjNPeVRNYkM5dm1vbFNPY0JfdW92Sk43ZjdGbXNSc05jTnFlUFVnNksxMmRYNkNFeTVIcC0wNDB4WUYwYkUtc2VxNkNPVm5RZkV1OUNpeTZkRFVITUJvWFM2RmdpUHliRW1oWU15WS03SGhUNHIyMVBWMllfZ3pFSGUzSHhwVjVMTzRaVGVMWk1NS0hhUdIBgAJBVV95cUxNS3ZDSE1zeVFpc004NFhUVkdkM1pWR0xDakRSVjJlVmN5eXRCWlFHTlEzWlpIT19TUWxSYV9nYzQ5azZWNWxSdG81UlkwN0hwVnlBdklvbHk0a0RDR3RZaVlBUlVQaUNha0ZKcG1xaWVRXzR6OHFXY0p2T2k1aEtoc0FsUHY3TVJQcGxMU1RWNW5sMHVYSGhRdmlCMjlLT0ZTMmdaNnRBVmNRdEgyWFpBb2UyclBIV1FEc0txMXNteHlNemZoRF82Rko5Z2NRWkV5XzJPc1VYUi1WQlk0NmllZXRTZlFJQVVEMzhsYnNnS245U0FRbUV2cFBiMVdJYldC?oc=5\" target=\"_blank\" rel=\"nofollow noopener\">Jornalista da Globo relembra situa\u00e7\u00e3o inusitada em casamento de Neguinho da Beija-Flor em plena Sapuca\u00ed<\/a>&nbsp;&nbsp;Extra online<\/li>\n<li><a href=\"https:\/\/news.google.com\/rss\/articles\/CBMi_wFBVV95cUxNVWpuZzVaaDNvQ3gxb1pYTTU4RDZPNWx4VVpDdEdScVZSXzY3ME9rWVRlMnpSV3kxdGFYU2pPV1pWVG9ZdkxWUXRzdEI3bHRSZVdjUE55RnpqTVc5bV9PUWR0Rml5UlR4eUEyX3pnX2s1SXpzbUFRekVvb0NiMC14UjhvUVptTGRJZk5NZ1dCSk1GUTRoajdTZ1JzdnJiYURscGFuNXN2WkhyLXU0MFFXSVhPczA1NS1PUThsUkQxN1Foc1JmOG93YnJfQ0cwS2Y5RGVTMUVzR3dnRFM3dnFVLXYtcGlrZ29RWmNVM1IzaHppSXJmOHBhdUtBN0dWUnPSAY4CQVVfeXFMTWswWXIzY09tQnhVVDlZOGZ3SEE2OWhERmVCRW5KNWtpN1hsMkFrM192eVJzR0ZsRW9PLXJTTUdub3RfR2tYYU0tblZNa05BRDJxbko0RmtrdkUzQzltc3NIUF94MENsZzlHZ2dERUVlbktDMFJGYVpUeS0ya1FzZmFjSGtFLVVCVmZLZld1NU5tTFBIV1NhalB6bnpLa1NjZmRVbDNQUUFwWXRlZldkVnRUY0ExY3ZxTXVTSlBQRkdCWTFBZTBwdE92U094QUlzdzRPVjZNUFVVSG5ObTUtem9vaUdpRElkNGhGV1RtM0Rtc0t5UlpOd3hmVktwcl81TW9WTEhHRlg4QXhPTmxB?oc=5\" target=\"_blank\" rel=\"nofollow noopener\">Neguinho da Beija-Flor fala sobre poss\u00edvel candidatura ao Senado pelo Rio: &#8216;Meu neg\u00f3cio \u00e9 compor e cantar samba&#8217;<\/a>&nbsp;&nbsp;Extra online<\/li>\n<li><a href=\"https:\/\/news.google.com\/rss\/articles\/CBMimgFBVV95cUxPWTZNemxhdGVWZXlVQXg5MVUwR3VkZ1QyU3p0ZlhjN2JHUmZCZUZRdnpwM2NRZmxPci1xREVER3M2UHl2N3J3RVdtVHRRSXE4bjdHcVBYdHBuRU5ScVhzWkR2SU03RzhFc1dWenMyenZmMUhyX041V2lZRW9wTEhCbTk4MmxnOUdQSFYxQkxkZ1IxQlNTeTlneTJB?oc=5\" target=\"_blank\" rel=\"nofollow noopener\">Zeca Pagodinho fala sobre amizade com Neguinho da Beija-flor<\/a>&nbsp;&nbsp;CARAS Brasil<\/li>\n<li><a href=\"https:\/\/news.google.com\/rss\/articles\/CBMiswFBVV95cUxNTXlfMXZUZTBNMzRLSHNGMDBvRzM3UjNtVzltOU90a2ZFZm16YW5rSUwzdENuM1FHN3YxbUpRRXYtR2lXZGlRRHVwa3JrMS14RUJRZ2YwQk5kWU9LYnJ5VGJSaUhKYVdSYl9tSFhPWUJqN1QwaXV1YXU5QlBaQ3BPOGV5eERYejRlY0dXbnRCeU16UC1fMGh3Z0pCWnFKT25kU2M3eEluM1NVU3daZnE5WGhiUdIBuAFBVV95cUxNRzZydzRRVGg5bGJRZ0RJUHB5ckt5dThvajZ6Ny1fcXBYdEdPTEQ2Z3FpOWVRcV84Z3AyVGxOT2VmMm1RUUZHSWRTMzRRWnIyN28xUEI0ZlQtblhGQ3hjM0RXdVVVLXNrb0N0ZG9GalFndFc0QjBQNmN5UjZpNGdsMU5hMTJtdV9IdERmOHhpOWoyZUs0cHVmQk01d18yZGFoMmlrWklPQ2hSd0hocVJ3OGE1bVZmUWdB?oc=5\" target=\"_blank\" rel=\"nofollow noopener\">Hist\u00f3ria de Neguinho da Beija Flor vai virar document\u00e1rio<\/a>&nbsp;&nbsp;Imirante.com<\/li>\n<\/ol>\n","protected":false},"excerpt":{"rendered":"J\u00e1 \u00e9 Natal no Globoplay: confira filmes tem\u00e1ticos que estreiam na plataforma nesta semana&nbsp;&nbsp;Gshow Jornalista da Globo relembra&hellip;\n","protected":false},"author":2,"featured_media":156524,"comment_status":"","ping_status":"","sticky":false,"template":"","format":"standard","meta":{"footnotes":""},"categories":[140],"tags":[114,115,147,148,146,32,33],"class_list":{"0":"post-156523","1":"post","2":"type-post","3":"status-publish","4":"format-standard","5":"has-post-thumbnail","7":"category-filmes","8":"tag-entertainment","9":"tag-entretenimento","10":"tag-film","11":"tag-filmes","12":"tag-movies","13":"tag-portugal","14":"tag-pt"},"share_on_mastodon":{"url":"https:\/\/pubeurope.com\/@pt\/115571208009277669","error":""},"_links":{"self":[{"href":"https:\/\/www.europesays.com\/pt\/wp-json\/wp\/v2\/posts\/156523","targetHints":{"allow":["GET"]}}],"collection":[{"href":"https:\/\/www.europesays.com\/pt\/wp-json\/wp\/v2\/posts"}],"about":[{"href":"https:\/\/www.europesays.com\/pt\/wp-json\/wp\/v2\/types\/post"}],"author":[{"embeddable":true,"href":"https:\/\/www.europesays.com\/pt\/wp-json\/wp\/v2\/users\/2"}],"replies":[{"embeddable":true,"href":"https:\/\/www.europesays.com\/pt\/wp-json\/wp\/v2\/comments?post=156523"}],"version-history":[{"count":0,"href":"https:\/\/www.europesays.com\/pt\/wp-json\/wp\/v2\/posts\/156523\/revisions"}],"wp:featuredmedia":[{"embeddable":true,"href":"https:\/\/www.europesays.com\/pt\/wp-json\/wp\/v2\/media\/156524"}],"wp:attachment":[{"href":"https:\/\/www.europesays.com\/pt\/wp-json\/wp\/v2\/media?parent=156523"}],"wp:term":[{"taxonomy":"category","embeddable":true,"href":"https:\/\/www.europesays.com\/pt\/wp-json\/wp\/v2\/categories?post=156523"},{"taxonomy":"post_tag","embeddable":true,"href":"https:\/\/www.europesays.com\/pt\/wp-json\/wp\/v2\/tags?post=156523"}],"curies":[{"name":"wp","href":"https:\/\/api.w.org\/{rel}","templated":true}]}}