{"id":156537,"date":"2025-11-18T14:50:20","date_gmt":"2025-11-18T14:50:20","guid":{"rendered":"https:\/\/www.europesays.com\/pt\/156537\/"},"modified":"2025-11-18T14:50:20","modified_gmt":"2025-11-18T14:50:20","slug":"invocacao-do-mal-4-ganha-data-de-estreia-na-hbo-max-confira-o-trailer","status":"publish","type":"post","link":"https:\/\/www.europesays.com\/pt\/156537\/","title":{"rendered":"&#8216;Invoca\u00e7\u00e3o do Mal 4&#8217; ganha data de estreia na HBO Max; Confira o trailer!"},"content":{"rendered":"<p>A <strong>HBO Max<\/strong> finalmente anunciou quando o terror \u2018<strong><a href=\"https:\/\/cinepop.com.br\/tag\/invocacao-do-mal\/\" title=\"Invoca\u00e7\u00e3o do Mal\" rel=\"nofollow noopener\" target=\"_blank\">Invoca\u00e7\u00e3o do Mal<\/a> 4: O \u00daltimo Ritual<\/strong>\u2018 ser\u00e1 lan\u00e7ado em seu cat\u00e1logo brasileiro.<\/p>\n<p>O longa chegar\u00e1 ao servi\u00e7o de streaming no <strong>dia 21 de novembro<\/strong>.<\/p>\n<p>Com quase <strong>US$ 500 milh\u00f5es<\/strong> arrecadados mundialmente, o quarto cap\u00edtulo da ic\u00f4nica franquia se tornou o maior filme de terror de 2025, superando a <a href=\"https:\/\/cinepop.com.br\/tag\/bilheteria\/\" title=\"bilheteria\" rel=\"nofollow noopener\" target=\"_blank\">bilheteria<\/a> total de \u2018<strong>Premoni\u00e7\u00e3o 6: La\u00e7os de Sangue<\/strong>\u2018 (US$310.4M) e \u2018<strong>Pecadores<\/strong>\u2018 (US$367.8M).<\/p>\n<p><strong><a href=\"https:\/\/cinepop.com.br\/invocacao-do-mal-ranqueamos-todos-os-filmes-da-iconica-saga-de-terror-incluindo-o-ultimo-ritual-691393\/\" rel=\"nofollow noopener\" target=\"_blank\">Invoca\u00e7\u00e3o do Mal | Ranqueamos TODOS os filmes da ic\u00f4nica saga de terror, incluindo \u2018O \u00daltimo Ritual\u2019<\/a><\/strong><\/p>\n<p>Confira o trailer e siga o <a href=\"https:\/\/www.youtube.com\/@cinepop\" rel=\"nofollow noopener\" target=\"_blank\"><strong>CinePOP no YouTube<\/strong><\/a>:<\/p>\n<p>Neste \u00faltimo cap\u00edtulo, os Warren enfrentam mais um caso aterrorizante, desta vez envolvendo entidades misteriosas que desafiam sua experi\u00eancia. Ed e Lorraine se veem obrigados a encarar seus maiores medos, colocando suas vidas em risco em uma batalha final contra for\u00e7as malignas. O filme promete encerrar a hist\u00f3ria dos investigadores com suspense e momentos de tens\u00e3o, consolidando a franquia como uma das mais populares do g\u00eanero. Al\u00e9m dos sustos, o longa tamb\u00e9m explora o relacionamento do casal, mostrando sua for\u00e7a emocional diante das adversidades.<\/p>\n","protected":false},"excerpt":{"rendered":"A HBO Max finalmente anunciou quando o terror \u2018Invoca\u00e7\u00e3o do Mal 4: O \u00daltimo Ritual\u2018 ser\u00e1 lan\u00e7ado em&hellip;\n","protected":false},"author":2,"featured_media":62426,"comment_status":"","ping_status":"","sticky":false,"template":"","format":"standard","meta":{"footnotes":""},"categories":[140],"tags":[17379,17380,17381,17382,9276,13514,17383,114,115,3639,147,148,17384,17385,4727,17386,146,32,33,17387],"class_list":{"0":"post-156537","1":"post","2":"type-post","3":"status-publish","4":"format-standard","5":"has-post-thumbnail","7":"category-filmes","8":"tag-a-freira","9":"tag-a-freira-2","10":"tag-a-maldicao-da-floresta","11":"tag-akela-cooper","12":"tag-bilheteria","13":"tag-bilheteria-eua","14":"tag-corin-hardy","15":"tag-entertainment","16":"tag-entretenimento","17":"tag-featured","18":"tag-film","19":"tag-filmes","20":"tag-invocacao-do-mal","21":"tag-invocacao-do-mal-2","22":"tag-invocacao-do-mal-4-o-ultimo-ritual","23":"tag-michael-chaves","24":"tag-movies","25":"tag-portugal","26":"tag-pt","27":"tag-taissa-farmiga"},"share_on_mastodon":{"url":"https:\/\/pubeurope.com\/@pt\/115571263156921768","error":""},"_links":{"self":[{"href":"https:\/\/www.europesays.com\/pt\/wp-json\/wp\/v2\/posts\/156537","targetHints":{"allow":["GET"]}}],"collection":[{"href":"https:\/\/www.europesays.com\/pt\/wp-json\/wp\/v2\/posts"}],"about":[{"href":"https:\/\/www.europesays.com\/pt\/wp-json\/wp\/v2\/types\/post"}],"author":[{"embeddable":true,"href":"https:\/\/www.europesays.com\/pt\/wp-json\/wp\/v2\/users\/2"}],"replies":[{"embeddable":true,"href":"https:\/\/www.europesays.com\/pt\/wp-json\/wp\/v2\/comments?post=156537"}],"version-history":[{"count":0,"href":"https:\/\/www.europesays.com\/pt\/wp-json\/wp\/v2\/posts\/156537\/revisions"}],"wp:featuredmedia":[{"embeddable":true,"href":"https:\/\/www.europesays.com\/pt\/wp-json\/wp\/v2\/media\/62426"}],"wp:attachment":[{"href":"https:\/\/www.europesays.com\/pt\/wp-json\/wp\/v2\/media?parent=156537"}],"wp:term":[{"taxonomy":"category","embeddable":true,"href":"https:\/\/www.europesays.com\/pt\/wp-json\/wp\/v2\/categories?post=156537"},{"taxonomy":"post_tag","embeddable":true,"href":"https:\/\/www.europesays.com\/pt\/wp-json\/wp\/v2\/tags?post=156537"}],"curies":[{"name":"wp","href":"https:\/\/api.w.org\/{rel}","templated":true}]}}