{"id":156542,"date":"2025-11-18T14:56:09","date_gmt":"2025-11-18T14:56:09","guid":{"rendered":"https:\/\/www.europesays.com\/pt\/156542\/"},"modified":"2025-11-18T14:56:09","modified_gmt":"2025-11-18T14:56:09","slug":"russia-responsabilizada-por-acto-de-sabotagem-na-ferrovia-polaca-polonia","status":"publish","type":"post","link":"https:\/\/www.europesays.com\/pt\/156542\/","title":{"rendered":"R\u00fassia responsabilizada por acto de sabotagem na ferrovia polaca | Pol\u00f3nia"},"content":{"rendered":"<p>Todas as provas recolhidas pelos servi\u00e7os de seguran\u00e7a polacos apontam para que a R\u00fassia tenha estado por tr\u00e1s de uma <a href=\"https:\/\/www.publico.pt\/2025\/11\/17\/mundo\/noticia\/primeiroministro-polaco-fala-acto-sabotagem-precedentes-apos-explosao-linha-ferroviaria-2154876\" target=\"_blank\" rel=\"nofollow noopener\">opera\u00e7\u00e3o de sabotagem<\/a> numa linha ferrovi\u00e1ria na Pol\u00f3nia durante o fim-de-semana, de acordo com as conclus\u00f5es iniciais da investiga\u00e7\u00e3o.<\/p>\n<p>Foram identificados dois cidad\u00e3os ucranianos ao servi\u00e7o de Moscovo como os autores da explos\u00e3o que danificou a linha de caminho-de-ferro, revelou esta ter\u00e7a-feira o primeiro-ministro polaco, Donald Tusk, numa declara\u00e7\u00e3o no Parlamento, pouco depois de uma reuni\u00e3o extraordin\u00e1rio do Governo com os principais respons\u00e1veis militares e de seguran\u00e7a do pa\u00eds. Os dois suspeitos ter\u00e3o fugido para a Bielorr\u00fassia logo a seguir ao incidente, segundo os respons\u00e1veis pela investiga\u00e7\u00e3o, e um deles j\u00e1 tinha sido condenado por sabotagem na Ucr\u00e2nia.<\/p>\n<p>Os dois homens ter\u00e3o usado explosivos militares C-4, instalados por debaixo da carruagem de um comboio de mercadorias, e um cabo de 300 metros para permitir uma explos\u00e3o \u00e0 dist\u00e2ncia. O comboio sofreu poucos danos, mas a linha ficou intransit\u00e1vel. Tusk disse acreditar que o objectivo dos respons\u00e1veis pelo acto de sabotagem era &#8220;causar uma cat\u00e1strofe no tr\u00e1fego ferrovi\u00e1rio&#8221;.<\/p>\n<p>        &#13;<\/p>\n<p>&#13;<br \/>\n                &#13;\n            <\/p>\n<p>&#13;<\/p>\n<p>A explos\u00e3o da linha de caminhos-de-ferro \u00e9 algo &#8220;in\u00e9dito&#8221; e &#8220;provavelmente o [incidente] mais grave, no que respeita \u00e0 seguran\u00e7a do Estado polaco, entre os incidentes que aconteceram desde o in\u00edcio da invas\u00e3o da Ucr\u00e2nia&#8221;, afirmou Tusk.<\/p>\n<p>&#8220;Estes actos de sabotagem e as ac\u00e7\u00f5es dos servi\u00e7os russos um pouco por toda a Europa, n\u00e3o apenas na Pol\u00f3nia, est\u00e3o infelizmente a ganhar impulso. Estamos a lidar com uma escalada&#8221;, disse o primeiro-ministro polaco. O Governo decidiu aumentar o grau de alerta para o n\u00edvel tr\u00eas, de um total de quatro, para certos sectores do sistema ferrovi\u00e1rio considerados mais sens\u00edveis a actos semelhantes.<\/p>\n<p>O Governo russo desvalorizou as acusa\u00e7\u00f5es provenientes de Vars\u00f3via, qualificando-as como manifesta\u00e7\u00f5es de &#8220;russofobia&#8221;. &#8220;A R\u00fassia \u00e9 acusada de todas as express\u00f5es de guerra h\u00edbrida e directa que t\u00eam aparecido&#8221;, afirmou o porta-voz do Kremlin, Dmitri Peskov. &#8220;Digamos que na Pol\u00f3nia toda a gente est\u00e1 a tentar seguir \u00e0 frente da locomotiva europeia neste assunto, e a russofobia est\u00e1 a florescer por l\u00e1, \u00e9 claro&#8221;, acrescentou.<\/p>\n<p>Investiga\u00e7\u00e3o em curso<\/p>\n<p>Horas antes, o porta-voz dos servi\u00e7os de informa\u00e7\u00e3o e seguran\u00e7a polacos Jacek Dobzynski j\u00e1 tinha apresentado algumas conclus\u00f5es preliminares da investiga\u00e7\u00e3o e referiu-se a um \u201cataque terrorista\u201d que foi \u201ciniciado por servi\u00e7os especiais do Leste\u201d, reafirmando as suspeitas de que se tratou de uma opera\u00e7\u00e3o levada a cabo por Moscovo.<\/p>\n<p>Em declara\u00e7\u00f5es aos jornalistas esta ter\u00e7a-feira, o respons\u00e1vel insistiu que a investiga\u00e7\u00e3o ainda decorre e, por isso, \u00e9 necess\u00e1rio manter algum sigilo. \u201cEst\u00e3o conscientes de que quem encomendou [a opera\u00e7\u00e3o de sabotagem], e tudo aponta para que tenham sido os servi\u00e7os de informa\u00e7\u00e3o russos, gostariam bastante de saber em que direc\u00e7\u00e3o as investiga\u00e7\u00f5es est\u00e3o a ser conduzidas pela pol\u00edcia e para onde \u00e9 que as ag\u00eancias de seguran\u00e7a interna se est\u00e3o a dirigir\u201d, explicou.<\/p>\n<p>Na v\u00e9spera, Tusk tinha dito que a explos\u00e3o na ferrovia que liga as cidades de Vars\u00f3via e Lublin foi um \u201cacto de sabotagem sem precedentes\u201d.<\/p>\n<p>O Governo reuniu-se esta ter\u00e7a-feira de manh\u00e3 com o Comit\u00e9 de Seguran\u00e7a Nacional, onde t\u00eam assento os principais comandantes militares e os directores das ag\u00eancias de seguran\u00e7a, esta manh\u00e3 para discutir o assunto.<\/p>\n<p>No domingo, foi dado o alerta de que a linha ferrovi\u00e1ria entre Vars\u00f3via e Lublin apresentava danos significativos. A explos\u00e3o ocorreu num local a cerca de 130 quil\u00f3metros da fronteira entre a Pol\u00f3nia e a Ucr\u00e2nia e interrompeu uma liga\u00e7\u00e3o importante para o apoio log\u00edstico dado a Kiev por parte dos seus parceiros ocidentais.<\/p>\n<p>A Pol\u00f3nia tem denunciado um aumento dos chamados <a href=\"https:\/\/www.publico.pt\/2025\/10\/04\/mundo\/noticia\/guerra-encoberta-russia-europa-2149334\" target=\"_blank\" rel=\"nofollow noopener\">&#8220;ataques h\u00edbridos&#8221;<\/a> por parte da R\u00fassia, consistindo geralmente em <a href=\"https:\/\/www.publico.pt\/2025\/09\/22\/mundo\/noticia\/tusk-garante-polonia-voltara-abater-objectos-voadores-violem-territorio-pais-2148073\" target=\"_blank\" rel=\"nofollow noopener\">sobrevoos de drones <\/a>sobre o seu territ\u00f3rio ou pequenas opera\u00e7\u00f5es de sabotagem de infra-estrutura.<\/p>\n","protected":false},"excerpt":{"rendered":"Todas as provas recolhidas pelos servi\u00e7os de seguran\u00e7a polacos apontam para que a R\u00fassia tenha estado por tr\u00e1s&hellip;\n","protected":false},"author":2,"featured_media":156543,"comment_status":"","ping_status":"","sticky":false,"template":"","format":"standard","meta":{"footnotes":""},"categories":[50],"tags":[27,28,445,15,16,14,25,26,21,22,62,12,13,19,20,5300,23,24,839,17,18,840,29,30,31,636,63,64,65],"class_list":{"0":"post-156542","1":"post","2":"type-post","3":"status-publish","4":"format-standard","5":"has-post-thumbnail","7":"category-mundo","8":"tag-breaking-news","9":"tag-breakingnews","10":"tag-europa","11":"tag-featured-news","12":"tag-featurednews","13":"tag-headlines","14":"tag-latest-news","15":"tag-latestnews","16":"tag-main-news","17":"tag-mainnews","18":"tag-mundo","19":"tag-news","20":"tag-noticias","21":"tag-noticias-principais","22":"tag-noticiasprincipais","23":"tag-polonia","24":"tag-principais-noticias","25":"tag-principaisnoticias","26":"tag-russia","27":"tag-top-stories","28":"tag-topstories","29":"tag-ucrania","30":"tag-ultimas","31":"tag-ultimas-noticias","32":"tag-ultimasnoticias","33":"tag-uniao-europeia","34":"tag-world","35":"tag-world-news","36":"tag-worldnews"},"share_on_mastodon":{"url":"https:\/\/pubeurope.com\/@pt\/115571286565364928","error":""},"_links":{"self":[{"href":"https:\/\/www.europesays.com\/pt\/wp-json\/wp\/v2\/posts\/156542","targetHints":{"allow":["GET"]}}],"collection":[{"href":"https:\/\/www.europesays.com\/pt\/wp-json\/wp\/v2\/posts"}],"about":[{"href":"https:\/\/www.europesays.com\/pt\/wp-json\/wp\/v2\/types\/post"}],"author":[{"embeddable":true,"href":"https:\/\/www.europesays.com\/pt\/wp-json\/wp\/v2\/users\/2"}],"replies":[{"embeddable":true,"href":"https:\/\/www.europesays.com\/pt\/wp-json\/wp\/v2\/comments?post=156542"}],"version-history":[{"count":0,"href":"https:\/\/www.europesays.com\/pt\/wp-json\/wp\/v2\/posts\/156542\/revisions"}],"wp:featuredmedia":[{"embeddable":true,"href":"https:\/\/www.europesays.com\/pt\/wp-json\/wp\/v2\/media\/156543"}],"wp:attachment":[{"href":"https:\/\/www.europesays.com\/pt\/wp-json\/wp\/v2\/media?parent=156542"}],"wp:term":[{"taxonomy":"category","embeddable":true,"href":"https:\/\/www.europesays.com\/pt\/wp-json\/wp\/v2\/categories?post=156542"},{"taxonomy":"post_tag","embeddable":true,"href":"https:\/\/www.europesays.com\/pt\/wp-json\/wp\/v2\/tags?post=156542"}],"curies":[{"name":"wp","href":"https:\/\/api.w.org\/{rel}","templated":true}]}}