{"id":156544,"date":"2025-11-18T14:59:31","date_gmt":"2025-11-18T14:59:31","guid":{"rendered":"https:\/\/www.europesays.com\/pt\/156544\/"},"modified":"2025-11-18T14:59:31","modified_gmt":"2025-11-18T14:59:31","slug":"empresario-detido-por-matar-socio-e-filho-no-montijo","status":"publish","type":"post","link":"https:\/\/www.europesays.com\/pt\/156544\/","title":{"rendered":"Empres\u00e1rio detido por matar s\u00f3cio e filho no Montijo"},"content":{"rendered":"<p data-remotead-prev-elm=\"true\" data-remotead-elm-id=\"inread\">Jos\u00e9 Augusto, 61 anos, executou a tiro o s\u00f3cio, Pedro Ganan\u00e7a, de 60 anos, e o filho deste, Lucas, de 22, num restaurante no Montijo, porque julgava estar a ser enganado na distribui\u00e7\u00e3o dos lucros acordados com o primeiro.<\/p>\n<p>Os crimes foram cometidos, domingo \u00e0 noite, no restaurante tem\u00e1tico Apeadeiro, recentemente inaugurado, \u00e0 entrada do Montijo. As v\u00edtimas ainda resistiram aos ferimentos at\u00e9 \u00e0 chegada do socorro, com Lucas a conseguir, inclusivamente, caminhar v\u00e1rios metros, na entrada do restaurante. Mas tanto pai como filho acabaram por falecer na mesa de opera\u00e7\u00f5es do Hospital do Barreiro. O mais velho tem dupla nacionalidade, portuguesa e brasileira, enquanto o filho era brasileiro.<\/p>\n<p>Jos\u00e9 Augusto, o atirador, fugiu numa viatura cinzenta e foi detido pela PJ e GNR, anunciou a PJ esta segunda-feira \u00e0 noite, em comunicado. No passado, chegou a estar uma temporada no Brasil, em fuga n\u00e3o \u00e0s autoridades, mas a pessoas que ter\u00e1 lesado em neg\u00f3cios de viaturas usadas. No Montijo, \u00e9 conhecido como &#8220;Z\u00e9 do Monti&#8221;. Teve ali stands de autom\u00f3veis, chamados &#8220;Monti&#8221;, e dedicou-se \u00e0 importa\u00e7\u00e3o de carros.<\/p>\n<p data-remotead-prev-elm=\"true\" data-remotead-elm-id=\"centro1\">No domingo, perto das 19 horas, Jos\u00e9 Augusto permanecia no restaurante, como era habitual, para controlar o neg\u00f3cio de que se dizia dono. As discuss\u00f5es com o s\u00f3cio eram recorrentes desde a abertura do espa\u00e7o, em fevereiro, e no domingo subiram de tom, em frente a clientes. Jos\u00e9 saiu, por momentos, e regressou com uma arma. Disparou v\u00e1rias vezes contra os alvos, na entrada do restaurante, e fugiu. Lucas ainda conseguiu caminhar para a esplanada, mas acabou por desfalecer. O socorro chegou, bem como a GNR, que tentou localizar o suspeito, sem sucesso.<\/p>\n<p>A rela\u00e7\u00e3o entre as v\u00edtimas e o suspeito est\u00e1 a ser investigada. Sabe-se que o espa\u00e7o onde funcionava o restaurante estava abandonado e era usado por Jos\u00e9 Augusto para ali colocar carros para venda. Pedro tratou da reabilita\u00e7\u00e3o do edif\u00edcio, investiu todo o dinheiro que tinha e fez um acordo com Jos\u00e9 para a entrega de parte dos lucros.<\/p>\n","protected":false},"excerpt":{"rendered":"Jos\u00e9 Augusto, 61 anos, executou a tiro o s\u00f3cio, Pedro Ganan\u00e7a, de 60 anos, e o filho deste,&hellip;\n","protected":false},"author":2,"featured_media":156545,"comment_status":"","ping_status":"","sticky":false,"template":"","format":"standard","meta":{"footnotes":""},"categories":[8],"tags":[27,28,15,16,14,5564,603,25,26,21,22,26507,12,13,19,20,32,23,24,33,17,18,29,30,31],"class_list":{"0":"post-156544","1":"post","2":"type-post","3":"status-publish","4":"format-standard","5":"has-post-thumbnail","7":"category-principais-noticias","8":"tag-breaking-news","9":"tag-breakingnews","10":"tag-featured-news","11":"tag-featurednews","12":"tag-headlines","13":"tag-homicidio","14":"tag-justica","15":"tag-latest-news","16":"tag-latestnews","17":"tag-main-news","18":"tag-mainnews","19":"tag-montijo","20":"tag-news","21":"tag-noticias","22":"tag-noticias-principais","23":"tag-noticiasprincipais","24":"tag-portugal","25":"tag-principais-noticias","26":"tag-principaisnoticias","27":"tag-pt","28":"tag-top-stories","29":"tag-topstories","30":"tag-ultimas","31":"tag-ultimas-noticias","32":"tag-ultimasnoticias"},"share_on_mastodon":{"url":"https:\/\/pubeurope.com\/@pt\/115571298575617714","error":""},"_links":{"self":[{"href":"https:\/\/www.europesays.com\/pt\/wp-json\/wp\/v2\/posts\/156544","targetHints":{"allow":["GET"]}}],"collection":[{"href":"https:\/\/www.europesays.com\/pt\/wp-json\/wp\/v2\/posts"}],"about":[{"href":"https:\/\/www.europesays.com\/pt\/wp-json\/wp\/v2\/types\/post"}],"author":[{"embeddable":true,"href":"https:\/\/www.europesays.com\/pt\/wp-json\/wp\/v2\/users\/2"}],"replies":[{"embeddable":true,"href":"https:\/\/www.europesays.com\/pt\/wp-json\/wp\/v2\/comments?post=156544"}],"version-history":[{"count":0,"href":"https:\/\/www.europesays.com\/pt\/wp-json\/wp\/v2\/posts\/156544\/revisions"}],"wp:featuredmedia":[{"embeddable":true,"href":"https:\/\/www.europesays.com\/pt\/wp-json\/wp\/v2\/media\/156545"}],"wp:attachment":[{"href":"https:\/\/www.europesays.com\/pt\/wp-json\/wp\/v2\/media?parent=156544"}],"wp:term":[{"taxonomy":"category","embeddable":true,"href":"https:\/\/www.europesays.com\/pt\/wp-json\/wp\/v2\/categories?post=156544"},{"taxonomy":"post_tag","embeddable":true,"href":"https:\/\/www.europesays.com\/pt\/wp-json\/wp\/v2\/tags?post=156544"}],"curies":[{"name":"wp","href":"https:\/\/api.w.org\/{rel}","templated":true}]}}