{"id":156546,"date":"2025-11-18T15:00:20","date_gmt":"2025-11-18T15:00:20","guid":{"rendered":"https:\/\/www.europesays.com\/pt\/156546\/"},"modified":"2025-11-18T15:00:20","modified_gmt":"2025-11-18T15:00:20","slug":"silvania-aquino-ex-calcinha-preta-assina-contrato-com-empresa-de-wesley-safadao-celebridades","status":"publish","type":"post","link":"https:\/\/www.europesays.com\/pt\/156546\/","title":{"rendered":"Silv\u00e2nia Aquino, ex-Calcinha Preta, assina contrato com empresa de Wesley Safad\u00e3o | Celebridades"},"content":{"rendered":"<p>                                        Wesley Safad\u00e3o contrata Silv\u00e2nia Aquino e Berg Rabelo  &#8211; Reprodu\u00e7\u00e3o do Instagram<\/p>\n<p class=\"content-media__description\">Wesley Safad\u00e3o contrata Silv\u00e2nia Aquino e Berg Rabelo Reprodu\u00e7\u00e3o do Instagram<\/p>\n<p>                            Publicado 18\/11\/2025 07:33\n                    <\/p>\n<p>                    Rio &#8211; Silv\u00e2nia Aquino\u00a0assinou contrato com a Camarote Shows, empresa de Wesley Safad\u00e3o, <a href=\"https:\/\/odia.ig.com.br\/diversao\/celebridades\/2025\/11\/7161087-silvania-aquino-comunica-desligamento-da-banda-calcinha-preta.html\" rel=\"nofollow noopener\" target=\"_blank\">depois de anunciar seu desligamento da banda\u00a0Calcinha Preta,<\/a> onde permaneceu por 25 anos. A artista\u00a0far\u00e1 parte de um novo projeto musical, intitulado &#8220;Duas Paix\u00f5es, ao lado do cantor cearense Berg Rabelo.\u00a0<\/p>\n<p>A novidade foi compartilhada por\u00a0Safad\u00e3o, no Instagram, nesta segunda-feira (17). Dono de hits como\u00a0 &#8220;Decreto Liberado&#8221;, &#8220;S\u00f3 Pra Castigar&#8221;, &#8220;Cora\u00e7\u00e3o Machucado&#8221;,\u00a0o cantor e empres\u00e1rio\u00a0compartilhou uma foto ao lado de Silv\u00e2nia e Berg\u00a0e escreveu: &#8220;O mundo nos espera! Que Deus nos aben\u00e7oe!&#8221;.<\/p>\n<p>No \u00faltimo s\u00e1bado (15),<a href=\"https:\/\/odia.ig.com.br\/diversao\/celebridades\/2025\/11\/7164160-nao-foi-minha-vontade-silvania-aquino-quebra-silencio-sobre-saida-do-calcinha-preta.html\" rel=\"nofollow noopener\" target=\"_blank\"> Silv\u00e2nia revelou que a sa\u00edda da banda n\u00e3o foi por escolha pr\u00f3pria.<\/a> &#8220;Eu n\u00e3o sairia da banda. Mas eu s\u00f3 entro na sua casa se voc\u00ea deixar. Quando coloquei o meu desligamento, n\u00e3o foi por vontade minha, mas eu precisava fazer&#8221;, disse ela, que tamb\u00e9m descartou um retorno. &#8220;Volta ou n\u00e3o volta? N\u00e3o, n\u00e3o h\u00e1 volta. O meu ciclo na Calcinha Preta se encerrou&#8221;, declarou.<br \/>\nNesta segunda (17), o<a href=\"https:\/\/odia.ig.com.br\/diversao\/celebridades\/2025\/11\/7165122-banda-calcinha-preta-se-manifesta-sobre-saida-de-silvania-aquino.html\" rel=\"nofollow noopener\" target=\"_blank\"> Calcinha Preta divulgou um v\u00eddeo para homenagear Silv\u00e2nia Aquino e exaltou a hist\u00f3ria dela no grupo. <\/a>&#8220;Foram mais de 25 anos escrevendo uma hist\u00f3ria que ningu\u00e9m jamais vai conseguir apagar. A voz que virou trilha de amor, despedida, recome\u00e7os\u2026 A mulher que subiu em tantos palcos pelo Brasil levando no peito a mesma bandeira: o forr\u00f3 rom\u00e2ntico e a fam\u00edlia Calcinha Preta. Sil, obrigada por cada nota cantada no limite da emo\u00e7\u00e3o, por cada vez que defendeu essa banda como sua pr\u00f3pria casa&#8221;, diz um trecho da legenda.\u00a0<\/p>\n","protected":false},"excerpt":{"rendered":"Wesley Safad\u00e3o contrata Silv\u00e2nia Aquino e Berg Rabelo &#8211; Reprodu\u00e7\u00e3o do Instagram Wesley Safad\u00e3o contrata Silv\u00e2nia Aquino e&hellip;\n","protected":false},"author":2,"featured_media":156547,"comment_status":"","ping_status":"","sticky":false,"template":"","format":"standard","meta":{"footnotes":""},"categories":[145],"tags":[211,210,18302,114,115,33614,32,33,33139,33615],"class_list":{"0":"post-156546","1":"post","2":"type-post","3":"status-publish","4":"format-standard","5":"has-post-thumbnail","7":"category-celebridades","8":"tag-celebridades","9":"tag-celebrities","10":"tag-contrato","11":"tag-entertainment","12":"tag-entretenimento","13":"tag-ex-calcinha-preta","14":"tag-portugal","15":"tag-pt","16":"tag-silvania-aquino","17":"tag-wesley-safafao"},"share_on_mastodon":{"url":"https:\/\/pubeurope.com\/@pt\/115571302305814468","error":""},"_links":{"self":[{"href":"https:\/\/www.europesays.com\/pt\/wp-json\/wp\/v2\/posts\/156546","targetHints":{"allow":["GET"]}}],"collection":[{"href":"https:\/\/www.europesays.com\/pt\/wp-json\/wp\/v2\/posts"}],"about":[{"href":"https:\/\/www.europesays.com\/pt\/wp-json\/wp\/v2\/types\/post"}],"author":[{"embeddable":true,"href":"https:\/\/www.europesays.com\/pt\/wp-json\/wp\/v2\/users\/2"}],"replies":[{"embeddable":true,"href":"https:\/\/www.europesays.com\/pt\/wp-json\/wp\/v2\/comments?post=156546"}],"version-history":[{"count":0,"href":"https:\/\/www.europesays.com\/pt\/wp-json\/wp\/v2\/posts\/156546\/revisions"}],"wp:featuredmedia":[{"embeddable":true,"href":"https:\/\/www.europesays.com\/pt\/wp-json\/wp\/v2\/media\/156547"}],"wp:attachment":[{"href":"https:\/\/www.europesays.com\/pt\/wp-json\/wp\/v2\/media?parent=156546"}],"wp:term":[{"taxonomy":"category","embeddable":true,"href":"https:\/\/www.europesays.com\/pt\/wp-json\/wp\/v2\/categories?post=156546"},{"taxonomy":"post_tag","embeddable":true,"href":"https:\/\/www.europesays.com\/pt\/wp-json\/wp\/v2\/tags?post=156546"}],"curies":[{"name":"wp","href":"https:\/\/api.w.org\/{rel}","templated":true}]}}