{"id":156556,"date":"2025-11-18T15:09:03","date_gmt":"2025-11-18T15:09:03","guid":{"rendered":"https:\/\/www.europesays.com\/pt\/156556\/"},"modified":"2025-11-18T15:09:03","modified_gmt":"2025-11-18T15:09:03","slug":"depois-de-lancar-farpas-a-savate-luis-goncalves-entra-em-confronto-com-seguidores-nas-redes-sociais","status":"publish","type":"post","link":"https:\/\/www.europesays.com\/pt\/156556\/","title":{"rendered":"Depois de lan\u00e7ar \u2018farpas\u2019 a Savate, Lu\u00eds Gon\u00e7alves entra em confronto com seguidores nas redes sociais"},"content":{"rendered":"<p>\t\t\t\t\t\t\t\t\t\t\t\t<a href=\"#\" onclick=\"window.open('http:\/\/www.facebook.com\/sharer.php?u=https:\/\/cusquices.com\/depois-de-lancar-farpas-a-savate-luis-goncalves-entra-em-confronto-com-seguidores-nas-redes-sociais\/&amp;t=Depois de lan\u00e7ar \u2018farpas\u2019 a Savate, Lu\u00eds Gon\u00e7alves entra em confronto com seguidores nas redes sociais', 'facebookShare', 'width=626,height=436'); return false;\" title=\"Share on Facebook\"><\/p>\n<p>Share<\/p>\n<p><\/a><br \/>\n\t\t\t\t\t\t\t\t\t\t\t\t<a href=\"#\" onclick=\"window.open('http:\/\/twitter.com\/share?text=Depois de lan\u00e7ar \u2018farpas\u2019 a Savate, Lu\u00eds Gon\u00e7alves entra em confronto com seguidores nas redes sociais -&amp;url=https:\/\/cusquices.com\/depois-de-lancar-farpas-a-savate-luis-goncalves-entra-em-confronto-com-seguidores-nas-redes-sociais\/', 'twitterShare', 'width=626,height=436'); return false;\" title=\"Tweet This Post\"><\/p>\n<p>Tweet<\/p>\n<p><\/a><br \/>\n\t\t\t\t\t\t\t\t\t\t\t\t<a href=\"whatsapp:\/\/send?text=Depois de lan\u00e7ar \u2018farpas\u2019 a Savate, Lu\u00eds Gon\u00e7alves entra em confronto com seguidores nas redes sociais https:\/\/cusquices.com\/depois-de-lancar-farpas-a-savate-luis-goncalves-entra-em-confronto-com-seguidores-nas-redes-sociais\/\" rel=\"nofollow\"><\/p>\n<p>Share<\/p>\n<p><\/a><br \/>\n\t\t\t\t\t\t\t\t\t\t\t\t<a href=\"#\" onclick=\"window.open('http:\/\/pinterest.com\/pin\/create\/button\/?url=https:\/\/cusquices.com\/depois-de-lancar-farpas-a-savate-luis-goncalves-entra-em-confronto-com-seguidores-nas-redes-sociais\/&amp;media=https:\/\/cusquices.com\/wp-content\/uploads\/2025\/06\/savateluis-1000x600.png&amp;description=Depois de lan\u00e7ar \u2018farpas\u2019 a Savate, Lu\u00eds Gon\u00e7alves entra em confronto com seguidores nas redes sociais', 'pinterestShare', 'width=750,height=350'); return false;\" title=\"Pin This Post\"><\/p>\n<p>Share<\/p>\n<p><\/a><br \/>\n\t\t\t\t\t\t\t\t\t\t\t\t<a href=\"mailto:?subject=Depois de lan\u00e7ar \u2018farpas\u2019 a Savate, Lu\u00eds Gon\u00e7alves entra em confronto com seguidores nas redes sociais&amp;BODY=I found this article interesting and thought of sharing it with you. Check it out: https:\/\/cusquices.com\/depois-de-lancar-farpas-a-savate-luis-goncalves-entra-em-confronto-com-seguidores-nas-redes-sociais\/\"><\/p>\n<p>Email<\/p>\n<p><\/a><br \/>\n\t\t\t\t\t\t\t\t\t\t\t\t\t\t\t\t\t\t\t\t\t\t\t\t\t\t\t\t\t\t\t\t\t\t\t\t\t\t\t\t\t\t\t\t\t\t\t\t\t\t\t\t\t<a href=\"https:\/\/cusquices.com\/depois-de-lancar-farpas-a-savate-luis-goncalves-entra-em-confronto-com-seguidores-nas-redes-sociais\/#respond\" rel=\"nofollow noopener\" target=\"_blank\"><\/p>\n<p>A \u201cguerra\u201d est\u00e1 oficialmente instalada. <strong>Lu\u00eds Gon\u00e7alves<\/strong>, vencedor do <strong>Big Brother 2025<\/strong>, n\u00e3o escondeu a sua azia com<strong> Bruno Savate <\/strong>e chegou mesmo a deixar de o seguir nas redes sociais. Do outro lado, o veterano dos reality shows mostrou-se surpreendido com o corte repentino, admitindo que n\u00e3o percebe o motivo e revelando que ainda tentou ligar a Lu\u00eds para esclarecer o assunto.<\/p>\n<p>Contudo, o clima acabou por azedar ainda mais. Depois de novas publica\u00e7\u00f5es em que Lu\u00eds lan\u00e7ou v\u00e1rias \u2018bicadas\u2019 \u2014 tudo indica, dirigidas a <strong>Savate<\/strong>:<strong> \u201cN\u00e3o me identifico com pessoas que andam a reboque de concorrentes s\u00f3 por interesse pr\u00f3prio,n\u00e3o me identifico com pessoas que ganham dinheiro com a desgra\u00e7a dos outros (casinos ilegais por exemplo), lambe botas!!! fa\u00e7am se \u00e0 vida e deixem de ser [palha\u00e7os]\u201d<\/strong>.<\/p>\n<p>O caos instalou-se ap\u00f3s esta publica\u00e7\u00e3o de Lu\u00eds, pois v\u00e1rios internautas se viraram contra o vencedor do Big Brother 2025. <strong>\u201cTu a falares de lambidelas e reboques quando o teu p\u00f3s-reality resume-se a tentares arranjar um tweet viral por semana \u00e9 lindo\u2026 sobretudo quando a \u00fanica coisa que te manteve de p\u00e9 no programa foi o apoio das mesmas pessoas que agora finges que n\u00e3o existem. Relaxa, a relev\u00e2ncia\u201d, <\/strong>atirou uma internauta. Mas n\u00e3o ficou sem resposta, pois Lu\u00eds atirou: \u201c<strong>Olha l\u00e1 \u00f3 ressabiada querias protagonismo tamb\u00e9m temos pena lembraste do space queria armar a armadilha. Vai te tratar\u201d.<\/strong><\/p>\n<p><strong>\u201cAndaste na lideran\u00e7a de um grupo de\u201d peixes\u201d na persegui\u00e7\u00e3o as teams, ai Lu\u00eds como eu estou a adorar a tua queda, o karma come\u00e7a a funcionar, j\u00e1 fiz tantos baldes de pipocas MUHAHAHAHAH\u2026 Tudo se sabe Lu\u00eds, tudo de sabe\u201d,<\/strong> atirou outro internauta: <strong>\u201cQue grupo? Fazes mesmo jus ao nome olha muda de nome isso s\u00f3 demonstra o que pensas de ti, queda que queda de ser honesto. Olha l\u00e1 o parvalhona trate se\u201d<\/strong>, reagiu Lu\u00eds.<\/p>\n<p>Outra internauta atirou: <strong>\u201cA m\u00e1scara come\u00e7a a cair-te\u2026\u201d. <\/strong>Lu\u00eds continuou ao ataque:<strong> \u201cCala-te ladra\u201d<\/strong>. Os internautas n\u00e3o se ficaram e continuaram as acusa\u00e7\u00f5es ao vencedor do Big Brother 2025: <strong>\u201c\u00c9s o maior ingrato de sempre na hist\u00f3ria dos realities. Tu n\u00e3o \u00e9s obrigado apoiar ningu\u00e9m mas tamb\u00e9m n\u00e3o podes obrigar ningu\u00e9m apoiar quem tu apoias. Tens um moralismo de merd@. Expulsas pessoas do teu grupo por dizerem que gostam deste ou daquele. Ganha vergonha na cara\u201d<\/strong>. Lu\u00eds n\u00e3o se ficou e atirou<strong>: \u201cEst\u00e1 calada fan\u00e1tica\u201d<\/strong>.<\/p>\n<p>Estes s\u00e3o apenas alguns exemplos da acesa discuss\u00e3o que Lu\u00eds se envolveu com v\u00e1rios internautas.<\/p>\n<p><img loading=\"lazy\" decoding=\"async\" width=\"1024\" height=\"473\" src=\"https:\/\/www.europesays.com\/pt\/wp-content\/uploads\/2025\/11\/luis1-1-1024x473.png\" alt=\"\" class=\"wp-image-100306 webpexpress-processed\"  \/><\/p>\n<p><img loading=\"lazy\" decoding=\"async\" width=\"1024\" height=\"572\" src=\"https:\/\/www.europesays.com\/pt\/wp-content\/uploads\/2025\/11\/luis2-1024x572.png\" alt=\"\" class=\"wp-image-100307 webpexpress-processed\"  \/><\/p>\n<p><img loading=\"lazy\" decoding=\"async\" width=\"1024\" height=\"394\" src=\"https:\/\/www.europesays.com\/pt\/wp-content\/uploads\/2025\/11\/luis3-1024x394.png\" alt=\"\" class=\"wp-image-100308 webpexpress-processed\"  \/><\/p>\n<p><img loading=\"lazy\" decoding=\"async\" width=\"1024\" height=\"848\" src=\"https:\/\/www.europesays.com\/pt\/wp-content\/uploads\/2025\/11\/luis4-1024x848.png\" alt=\"\" class=\"wp-image-100309 webpexpress-processed\"  \/><\/p>\n<p><img loading=\"lazy\" decoding=\"async\" width=\"1024\" height=\"392\" src=\"https:\/\/www.europesays.com\/pt\/wp-content\/uploads\/2025\/11\/luis5-1024x392.png\" alt=\"\" class=\"wp-image-100310 webpexpress-processed\"  \/><\/p>\n<p><img loading=\"lazy\" decoding=\"async\" width=\"1024\" height=\"433\" src=\"https:\/\/www.europesays.com\/pt\/wp-content\/uploads\/2025\/11\/luis6-1024x433.png\" alt=\"\" class=\"wp-image-100311 webpexpress-processed\"  \/><\/p>\n<p><img loading=\"lazy\" decoding=\"async\" width=\"1024\" height=\"712\" src=\"https:\/\/www.europesays.com\/pt\/wp-content\/uploads\/2025\/11\/luis7-1024x712.png\" alt=\"\" class=\"wp-image-100312 webpexpress-processed\"  \/><\/p>\n<p><img loading=\"lazy\" decoding=\"async\" width=\"1024\" height=\"520\" src=\"https:\/\/www.europesays.com\/pt\/wp-content\/uploads\/2025\/11\/luis8-1024x520.png\" alt=\"\" class=\"wp-image-100313 webpexpress-processed\"  \/><\/p>\n<p><strong>Leia tamb\u00e9m:<\/strong><\/p>\n<p>\t\t\t\t\t\t\t\t\t\t\t\t\t\t\t\t\t\t\t\t\t\t\t\t\t<img decoding=\"async\" src=\"https:\/\/www.europesays.com\/pt\/wp-content\/uploads\/2025\/10\/cusquices-logo-52x.png\" class=\"webpexpress-processed\"\/><\/p>\n<p>\t\t\t\t\t\t\t\t\t\t\t\t\t\t\t\t\t\t\t\t\t            \t\t\t\t\t\t\t\t\t\t\t\t\t\t\t\t\t\t\t\t\t\t\t\t\t\t\t\t\t\t\t\t\t\t\t\t\t\t\t<script async src=\"https:\/\/platform.twitter.com\/widgets.js\" charset=\"utf-8\"><\/script><\/p>\n","protected":false},"excerpt":{"rendered":"Share Tweet Share Share Email A \u201cguerra\u201d est\u00e1 oficialmente instalada. Lu\u00eds Gon\u00e7alves, vencedor do Big Brother 2025, n\u00e3o&hellip;\n","protected":false},"author":2,"featured_media":153243,"comment_status":"","ping_status":"","sticky":false,"template":"","format":"standard","meta":{"footnotes":""},"categories":[85],"tags":[1253,49,114,115,980,5892,32,33],"class_list":{"0":"post-156556","1":"post","2":"type-post","3":"status-publish","4":"format-standard","5":"has-post-thumbnail","7":"category-entretenimento","8":"tag-bruno-savate","9":"tag-destaques","10":"tag-entertainment","11":"tag-entretenimento","12":"tag-famosos","13":"tag-luis-goncalves","14":"tag-portugal","15":"tag-pt"},"share_on_mastodon":{"url":"https:\/\/pubeurope.com\/@pt\/115571338258127819","error":""},"_links":{"self":[{"href":"https:\/\/www.europesays.com\/pt\/wp-json\/wp\/v2\/posts\/156556","targetHints":{"allow":["GET"]}}],"collection":[{"href":"https:\/\/www.europesays.com\/pt\/wp-json\/wp\/v2\/posts"}],"about":[{"href":"https:\/\/www.europesays.com\/pt\/wp-json\/wp\/v2\/types\/post"}],"author":[{"embeddable":true,"href":"https:\/\/www.europesays.com\/pt\/wp-json\/wp\/v2\/users\/2"}],"replies":[{"embeddable":true,"href":"https:\/\/www.europesays.com\/pt\/wp-json\/wp\/v2\/comments?post=156556"}],"version-history":[{"count":0,"href":"https:\/\/www.europesays.com\/pt\/wp-json\/wp\/v2\/posts\/156556\/revisions"}],"wp:featuredmedia":[{"embeddable":true,"href":"https:\/\/www.europesays.com\/pt\/wp-json\/wp\/v2\/media\/153243"}],"wp:attachment":[{"href":"https:\/\/www.europesays.com\/pt\/wp-json\/wp\/v2\/media?parent=156556"}],"wp:term":[{"taxonomy":"category","embeddable":true,"href":"https:\/\/www.europesays.com\/pt\/wp-json\/wp\/v2\/categories?post=156556"},{"taxonomy":"post_tag","embeddable":true,"href":"https:\/\/www.europesays.com\/pt\/wp-json\/wp\/v2\/tags?post=156556"}],"curies":[{"name":"wp","href":"https:\/\/api.w.org\/{rel}","templated":true}]}}