{"id":156559,"date":"2025-11-18T15:11:08","date_gmt":"2025-11-18T15:11:08","guid":{"rendered":"https:\/\/www.europesays.com\/pt\/156559\/"},"modified":"2025-11-18T15:11:08","modified_gmt":"2025-11-18T15:11:08","slug":"ceo-da-google-alerta-para-irracionalidade-no-investimento-em-inteligencia-artificial","status":"publish","type":"post","link":"https:\/\/www.europesays.com\/pt\/156559\/","title":{"rendered":"CEO da Google alerta para &#8220;irracionalidade&#8221; no investimento em Intelig\u00eancia Artificial"},"content":{"rendered":"<p>                <b>Em <a href=\"https:\/\/www.bbc.com\/news\/articles\/cwy7vrd8k4eo\" target=\"_blank\" rel=\"nofollow noopener\">entrevista exclusiva \u00e0 BBC<\/a>, Sundar Pichai afirmou que, embora o crescimento do investimento na IA tenha sido um \u201cmomento extraordin\u00e1rio\u201d, existe uma certa \u201cirracionalidade\u201d no atual boom da IA.<\/b><\/p>\n<p>Recordando os coment\u00e1rios feitos pelo presidente do Sistema de Reserva Federal dos Estados Unidos, Alan Greenspan, em 1996, que alertou para a \u201cexuber\u00e2ncia irracional\u201d no mercado durante o boom da Internet e muito antes do seu colapso em 2000, Pichai disse que setor pode \u201cexagerar\u201d em ciclos de investimento como este.<\/p>\n<p>&#8220;Podemos olhar para a Internet agora. Claramente houve muito investimento excessivo, mas nenhum de n\u00f3s questionaria se a Internet foi realmente revolucion\u00e1ria&#8221;, declarou.<\/p>\n<p><b>\u201cEu antecipo que com a IA seja igual. Acho que ela \u00e9 racional, mas tamb\u00e9m apresenta elementos de irracionalidade em momentos como este\u201d, explicou.\u00a0<\/b>As declara\u00e7\u00f5es foram feitas numa altura em que existem receios em Silicon Valley de uma bolha, uma vez que o valor das empresas de tecnologia de IA disparou nos \u00faltimos meses e o investimento neste setor tem disparado. <\/p>\n<p>Sundar Pichai alertou que \u201cnenhuma empresa ficar\u00e1 imune\u201d se esta bolha rebentar, nem mesmo a Google. <b>&#8220;Acho que nenhuma empresa ficar\u00e1 imune, inclusive a nossa&#8221;, disse.<\/b><\/p>\n<p>A entrevista surge num momento em que o escrut\u00ednio sobre o estado do mercado de IA nunca foi t\u00e3o intenso.<br \/>&#13;<br \/>\n&#8220;Sensa\u00e7\u00e3o de inquieta\u00e7\u00e3o em rela\u00e7\u00e3o \u00e0 IA&#8221;<br \/>&#13;<br \/>\nNa segunda-feira, a bolsa de Wall Street fechou em baixa abalada pelos n\u00edveis elevados de valoriza\u00e7\u00e3o das principais empresas de tecnologia e intelig\u00eancia artificial.<\/p>\n<p><b>&#8220;H\u00e1 atualmente uma sensa\u00e7\u00e3o de inquieta\u00e7\u00e3o em rela\u00e7\u00e3o \u00e0 IA&#8221; em Wall Street, e os investidores questionam-se se &#8220;o mercado foi longe demais&#8221;, destacou Dave Grecsek, da Aspiriant, \u00e0 ag\u00eancia France-Presse (AFP).<\/b><\/p>\n<p>Aguns participantes do mercado temem cada vez mais que certas avalia\u00e7\u00f5es tenham subido demasiado depressa e para n\u00edveis demasiado elevados. <b>Para al\u00e9m disso, a feroz competi\u00e7\u00e3o pelo desenvolvimento da IA generativa levou os gigantes do setor a aumentar drasticamente os seus investimentos de capital, na ordem das dezenas, at\u00e9 mesmo centenas, de milhares de milh\u00f5es de d\u00f3lares.<\/b><\/p>\n<p>A Alphabet, por seu turno, esteve em alta (+3,11%, para 285,02 d\u00f3lares) ap\u00f3s o an\u00fancio, na sexta-feira, de um investimento de aproximadamente quatro mil milh\u00f5es de d\u00f3lares (3,45 mil milh\u00f5es de euros, \u00e0 taxa de c\u00e2mbio atual) por parte do conglomerado Berkshire Hathaway.<\/p>\n<p><b>O valor das a\u00e7\u00f5es da dona da Google duplicaram de valor em sete meses, \u00e0 medida que os mercados se tornaram mais confiantes na capacidade da gigante tecnol\u00f3gica de se defender da amea\u00e7a da OpenAI, propriet\u00e1ria do ChatGPT.<\/b><br \/>&#13;<br \/>\nN\u00e3o se deve &#8220;confiar cegamente&#8221; na IA<br \/>&#13;<br \/>\nDurante a entrevista \u00e0 BBC, Sundar Pichai disse que a intelig\u00eancia artificial \u00e9 \u201ca tecnologia mais profunda\u201d em que a humanidade j\u00e1 trabalhou e avisou que ir\u00e1 afetar o trabalho como o conhecemos. <\/p>\n<p>&#8220;Teremos de lidar com as perturba\u00e7\u00f5es sociais&#8221;, disse, acrescentando que isso tamb\u00e9m &#8220;criar\u00e1 novas oportunidades&#8221;.<\/p>\n<p><b>&#8220;A IA vai evoluir e transformar certos empregos, e as pessoas precisar\u00e3o de se adaptar&#8221;, reiterou, afirmando que aqueles que se adaptarem \u00e0 IA &#8220;v\u00e3o sair-se melhor&#8221;.<\/b><\/p>\n<p>&#8220;N\u00e3o importa se queres ser professor ou m\u00e9dico. Todas essas profiss\u00f5es continuar\u00e3o a existir, mas as pessoas que se destacar\u00e3o em cada uma delas ser\u00e3o aquelas que aprenderem a usar essas ferramentas\u201d, declarou.<\/p>\n<p><b>Ao mesmo tempo, o CEO da Alphabet alertou que as pessoas n\u00e3o devem \u201cconfiar cegamente\u201d em tudo o que as ferramentas de IA lhes dizem.<\/b><\/p>\n<p>Pichai afirmou que os modelos da IA s\u00e3o \u201cpropensos a erros\u201d e pediu que as pessoas os utilizem em conjunto com outras ferramentas.<\/p>\n<p>&#8220;\u00c9 por isso que as pessoas tamb\u00e9m usam a busca do Google, e n\u00f3s temos outros produtos que s\u00e3o mais focados em fornecer informa\u00e7\u00f5es precisas&#8221;, explicou.&#13;\n            <\/p>\n","protected":false},"excerpt":{"rendered":"Em entrevista exclusiva \u00e0 BBC, Sundar Pichai afirmou que, embora o crescimento do investimento na IA tenha sido&hellip;\n","protected":false},"author":2,"featured_media":156560,"comment_status":"","ping_status":"","sticky":false,"template":"","format":"standard","meta":{"footnotes":""},"categories":[83],"tags":[641,88,89,90,643,414,933,32,33],"class_list":{"0":"post-156559","1":"post","2":"type-post","3":"status-publish","4":"format-standard","5":"has-post-thumbnail","7":"category-empresas","8":"tag-alphabet","9":"tag-business","10":"tag-economy","11":"tag-empresas","12":"tag-google","13":"tag-ia","14":"tag-inteligencia-artificial","15":"tag-portugal","16":"tag-pt"},"share_on_mastodon":{"url":"https:\/\/pubeurope.com\/@pt\/115571345673152035","error":""},"_links":{"self":[{"href":"https:\/\/www.europesays.com\/pt\/wp-json\/wp\/v2\/posts\/156559","targetHints":{"allow":["GET"]}}],"collection":[{"href":"https:\/\/www.europesays.com\/pt\/wp-json\/wp\/v2\/posts"}],"about":[{"href":"https:\/\/www.europesays.com\/pt\/wp-json\/wp\/v2\/types\/post"}],"author":[{"embeddable":true,"href":"https:\/\/www.europesays.com\/pt\/wp-json\/wp\/v2\/users\/2"}],"replies":[{"embeddable":true,"href":"https:\/\/www.europesays.com\/pt\/wp-json\/wp\/v2\/comments?post=156559"}],"version-history":[{"count":0,"href":"https:\/\/www.europesays.com\/pt\/wp-json\/wp\/v2\/posts\/156559\/revisions"}],"wp:featuredmedia":[{"embeddable":true,"href":"https:\/\/www.europesays.com\/pt\/wp-json\/wp\/v2\/media\/156560"}],"wp:attachment":[{"href":"https:\/\/www.europesays.com\/pt\/wp-json\/wp\/v2\/media?parent=156559"}],"wp:term":[{"taxonomy":"category","embeddable":true,"href":"https:\/\/www.europesays.com\/pt\/wp-json\/wp\/v2\/categories?post=156559"},{"taxonomy":"post_tag","embeddable":true,"href":"https:\/\/www.europesays.com\/pt\/wp-json\/wp\/v2\/tags?post=156559"}],"curies":[{"name":"wp","href":"https:\/\/api.w.org\/{rel}","templated":true}]}}