{"id":156565,"date":"2025-11-18T15:16:01","date_gmt":"2025-11-18T15:16:01","guid":{"rendered":"https:\/\/www.europesays.com\/pt\/156565\/"},"modified":"2025-11-18T15:16:01","modified_gmt":"2025-11-18T15:16:01","slug":"uss-gerald-ford-eis-o-porta-avioes-mais-avancado-dos-eua-que-esta-em-movimento","status":"publish","type":"post","link":"https:\/\/www.europesays.com\/pt\/156565\/","title":{"rendered":"USS Gerald Ford: eis o porta-avi\u00f5es mais avan\u00e7ado dos EUA (que est\u00e1 em movimento)"},"content":{"rendered":"<p>\t                Porta-avi\u00f5es tem capacidade para 75 aeronaves, incluindo ca\u00e7as, helic\u00f3pteros, avi\u00f5es de vigil\u00e2ncia e meios de guerra eletr\u00f3nica. Mede 337 metros de comprimento, 40 metros de altura e 78 metros de largura<\/p>\n<p paraeid=\"{1de98be2-00bf-447e-a18b-c13618a22328}{4}\" paraid=\"738692707\">O porta-avi\u00f5es norte-americano USS Gerald R. Ford \u00e9 o mais avan\u00e7ado navio deste tipo alguma vez constru\u00eddo pelos Estados Unidos, segundo a Marinha do pa\u00eds. A recente <a href=\"https:\/\/cnnportugal.iol.pt\/gerald-ford\/southcom\/porta-avioes-dos-eua-chega-ao-mar-das-caraibas-em-plena-crise-com-venezuela\/20251117\/691ae062d34e2bd5c6d4140c\" rel=\"noreferrer noopener nofollow\" target=\"_blank\">desloca\u00e7\u00e3o do mesmo para o mar das Cara\u00edbas<\/a> ocorre num per\u00edodo de tens\u00e3o crescente com a Venezuela e ap\u00f3s opera\u00e7\u00f5es norte-americanas contra embarca\u00e7\u00f5es suspeitas de envolvimento no narcotr\u00e1fico. Este porta-avi\u00f5es \u00e9, para a Marinha norte-americana, um dos principais instrumentos de proje\u00e7\u00e3o de poder, capaz de participar em opera\u00e7\u00f5es que v\u00e3o desde o combate em larga escala at\u00e9 miss\u00f5es de dissuas\u00e3o ou assist\u00eancia humanit\u00e1ria.<\/p>\n<p lang=\"EN-US\" paraeid=\"{76ba8d4d-942a-4b0b-b21f-5ff341b74520}{188}\" paraid=\"1033884800\" xml:lang=\"EN-US\">O Gerald R. Ford transporta um conjunto de aeronaves que lhe confere uma enorme versatilidade. De acordo com a <a href=\"https:\/\/www.cnnbrasil.com.br\/internacional\/conheca-o-uss-gerald-r-ford-maior-porta-avioes-do-mundo\/?_gl=1*1d4imb8*_ga*NTA3OTgyOTQwLjE3NjMzNzQ0ODg.*_ga_XFKMH2HW60*MTc2MzM3NDQ5OS4xLjAuMTc2MzM3NjIzOC4wLjAuMA..\" rel=\"noreferrer noopener nofollow\" target=\"_blank\">CNN Brasil<\/a>, o navio pode operar at\u00e9 75 aeronaves, incluindo ca\u00e7as, helic\u00f3pteros, avi\u00f5es de vigil\u00e2ncia e meios de guerra eletr\u00f3nica, essenciais para garantir a superioridade a\u00e9rea e apoiar toda a frota em cen\u00e1rio de combate.<\/p>\n<p lang=\"EN-US\" paraeid=\"{9467bb32-e4d1-4d45-b6dc-d88b8cef9c46}{127}\" paraid=\"1413138969\" xml:lang=\"EN-US\">A lista de aeronaves que pode transportar inclui modelos como o F\/A-18E\/F Super Hornet, o E-2D Advanced Hawkeye, o EA-18G Growler e helic\u00f3pteros MH-60R\/S, al\u00e9m de ve\u00edculos a\u00e9reos n\u00e3o tripulados. Embora tenha capacidade para o F-35C, a <a href=\"https:\/\/edition.cnn.com\/2025\/10\/25\/americas\/aircraft-carrier-uss-gerald-ford-profile-intl-hnk-ml\" rel=\"noreferrer noopener nofollow\" target=\"_blank\">CNN Internacional<\/a> explica que o navio ainda n\u00e3o recebeu as modifica\u00e7\u00f5es necess\u00e1rias para integrar este ca\u00e7a de quinta gera\u00e7\u00e3o, o que s\u00f3 dever\u00e1 acontecer ap\u00f3s um per\u00edodo de manuten\u00e7\u00e3o ainda por definir.<\/p>\n<p lang=\"EN-US\" paraeid=\"{31e23d56-5a54-462e-8bef-3798c8156c56}{17}\" paraid=\"971165008\" xml:lang=\"EN-US\">O porta-avi\u00f5es mede 337 metros de comprimento, 40 metros de altura e tem um conv\u00e9s com 78 metros de largura, o que faz dele o maior navio do g\u00e9nero em todo o mundo. O USS Gerald Ford utiliza dois reatores nucleares capazes de gerar tr\u00eas vezes mais energia el\u00e9trica do que o porta-avi\u00f5es da classe Nimitz (antecessor do Gerald Ford), o que lhe permite atingir velocidades superiores a 55 quil\u00f3metros por hora e operar longos per\u00edodos sem necessidade de reabastecimento de combust\u00edvel.<\/p>\n<p lang=\"EN-US\" paraeid=\"{a790c395-00c1-44fc-98ba-705dfd486289}{241}\" paraid=\"2100828761\" xml:lang=\"EN-US\">A tripula\u00e7\u00e3o \u00e9 composta por cerca de 4.600 militares, incluindo a ala a\u00e9rea, n\u00famero que representa uma redu\u00e7\u00e3o de cerca de 20% em rela\u00e7\u00e3o ao porta-avi\u00f5es da classe Nimitz, gra\u00e7as aos sistemas mais eficientes e automatizados que o Gerald Ford implementa. Isto permite realizar opera\u00e7\u00f5es a\u00e9reas mais r\u00e1pidas e com menor necessidade de pessoal, o que aumenta a efic\u00e1cia do navio e reduz custos humanos e log\u00edsticos.<\/p>\n<p lang=\"EN-US\" paraeid=\"{97fed463-db84-4703-b211-70d9cf3940fe}{193}\" paraid=\"2066746093\" xml:lang=\"EN-US\">A capacidade tecnol\u00f3gica do USS Gerald Ford distingue-o profundamente dos seus antecessores e entre as inova\u00e7\u00f5es mais significativas est\u00e1 o sistema eletromagn\u00e9tico de lan\u00e7amento de aeronaves, conhecido como EMALS (Electromagnetic Aircraft Launch System). Segundo a CNN Internacional, este sistema substitui as tradicionais catapultas a vapor por um mecanismo eletromagn\u00e9tico que possibilita o lan\u00e7amento dos avi\u00f5es de forma mais r\u00e1pida, com maior carga e menor desgaste dos equipamentos, aumentando o alcance e a letalidade dos ca\u00e7as.<\/p>\n<p lang=\"EN-US\" paraeid=\"{02afa4ab-aa8a-4da6-bb9e-1b18cf29c2be}{240}\" paraid=\"1068819943\" xml:lang=\"EN-US\">Os elevadores de armas s\u00e3o tamb\u00e9m movidos por motores eletromagn\u00e9ticos, de modo a que as muni\u00e7\u00f5es sejam transportadas para o conv\u00e9s de voo com maior rapidez. Outro avan\u00e7o \u00e9 o sistema digital de reten\u00e7\u00e3o de aeronaves, o Advanced Arresting Gear, que aumenta o ritmo de descolagens e aterragens enquanto reduz o consumo energ\u00e9tico.<\/p>\n<p lang=\"EN-US\" paraeid=\"{a1a319c3-2a4b-4ece-be9b-62711dca1cbe}{82}\" paraid=\"650277397\" xml:lang=\"EN-US\">O navio tem ainda um conv\u00e9s de voo maior e mais eficiente, resultado de uma \u201cilha\u201d &#8211; parte do navio que est\u00e1 acima do cockpit (cabine de pilotagem) &#8211; mais pequena e colocada mais atr\u00e1s, o que permite um melhor controlo dos avi\u00f5es e facilita o movimento das aeronaves durante as opera\u00e7\u00f5es.<\/p>\n<p lang=\"EN-US\" paraeid=\"{822bd2e3-c4ed-42ba-a06e-dadfadcd6804}{200}\" paraid=\"719561920\" xml:lang=\"EN-US\">De acordo com Sean Parnell, porta-voz do Pent\u00e1gono, a desloca\u00e7\u00e3o do navio para o Mar das Cara\u00edbas deu-se para desmantelar \u201cOrganiza\u00e7\u00f5es Criminosas Transnacionais e combater o narco-terrorismo&#8221;. De resto, o movimento deste navio \u00e9 um dos mais s\u00e9rios avisos a Nicol\u00e1s Maduro e ao regime venezuelano.<\/p>\n<blockquote class=\"twitter-tweet\">\n<p lang=\"en\">STATEMENT:<\/p>\n<p>In support of the President\u2019s directive to dismantle Transnational Criminal Organizations (TCOs) and counter narco-terrorism in defense of the Homeland, the Secretary of War has directed the Gerald R. Ford Carrier Strike Group and embarked carrier air wing to the U.S.\u2026<\/p>\n<p> \u2014 Sean Parnell (@SeanParnellASW) <a href=\"https:\/\/twitter.com\/SeanParnellASW\/status\/1981759934539985132?ref_src=twsrc%5Etfw\" rel=\"nofollow noopener\" target=\"_blank\">October 24, 2025<\/a>\n<\/p><\/blockquote>\n<p lang=\"EN-US\" paraeid=\"{c7bb2f04-0bdc-4eb1-b224-a04ff7bc51ea}{61}\" paraid=\"548906067\" xml:lang=\"EN-US\">O USS Gerald Ford, contru\u00eddo pela Huntington Ingalls Industries, come\u00e7ou a ser desenvolvido em 2009 mas s\u00f3 entrou ao servi\u00e7o em 2017. Enfrentou ainda diversos desafios t\u00e9cnicos que atrasaram a sua total operacionalidade, que s\u00f3 foi conseguida em 2022. Batizado em homenagem ao presidente Gerald Ford, que governou os EUA entre 1974 e 1977, o navio representa atualmente o expoente m\u00e1ximo da capacidade naval norte-americana, combinando inova\u00e7\u00e3o tecnol\u00f3gica, poder a\u00e9reo e efici\u00eancia operacional como nenhum outro porta-avi\u00f5es.<\/p>\n<p>\t            <script async src=\"https:\/\/platform.twitter.com\/widgets.js\" charset=\"utf-8\"><\/script><\/p>\n","protected":false},"excerpt":{"rendered":"Porta-avi\u00f5es tem capacidade para 75 aeronaves, incluindo ca\u00e7as, helic\u00f3pteros, avi\u00f5es de vigil\u00e2ncia e meios de guerra eletr\u00f3nica. Mede&hellip;\n","protected":false},"author":2,"featured_media":156566,"comment_status":"","ping_status":"","sticky":false,"template":"","format":"standard","meta":{"footnotes":""},"categories":[8],"tags":[609,836,611,27,28,9109,607,608,333,832,604,135,610,476,413,15,16,33546,301,830,14,603,25,26,570,21,22,831,833,62,834,12,13,19,20,835,602,52,7530,32,23,24,33,17,18,29,30,31],"class_list":{"0":"post-156565","1":"post","2":"type-post","3":"status-publish","4":"format-standard","5":"has-post-thumbnail","7":"category-principais-noticias","8":"tag-alerta","9":"tag-analise","10":"tag-ao-minuto","11":"tag-breaking-news","12":"tag-breakingnews","13":"tag-caraibas","14":"tag-cnn","15":"tag-cnn-portugal","16":"tag-comentadores","17":"tag-costa","18":"tag-crime","19":"tag-desporto","20":"tag-direto","21":"tag-economia","22":"tag-eua","23":"tag-featured-news","24":"tag-featurednews","25":"tag-gerald-ford","26":"tag-governo","27":"tag-guerra","28":"tag-headlines","29":"tag-justica","30":"tag-latest-news","31":"tag-latestnews","32":"tag-live","33":"tag-main-news","34":"tag-mainnews","35":"tag-mais-vistas","36":"tag-marcelo","37":"tag-mundo","38":"tag-negocios","39":"tag-news","40":"tag-noticias","41":"tag-noticias-principais","42":"tag-noticiasprincipais","43":"tag-opiniao","44":"tag-pais","45":"tag-politica","46":"tag-porta-avioes","47":"tag-portugal","48":"tag-principais-noticias","49":"tag-principaisnoticias","50":"tag-pt","51":"tag-top-stories","52":"tag-topstories","53":"tag-ultimas","54":"tag-ultimas-noticias","55":"tag-ultimasnoticias"},"share_on_mastodon":{"url":"","error":"Validation failed: Text character limit of 500 exceeded"},"_links":{"self":[{"href":"https:\/\/www.europesays.com\/pt\/wp-json\/wp\/v2\/posts\/156565","targetHints":{"allow":["GET"]}}],"collection":[{"href":"https:\/\/www.europesays.com\/pt\/wp-json\/wp\/v2\/posts"}],"about":[{"href":"https:\/\/www.europesays.com\/pt\/wp-json\/wp\/v2\/types\/post"}],"author":[{"embeddable":true,"href":"https:\/\/www.europesays.com\/pt\/wp-json\/wp\/v2\/users\/2"}],"replies":[{"embeddable":true,"href":"https:\/\/www.europesays.com\/pt\/wp-json\/wp\/v2\/comments?post=156565"}],"version-history":[{"count":0,"href":"https:\/\/www.europesays.com\/pt\/wp-json\/wp\/v2\/posts\/156565\/revisions"}],"wp:featuredmedia":[{"embeddable":true,"href":"https:\/\/www.europesays.com\/pt\/wp-json\/wp\/v2\/media\/156566"}],"wp:attachment":[{"href":"https:\/\/www.europesays.com\/pt\/wp-json\/wp\/v2\/media?parent=156565"}],"wp:term":[{"taxonomy":"category","embeddable":true,"href":"https:\/\/www.europesays.com\/pt\/wp-json\/wp\/v2\/categories?post=156565"},{"taxonomy":"post_tag","embeddable":true,"href":"https:\/\/www.europesays.com\/pt\/wp-json\/wp\/v2\/tags?post=156565"}],"curies":[{"name":"wp","href":"https:\/\/api.w.org\/{rel}","templated":true}]}}