{"id":156569,"date":"2025-11-18T15:20:40","date_gmt":"2025-11-18T15:20:40","guid":{"rendered":"https:\/\/www.europesays.com\/pt\/156569\/"},"modified":"2025-11-18T15:20:40","modified_gmt":"2025-11-18T15:20:40","slug":"terra-forte-maria-de-fatima-apanha-flor-em-flagrante-tvi","status":"publish","type":"post","link":"https:\/\/www.europesays.com\/pt\/156569\/","title":{"rendered":"Terra Forte: Maria de F\u00e1tima apanha Flor em flagrante &#8211; TVI"},"content":{"rendered":"<ol>\n<li><a href=\"https:\/\/news.google.com\/rss\/articles\/CBMipgFBVV95cUxQVGpiLUpBTm01VE1SdzhqTnN4RERRRzAtVkFHbHJjOXJwZ1ZwbUJEZkgwNGZUd0F0eWxOaDBCeHhnZldxN0dJcU9zb3lvYnlaTWtBT2dOdXAwdDQwVVhSckg1QUd1Y3NMWm9mS2ZuQXBxQzl2ZWpEc0tkSXR6cWc4U0lfTDdiU3A0TFFUallEa3RFTV9jSzJmeEVLa0piSnVWem81aHBB?oc=5\" target=\"_blank\" rel=\"nofollow noopener\">Terra Forte: Maria de F\u00e1tima apanha Flor em flagrante<\/a>&nbsp;&nbsp;TVI<\/li>\n<li><a href=\"https:\/\/news.google.com\/rss\/articles\/CBMi4gFBVV95cUxQanRqY2FKODVSWUg1eks0U0I4bmp6SjBWaEJOWHRGVmdhVGVKbDU1Z1RPZkFhblhza3pwMFdvdTMzbjZ0Rmo0NlpDeTJ1cFRyR25MVWNaV0kxdTYzM2RmdTNMVXoyTUlTMDRDQ05jdmNydzRvQmJVYWRMUVR4Q3dXYlNOQnQwTzRyOFl2cU0wcVlRZE1JZ1NLdDRGam9ZUWtfVUFfdFFIbHJIQV85Qk9MbzZqWUZZU0tBVlNCUm9yd1paN0VpbC1FRHJILVZiY3phS3JyVTBXWHhPcmFmLWxWd0hR?oc=5\" target=\"_blank\" rel=\"nofollow noopener\">Terra Forte. Bomba: Maria de F\u00e1tima pede perd\u00e3o a Flor depois de a expulsar de casa para n\u00e3o perder Sammy de vez<\/a>&nbsp;&nbsp;TV Guia.pt<\/li>\n<li><a href=\"https:\/\/news.google.com\/rss\/articles\/CBMiswFBVV95cUxOSHV3aGtxNGFXUlViY29RZ0hHOFJFTmxKRE85OTNEdExTZ3d5OV9UajhKLThIMjNXSDFqSHBFdDJXZ3otZkxXNWxFY2l0MXBlYTVIOGppanZnZVowMW9kQUwwZDNlUjd4TGhFc20zWjZ3SzU0dlgwdnBUMVJvUFY1cWU3eHJPMXZ5TzY1NHhRa05GZm14dGQ2b0tSem02V2Q1NWxVUzYyRUZETHhCYV8wampXWQ?oc=5\" target=\"_blank\" rel=\"nofollow noopener\">Terra Forte: Maria de F\u00e1tima est\u00e1 disposta a levar Flor a tribunal?<\/a>&nbsp;&nbsp;Maria.pt<\/li>\n<li><a href=\"https:\/\/news.google.com\/rss\/articles\/CBMi4wFBVV95cUxOSGtaME12TW1ad2ZBUFc1b2I0OU9odnN2Z3hfODBLbXhER01KcHIxV1lBTnY5RGdObW9NZUtTMnNodmNxRHgtU2pVNkdCcmQ4OVZWTjVTXy1LNE1nS1pkVEdsRmF0anh1SVJhU1lnRWhyQTFYd0d2U0xha3c4YUVKdC16QVdwYXZpYWdpZ2ljSU9iUTk5dFdUX1lPMGRUQ2hJXzlWSGg3WFIxNW9kRXhXVkliRktIQndFRkREdFNscjg2S2pMWjdOZFhZN3FLbEtKRmVwT3QtSTJGWE51OVZCZlZyaw?oc=5\" target=\"_blank\" rel=\"nofollow noopener\">Vem a\u00ed em \u00abTerra Forte\u00bb: Flor recusa ficar com Sammy, por ter uma d\u00edvida de gratid\u00e3o com Ant\u00f3nio<\/a>&nbsp;&nbsp;TVI<\/li>\n<li><a href=\"https:\/\/news.google.com\/rss\/articles\/CBMimwFBVV95cUxNelV1aWNLWmsyR3g3Q0tHbnU0ZDhnb3l0c0pjYUMzeTVEQmtCRS0yWWJmVEhUaVdGRmZ1MXd4ZjVVeVpWeDN1Y2VuTUlVTml6R2xvYS1PcnRGMDZUVkt5X3ZUWS1YanBWR1hySXdTQVQ2TTUybElLa3BfdnNucVVqUGJyTVNzY2FaOGRHQXFpTnhkVGRLNVEtRE10NA?oc=5\" target=\"_blank\" rel=\"nofollow noopener\">Vem a\u00ed em \u00abTerra Forte\u00bb: Sammy beija Flor<\/a>&nbsp;&nbsp;TVI<\/li>\n<\/ol>\n","protected":false},"excerpt":{"rendered":"Terra Forte: Maria de F\u00e1tima apanha Flor em flagrante&nbsp;&nbsp;TVI Terra Forte. Bomba: Maria de F\u00e1tima pede perd\u00e3o a&hellip;\n","protected":false},"author":2,"featured_media":156570,"comment_status":"","ping_status":"","sticky":false,"template":"","format":"standard","meta":{"footnotes":""},"categories":[142],"tags":[48,28350,166,801,114,115,28349,28348,28347,13,161,32,28346,33,18614,151,162,28344,28345,28343,28342,28340,28341],"class_list":{"0":"post-156569","1":"post","2":"type-post","3":"status-publish","4":"format-standard","5":"has-post-thumbnail","7":"category-tv","8":"tag-big-brother","9":"tag-bigbrother-tvi","10":"tag-cristina-ferreira","11":"tag-dois-as-10","12":"tag-entertainment","13":"tag-entretenimento","14":"tag-festas-tvi","15":"tag-goucha","16":"tag-guia-tv","17":"tag-noticias","18":"tag-novelas","19":"tag-portugal","20":"tag-programas-tvi","21":"tag-pt","22":"tag-terra-forte","23":"tag-tv","24":"tag-tvi","25":"tag-tvi-3-0","26":"tag-tvi-30","27":"tag-tvi-internacional","28":"tag-tvi-reality","29":"tag-tvificcao","30":"tag-tviplayer"},"share_on_mastodon":{"url":"https:\/\/pubeurope.com\/@pt\/115571380910570089","error":""},"_links":{"self":[{"href":"https:\/\/www.europesays.com\/pt\/wp-json\/wp\/v2\/posts\/156569","targetHints":{"allow":["GET"]}}],"collection":[{"href":"https:\/\/www.europesays.com\/pt\/wp-json\/wp\/v2\/posts"}],"about":[{"href":"https:\/\/www.europesays.com\/pt\/wp-json\/wp\/v2\/types\/post"}],"author":[{"embeddable":true,"href":"https:\/\/www.europesays.com\/pt\/wp-json\/wp\/v2\/users\/2"}],"replies":[{"embeddable":true,"href":"https:\/\/www.europesays.com\/pt\/wp-json\/wp\/v2\/comments?post=156569"}],"version-history":[{"count":0,"href":"https:\/\/www.europesays.com\/pt\/wp-json\/wp\/v2\/posts\/156569\/revisions"}],"wp:featuredmedia":[{"embeddable":true,"href":"https:\/\/www.europesays.com\/pt\/wp-json\/wp\/v2\/media\/156570"}],"wp:attachment":[{"href":"https:\/\/www.europesays.com\/pt\/wp-json\/wp\/v2\/media?parent=156569"}],"wp:term":[{"taxonomy":"category","embeddable":true,"href":"https:\/\/www.europesays.com\/pt\/wp-json\/wp\/v2\/categories?post=156569"},{"taxonomy":"post_tag","embeddable":true,"href":"https:\/\/www.europesays.com\/pt\/wp-json\/wp\/v2\/tags?post=156569"}],"curies":[{"name":"wp","href":"https:\/\/api.w.org\/{rel}","templated":true}]}}