{"id":156571,"date":"2025-11-18T15:22:38","date_gmt":"2025-11-18T15:22:38","guid":{"rendered":"https:\/\/www.europesays.com\/pt\/156571\/"},"modified":"2025-11-18T15:22:38","modified_gmt":"2025-11-18T15:22:38","slug":"as-atualizacoes-da-cinebiografia-do-kiss-fornecidas-pelo-diretor","status":"publish","type":"post","link":"https:\/\/www.europesays.com\/pt\/156571\/","title":{"rendered":"As atualiza\u00e7\u00f5es da cinebiografia do Kiss, fornecidas pelo diretor"},"content":{"rendered":"\n<p>Ainda em abril de 2021, saiu a not\u00edcia de que o <strong><a href=\"https:\/\/igormiranda.com.br\/tag\/kiss\/\" target=\"_blank\" rel=\"noreferrer noopener nofollow\">Kiss<\/a><\/strong> ganharia uma cinebiografia. Desde ent\u00e3o, o filme intitulado <strong>\u201c<a href=\"https:\/\/igormiranda.com.br\/tag\/shout-it-out-loud\/\" target=\"_blank\" rel=\"noreferrer noopener nofollow\">Shout It Out Loud<\/a>\u201d<\/strong> passou por mudan\u00e7as <a href=\"https:\/\/igormiranda.com.br\/2024\/09\/kiss-cinebiografia-troca-diretor\/\" target=\"_blank\" rel=\"noreferrer noopener nofollow\">quanto \u00e0 dire\u00e7\u00e3o<\/a> e teve o lan\u00e7amento adiado. Apesar das <a href=\"https:\/\/igormiranda.com.br\/2023\/03\/kiss-cinebiografia-filme-shout-it-out-loud-2024\/#:~:text=O%20empres%C3%A1rio%20Doc%20McGhee%20revelou,Alive!%E2%80%9D%2C%20em%201975.\" rel=\"nofollow noopener\" target=\"_blank\">promessas<\/a> do empres\u00e1rio <strong>Doc McGhee<\/strong> de uma estreia em 2024, n\u00e3o houve progressos nos bastidores que levassem \u00e0 conclus\u00e3o a tempo.\u00a0<\/p>\n<p>A \u00faltima atualiza\u00e7\u00e3o havia sa\u00eddo em junho, quando o <a href=\"https:\/\/igormiranda.com.br\/2025\/06\/paul-stanley-ator-cinebiografia-kiss-revelado\/\" target=\"_blank\" rel=\"noreferrer noopener nofollow\">Deadline<\/a> divulgou que <strong><a href=\"https:\/\/igormiranda.com.br\/tag\/nick-jonas\/\" target=\"_blank\" rel=\"noreferrer noopener nofollow\">Nick Jonas<\/a><\/strong> estaria escalado para interpretar o vocalista e guitarrista <strong>Paul Stanley<\/strong>. At\u00e9 o momento, a escolha n\u00e3o foi anunciada de maneira oficial.<\/p>\n<p>&#8211; Advertisement &#8211;<\/p>\n<p>Entretanto, durante o evento \u201cKiss Kruise: Landlocked in Vegas\u201d, realizado no \u00faltimo fim de semana, o novo diretor <strong>Joseph McGinty Nicho<\/strong> (<strong>McG<\/strong>) trouxe novas informa\u00e7\u00f5es a respeito do longa-metragem. A transcri\u00e7\u00e3o \u00e9 da <a href=\"https:\/\/blabbermouth.net\/news\/director-of-upcoming-kiss-biopic-shout-it-out-loud-says-bands-story-is-the-ultimate-rock-n-roll-fantasy\" target=\"_blank\" rel=\"noreferrer noopener nofollow\">Blabbermouth<\/a>.\u00a0<\/p>\n<p>O cineasta respons\u00e1vel por <strong>\u201cO Exterminador do Futuro \u2013 A Salva\u00e7\u00e3o\u201d<\/strong>, <strong>\u201cAs Panteras\u201d<\/strong> e <strong>\u201c3 Dias Para Matar\u201d<\/strong> revelou que a inten\u00e7\u00e3o de \u201cShout It Out Loud\u201d \u00e9 transmitir a mesma energia que o Kiss emanava do palco. N\u00e3o s\u00f3, como agradar os f\u00e3s com a trama, descrita como \u201cdivertida\u201d e \u201cgrandiosa\u201d:\u00a0<\/p>\n<p>\u201cEu acho que o Kiss \u00e9 a banda de rock n\u2019 roll mais empolgante da hist\u00f3ria e, por isso, devemos aos f\u00e3s o filme mais empolgante da hist\u00f3ria. Meu objetivo \u00e9 que as pessoas, ao ver o filme, sintam aquele calor que vinha do palco, que \u00e9 exatamente o que me deixa t\u00e3o animado em um show do Kiss.\u201c<\/p>\n<p>Complementando, o produtor <strong>Mark Canton<\/strong> disse:<\/p>\n<p>\u201cEstamos realmente focados em boas hist\u00f3rias bem contadas. \u00c9 sobre contar a hist\u00f3ria desses dois indiv\u00edduos incr\u00edveis [<strong>Paul Stanley<\/strong> e <strong>Gene Simmons<\/strong>] que se uniram contra todas as probabilidades. \u00c9 esse tipo de hist\u00f3ria que todo mundo entende, especialmente hoje em dia, no mundo todo. Estamos muito orgulhosos do roteiro. Acreditamos que n\u00e3o ser\u00e1 apenas um filme divertido, mas um grande filme.\u201d<\/p>\n<p> Kiss enquanto precursor <\/p>\n<p>Outra meta do enredo \u00e9 mostrar o car\u00e1ter precursor do Kiss, sobretudo no campo da pirotecnia no rock. McG exemplificou:\u00a0<\/p>\n<p>\u201cEu acho que, mais do que qualquer outra banda na hist\u00f3ria do rock n\u2019 roll, existe o rock n\u2019 roll antes do Kiss e o rock n\u2019 roll depois do KISS. Como \u00e9 mostrado no filme \u2018A Rede Social\u2019, o mundo era diferente antes do Facebook. Ent\u00e3o, o Facebook surgiu e tudo mudou para sempre. O rock n\u2019 roll era algo bem direto at\u00e9 o Kiss aparecer e explodir tudo, literal e figuradamente, com bombas, pirotecnia, cuspindo sangue, usando figurinos\u2026 A Taylor Swift usa pirotecnia. Tudo isso remonta ao Kiss. Este \u00e9 o ponto de virada no filme em que o mundo foi mudado para sempre pelo poder do rock n\u2019 roll.\u201d<\/p>\n<p> Elenco <\/p>\n<p>Em rela\u00e7\u00e3o aos atores, o diretor n\u00e3o deu qualquer detalhe concreto. Contudo, adiantou que \u201cjovens de todo o mundo\u201d demonstraram interesse em participar do filme e que, agora, o processo de sele\u00e7\u00e3o est\u00e1 chegando ao fim:\u00a0<\/p>\n<p>\u201cEstou muito feliz em dizer que todos os jovens atores do mundo querem fazer parte desse filme. Tive reuni\u00f5es extensas com eles. Estamos chegando ao ponto em que agora precisamos ver se eles realmente conseguem dar conta [\u2026]. Vamos at\u00e9 os confins da terra para garantir que o Gene [Simmons], o <strong>Peter<\/strong> [<strong>Criss<\/strong>], o <strong>Ace<\/strong> [<strong>Frehley<\/strong>], todo mundo esteja perfeito. Estamos exatamente no meio desse processo agora e mal posso esperar para anunciar. Vou coloc\u00e1-los nos figurinos e maquiagens e vamos divulgar fotos.\u201d<\/p>\n<p> O relato de Paul Stanley <\/p>\n<p><a href=\"https:\/\/igormiranda.com.br\/2024\/06\/paul-stanley-primeira-entrevista-desde-fim-kiss\/\" rel=\"nofollow noopener\" target=\"_blank\">Ao conversar com a jornalista Allison Hagendorf<\/a> em junho do ano passado, o Starchild tinha contado que os atores seriam selecionados logo e que, por mais que opinasse a respeito, deixaria \u201cas boas pessoas escaladas trabalharem nisso\u201d. \u00c0 \u00e9poca, tamb\u00e9m acrescentou:<\/p>\n<p>\u201cPara que o elenco seja preciso em termos de idade, estamos procurando atores no in\u00edcio dos seus 20 e poucos anos. Sinceramente, eu n\u00e3o conhe\u00e7o muitos atores nessa faixa et\u00e1ria.\u201d<\/p>\n<p> \u201cShout It Out Loud\u201d, a cinebiografia do Kiss <\/p>\n<p>Inicialmente, o noruegu\u00eas\u00a0Joachim R\u00f8nning\u00a0(\u201cMal\u00e9vola: Dona do Mal\u201d, \u201cPiratas do Caribe: A Vingan\u00e7a de Salazar\u201d, \u201cA Aventura de Kon-Tiki\u201d) ficaria a cargo da dire\u00e7\u00e3o. Por\u00e9m, como revelado em setembro do ano passado, quem assume a fun\u00e7\u00e3o agora \u00e9\u00a0Joseph McGinty Nicho\u00a0(\u201cO Exterminador do Futuro \u2013 A Salva\u00e7\u00e3o\u201d, \u201cAs Panteras\u201d, \u201c3 Dias Para Matar\u201d), mais conhecido como\u00a0McG.\u00a0<\/p>\n<p>Em\u00a0<a href=\"https:\/\/igormiranda.com.br\/2021\/09\/kiss-cinebiografia-filme-quatro-anos\/\" target=\"_blank\" rel=\"noreferrer noopener nofollow\">entrevista ao Talking Metal<\/a>\u00a0em setembro de 2021, Doc McGhee destacou que \u201cShout It Out Loud\u201d abordar\u00e1 os quatro primeiros anos do Kiss. A ideia \u00e9 que a hist\u00f3ria seja conclu\u00edda na \u00e9poca em que eles ficam famosos, ap\u00f3s o \u00e1lbum ao vivo\u00a0\u201cAlive!\u201d\u00a0(1975) estourar.<\/p>\n<p>O manager declarou:<\/p>\n<p>\u201cO roteiro \u00e9 sobre os primeiros quatro anos do Kiss. Basicamente, \u00e9 antes de eles serem famosos \u2013 vai at\u00e9 (o show feito em 1975, em) Cadillac High, algo assim. Acho que \u00e9 um olhar muito interessante sobre a forma\u00e7\u00e3o do Kiss, a mentalidade de como aquilo se formou, a press\u00e3o social que todos tinham nos anos 60 e 70, que trouxe algo como o Kiss para os holofotes, que aquilo poderia acontecer de verdade. Ent\u00e3o \u00e9 um filme muito interessante e acho que \u00e9 muito bem escrito.\u201d\u00a0<\/p>\n<p><strong>Clique<\/strong> para seguir IgorMiranda.com.br no: <a href=\"https:\/\/instagram.com\/igormirandasite\" target=\"_blank\" rel=\"noreferrer noopener nofollow\">Instagram<\/a> | <a href=\"https:\/\/bsky.app\/profile\/igormirandasite.bsky.social\" target=\"_blank\" rel=\"noreferrer noopener nofollow\">Bluesky<\/a> | <a href=\"https:\/\/twitter.com\/igormirandasite\" target=\"_blank\" rel=\"noreferrer noopener nofollow\">Twitter<\/a> | <a href=\"https:\/\/tiktok.com\/@igormirandasite\" target=\"_blank\" rel=\"noreferrer noopener nofollow\">TikTok<\/a> | <a href=\"https:\/\/facebook.com\/igormirandasite\" target=\"_blank\" rel=\"noreferrer noopener nofollow\">Facebook<\/a> | <a href=\"https:\/\/www.youtube.com\/igormirandasite\" target=\"_blank\" rel=\"noreferrer noopener nofollow\">YouTube<\/a> | <a href=\"https:\/\/www.threads.net\/@igormirandasite\" target=\"_blank\" rel=\"noreferrer noopener nofollow\">Threads<\/a>.<\/p>\n<p> <script async src=\"https:\/\/platform.twitter.com\/widgets.js\" charset=\"utf-8\"><\/script><script async src=\"\/\/www.instagram.com\/embed.js\"><\/script><script async src=\"\/\/www.tiktok.com\/embed.js\"><\/script><\/p>\n","protected":false},"excerpt":{"rendered":"Ainda em abril de 2021, saiu a not\u00edcia de que o Kiss ganharia uma cinebiografia. Desde ent\u00e3o, o&hellip;\n","protected":false},"author":2,"featured_media":156572,"comment_status":"","ping_status":"","sticky":false,"template":"","format":"standard","meta":{"footnotes":""},"categories":[140],"tags":[470,114,115,147,148,11290,146,32,33,33627],"class_list":{"0":"post-156571","1":"post","2":"type-post","3":"status-publish","4":"format-standard","5":"has-post-thumbnail","7":"category-filmes","8":"tag-cinema","9":"tag-entertainment","10":"tag-entretenimento","11":"tag-film","12":"tag-filmes","13":"tag-kiss","14":"tag-movies","15":"tag-portugal","16":"tag-pt","17":"tag-shout-it-out-loud"},"share_on_mastodon":{"url":"https:\/\/pubeurope.com\/@pt\/115571389189129601","error":""},"_links":{"self":[{"href":"https:\/\/www.europesays.com\/pt\/wp-json\/wp\/v2\/posts\/156571","targetHints":{"allow":["GET"]}}],"collection":[{"href":"https:\/\/www.europesays.com\/pt\/wp-json\/wp\/v2\/posts"}],"about":[{"href":"https:\/\/www.europesays.com\/pt\/wp-json\/wp\/v2\/types\/post"}],"author":[{"embeddable":true,"href":"https:\/\/www.europesays.com\/pt\/wp-json\/wp\/v2\/users\/2"}],"replies":[{"embeddable":true,"href":"https:\/\/www.europesays.com\/pt\/wp-json\/wp\/v2\/comments?post=156571"}],"version-history":[{"count":0,"href":"https:\/\/www.europesays.com\/pt\/wp-json\/wp\/v2\/posts\/156571\/revisions"}],"wp:featuredmedia":[{"embeddable":true,"href":"https:\/\/www.europesays.com\/pt\/wp-json\/wp\/v2\/media\/156572"}],"wp:attachment":[{"href":"https:\/\/www.europesays.com\/pt\/wp-json\/wp\/v2\/media?parent=156571"}],"wp:term":[{"taxonomy":"category","embeddable":true,"href":"https:\/\/www.europesays.com\/pt\/wp-json\/wp\/v2\/categories?post=156571"},{"taxonomy":"post_tag","embeddable":true,"href":"https:\/\/www.europesays.com\/pt\/wp-json\/wp\/v2\/tags?post=156571"}],"curies":[{"name":"wp","href":"https:\/\/api.w.org\/{rel}","templated":true}]}}