{"id":156581,"date":"2025-11-18T15:28:29","date_gmt":"2025-11-18T15:28:29","guid":{"rendered":"https:\/\/www.europesays.com\/pt\/156581\/"},"modified":"2025-11-18T15:28:29","modified_gmt":"2025-11-18T15:28:29","slug":"ataques-russos-fazem-tres-mortos-em-kharkiv-e-atingem-navios-em-odessa","status":"publish","type":"post","link":"https:\/\/www.europesays.com\/pt\/156581\/","title":{"rendered":"Ataques russos fazem tr\u00eas mortos em Kharkiv e atingem navios em Odessa"},"content":{"rendered":"<p>                Um <b>ataque com m\u00edssil russo na cidade de Balakliia, no leste da Ucr\u00e2nia, matou tr\u00eas pessoas e deixou tr\u00eas adolescentes entre os dez feridos<\/b>, revelaram esta segunda-feira as autoridades regionais de Kharkiv.<\/p>\n<p>O <b>ataque, ocorrido durante a noite, danificou edif\u00edcios residenciais de v\u00e1rios andares e destruiu dezenas de carros no centro da cidade<\/b>, disse Oleh Synehubov, governador da regi\u00e3o que faz fronteira com a R\u00fassia, na aplica\u00e7\u00e3o Telegram.Balaklia situa-se a 60 quil\u00f3metros do ponto mais pr\u00f3ximo das zonas de &#13;<br \/>\ncombate. A cidade tinha uma popula\u00e7\u00e3o de mais de 26 mil habitantes antes&#13;<br \/>\nda guerra.\u00a0<br \/>&#13;\n<\/p>\n<p><b>Uma fotografia fornecida pelas autoridades regionais mostrava a fachada danificada de um edif\u00edcio de tijolos de v\u00e1rios andares com janelas rebentadas, enquanto chamas consumiam um andar superior e destro\u00e7os e ramos de \u00e1rvores partidos estavam espalhados pela \u00e1rea.<\/b><\/p>\n<p>Os adolescentes estavam entre os feridos, esclareceu Vitali Karabanov, chefe da administra\u00e7\u00e3o militar de Balakliia, no Telegram. Nove dos dez feridos necessitaram de ser hospitalizados.<\/p>\n<p><b>De acordo com Karabanov, as for\u00e7as armadas russas realizaram dois ataques com m\u00edsseis contra o centro da cidade. <\/b><\/p>\n<p>Moscovo n\u00e3o comentou o ataque de imediato. A Reuters n\u00e3o conseguiu verificar de forma independente as declara\u00e7\u00f5es de Karabanov.<\/p>\n<p><b>A R\u00fassia tem lan\u00e7ado ataques regulares com m\u00edsseis, drones e artilharia contra Kharkiv, a segunda maior cidade da Ucr\u00e2nia<\/b>, destruindo casas e infraestruturas, interrompendo o fornecimento de energia e submetendo os residentes a constantes alertas de ataques a\u00e9reos. <\/p>\n<p>Partes da regi\u00e3o de Kharkiv, e a cidade de Izyum, a sul, ficaram sem energia el\u00e9trica durante a noite na sequ\u00eancia dos ataques russos no final do dia de domingo.\u00a0Ataque a Odessa deixa 36.500 casas sem energia <br \/>&#13;<br \/>\n<br \/>&#13;<br \/>\nNa regi\u00e3o de Odessa, no sul da Ucr\u00e2nia, um ataque russo provocou inc\u00eandios em instala\u00e7\u00f5es portu\u00e1rias e de infraestruturas energ\u00e9ticas, informaram esta segunda-feira os servi\u00e7os de emerg\u00eancia.<\/p>\n<p>O ataque danificou equipamento portu\u00e1rio e v\u00e1rias embarca\u00e7\u00f5es civis atracadas nos cais, escreveu o vice-primeiro-ministro, Oleksii Kuleba, no Telegram.<\/p>\n<p><b>&#8220;Um dos portos est\u00e1 sem energia, e os especialistas j\u00e1 est\u00e3o a trabalhar para restabelecer o fornecimento&#8221;, acrescentou.<\/b><\/p>\n<p>J\u00e1 o governador de Odessa, Oleg Kiper,avan\u00e7ou que ataque das for\u00e7as de Moscovo danificou instala\u00e7\u00f5es e v\u00e1rios navios no porto de Odessa. <\/p>\n<p>Tratou-se de um ataque que visou navios, instala\u00e7\u00f5es portu\u00e1rias e centrais de energia em &#8220;v\u00e1rios pontos de Odessa&#8221;. <\/p>\n<p><b>O ataque \u00e0 regi\u00e3o deixou 36.500 casas sem energia, informou a empresa privada de energia da Ucr\u00e2nia, DTEK. Cerca de 32.500 casas permaneciam sem energia na manh\u00e3 desta segunda-feira.<\/b>A DTEK reportou danos significativos nas suas instala\u00e7\u00f5es ap\u00f3s o ataque ocorrido durante a noite, numa publica\u00e7\u00e3o no Telegram.<\/p>\n<p><b>Desde o in\u00edcio da invas\u00e3o russa da Ucr\u00e2nia, em fevereiro de 2022, a R\u00fassia tem atacado quase diariamente o territ\u00f3rio ucraniano, com recurso a drones e m\u00edsseis.<\/b> Na sexta-feira, pelo menos seis pessoas morreram num \u00fanico edif\u00edcio em Kiev durante um ataque russo.<\/p>\n<p>Com a aproxima\u00e7\u00e3o do inverno, Moscovo tamb\u00e9m tem vindo a intensificar os seus bombardeamentos contra as infraestruturas energ\u00e9ticas. Kiev, por sua vez, ataca regularmente dep\u00f3sitos de petr\u00f3leo, refinarias e outras instala\u00e7\u00f5es na R\u00fassia.<\/p>\n<p>Na linha da frente, o ex\u00e9rcito russo continua a avan\u00e7ar, principalmente na regi\u00e3o de Zaporizhzhia (sul), parcialmente ocupada por Moscovo, onde a R\u00fassia afirmou ter capturado mais duas aldeias no domingoR\u00fassia destruiu 36 drones ucranianos <br \/>&#13;<br \/>\nAs for\u00e7as de defesa a\u00e9rea russas destru\u00edram 36 drones\u00a0ucranianos sobre sete regi\u00f5es da R\u00fassia durante a noite desta segunda-feira, informou o Minist\u00e9rio da Defesa.<\/p>\n<p><b>Denis Pushilin, o principal respons\u00e1vel apoiado pela R\u00fassia em Donetsk, disse que um ataque de drones ucranianos \u00e0s infraestruturas energ\u00e9ticas deixou cerca de 500 mil pessoas sem energia em v\u00e1rios distritos<\/b>. Os trabalhos para restabelecer o fornecimento de eletricidade continuam, escreveu Pushilin no Telegram.<\/p>\n<p>O governador da regi\u00e3o de Ulyanovsk, a leste de Moscovo, disse que um ataque de um drone ucraniano a uma subesta\u00e7\u00e3o local foi repelido. N\u00e3o houve v\u00edtimas e o fornecimento de energia n\u00e3o foi afetado, escreveu Alexei Russkikh no Telegram.Zelensky em Paris em busca de acordo para defender espa\u00e7o a\u00e9reo <br \/>&#13;<br \/>\nOs presidentes da Ucr\u00e2nia e de Fran\u00e7a est\u00e3o reunidos em Paris esta segunda-feira para discutir as necessidades militares de Kiev e a coopera\u00e7\u00e3o entre as ind\u00fastrias de defesa dos dois pa\u00edses. Volodymyr Zelensky mencionou um &#8220;grande acordo em prepara\u00e7\u00e3o&#8221;.<br \/>&#13;<br \/>\n<b><br \/>&#13;<br \/>\nSegundo o Pal\u00e1cio do Eliseu, o objetivo \u00e9 &#8220;colocar a excel\u00eancia francesa na ind\u00fastria de armamento ao servi\u00e7o da defesa da Ucr\u00e2nia&#8221; e &#8220;viabilizar a aquisi\u00e7\u00e3o dos sistemas necess\u00e1rios para combater a agress\u00e3o russa&#8221;.<\/b><\/p>\n<p>A presid\u00eancia francesa mencionou especificamente &#8220;a defesa do espa\u00e7o a\u00e9reo ucraniano&#8221;, enquanto Volodymyr Zelensky reiterou o seu apelo, feito no s\u00e1bado, por mais sistemas de defesa a\u00e9rea, ap\u00f3s novos e maci\u00e7os ataques a\u00e9reos russos contra o seu pa\u00eds.<\/p>\n<p>Emmanuel Macron e Volodymyr iniciaram o dia na base a\u00e9rea militar de Villacoublay, a sudoeste da capital.<b>O presidente ucraniano, que no m\u00eas passado assinou uma carta de inten\u00e7\u00f5es para adquirir entre 100 a 150 ca\u00e7as Gripen suecos, vai receber o ca\u00e7a franc\u00eas Rafale e o seu armamento, bem como sistemas de drones e o sistema de defesa a\u00e9rea de \u00faltima gera\u00e7\u00e3o SAMP-T.<\/b><\/p>\n<p>Este \u00faltimo tem previs\u00e3o de entrega a Fran\u00e7a a partir de 2027 e possui capacidades de interce\u00e7\u00e3o de m\u00edsseis melhoradas em compara\u00e7\u00e3o com o anterior. <\/p>\n<p><b>&#8220;Estamos a trabalhar na entrega de diversos sistemas de defesa a\u00e9rea, no refor\u00e7o da nossa for\u00e7a a\u00e9rea&#8221;, anunciou Volodymyr Zelensky <\/b>num v\u00eddeo na sexta-feira, acrescentando que &#8220;est\u00e1 a ser preparado um grande acordo com a Fran\u00e7a&#8221;.<\/p>\n<p>&#8220;Ser\u00e1 finalizado muito rapidamente, tenho a certeza; ser\u00e1 hist\u00f3rico&#8221;, acrescentou.<\/p>\n<p>No final de outubro, Emmanuel Macron anunciou a entrega &#8220;nos pr\u00f3ximos dias&#8221; de m\u00edsseis antia\u00e9reos Aster, disparados pelo sistema SAMP-T, e dois mil ca\u00e7as Mirage adicionais. Kiev j\u00e1 recebeu tr\u00eas das seis aeronaves prometidas\u201cFor\u00e7a Multinacional Ucr\u00e2nia&#8221;Os dois l\u00edderes v\u00e3o participar esta tarde, no Pal\u00e1cio do Eliseu, num &#8220;F\u00f3rum Franco-Ucraniano sobre Drones&#8221;.<\/p>\n<p><b>Segundo o Pal\u00e1cio do Eliseu, o objetivo \u00e9 &#8220;estabelecer contacto&#8221; e &#8220;refor\u00e7ar a coopera\u00e7\u00e3o com todas as partes interessadas neste ecossistema, sejam elas industriais ou financeiras&#8221;.<\/b><\/p>\n<p>Kiev pretende utilizar mais de 4,5 milh\u00f5es de drones este ano, respons\u00e1veis por 70 por cento  da destrui\u00e7\u00e3o de equipamento inimigo nas linhas da frente. O pa\u00eds desenvolveu uma robusta rede de produ\u00e7\u00e3o para este fim. A Ucr\u00e2nia tamb\u00e9m utiliza drones para abater os drones  Shahed lan\u00e7ados contra o pa\u00eds todas as noites.<\/p>\n<p><b>Emmanuel Macron e Volodymyr Zelensky visitar\u00e3o tamb\u00e9m Mont Val\u00e9rien, a oeste de Paris, para conhecer o quartel-general da &#8220;For\u00e7a Multinacional Ucr\u00e2nia&#8221;, que Paris e Londres est\u00e3o a preparar para ser implantado no \u00e2mbito de um acordo de cessar-fogo e das &#8220;garantias de seguran\u00e7a&#8221; a fornecer a Kiev.<\/b><\/p>\n<p>Estabelecida pela &#8220;coliga\u00e7\u00e3o dos dispostos&#8221;, que, segundo o Pal\u00e1cio do Eliseu, inclui 35 pa\u00edses, entre os quais a Ucr\u00e2nia, esta sede &#8220;est\u00e1 operacional&#8221; e &#8220;j\u00e1&#8221; \u00e9 capaz de &#8220;desdobrar uma for\u00e7a no dia seguinte a um cessar-fogo&#8221;, afirmam fontes francesas.<\/p>\n<p>Esta coliga\u00e7\u00e3o de pa\u00edses, principalmente europeus, que apoiam a Ucr\u00e2nia, reuniu-se pela \u00faltima vez em Londres, no dia 24 de outubro.<b>As garantias de seguran\u00e7a previstas para a Ucr\u00e2nia, elaboradas ao longo de meses por esta coliga\u00e7\u00e3o, incluem o apoio ao ex\u00e9rcito de Kiev e \u00e0s suas for\u00e7as terrestres, mar\u00edtimas e a\u00e9reas.<\/b> Mas a sua implementa\u00e7\u00e3o continua condicionada a uma cessa\u00e7\u00e3o das hostilidades, que \u00e9 altamente improv\u00e1vel.<\/p>\n<p>&#13;<br \/>\nEsta nona visita do l\u00edder ucraniano a Fran\u00e7a desde o in\u00edcio da invas\u00e3o russa em larga escala do seu pa\u00eds, em fevereiro de 2022, ocorre numa altura em que a Ucr\u00e2nia enfrenta um esc\u00e2ndalo de corrup\u00e7\u00e3o que levou \u00e0 demiss\u00e3o de dois ministros e obrigou Volodymyr Zelensky a impor san\u00e7\u00f5es a um dos seus colaboradores mais pr\u00f3ximos.&#13;\n<\/p>\n<p>&#13;<br \/>\nc\/ Agencias\u00a0&#13;<\/p>\n","protected":false},"excerpt":{"rendered":"Um ataque com m\u00edssil russo na cidade de Balakliia, no leste da Ucr\u00e2nia, matou tr\u00eas pessoas e deixou&hellip;\n","protected":false},"author":2,"featured_media":156582,"comment_status":"","ping_status":"","sticky":false,"template":"","format":"standard","meta":{"footnotes":""},"categories":[50],"tags":[3391,27,28,837,33628,15,16,14,11327,25,26,21,22,4405,62,12,13,19,20,28162,23,24,839,17,18,840,29,30,31,63,64,65],"class_list":{"0":"post-156581","1":"post","2":"type-post","3":"status-publish","4":"format-standard","5":"has-post-thumbnail","7":"category-mundo","8":"tag-ataques","9":"tag-breaking-news","10":"tag-breakingnews","11":"tag-drones","12":"tag-energia-franca","13":"tag-featured-news","14":"tag-featurednews","15":"tag-headlines","16":"tag-kharkiv","17":"tag-latest-news","18":"tag-latestnews","19":"tag-main-news","20":"tag-mainnews","21":"tag-misseis","22":"tag-mundo","23":"tag-news","24":"tag-noticias","25":"tag-noticias-principais","26":"tag-noticiasprincipais","27":"tag-odessa","28":"tag-principais-noticias","29":"tag-principaisnoticias","30":"tag-russia","31":"tag-top-stories","32":"tag-topstories","33":"tag-ucrania","34":"tag-ultimas","35":"tag-ultimas-noticias","36":"tag-ultimasnoticias","37":"tag-world","38":"tag-world-news","39":"tag-worldnews"},"share_on_mastodon":{"url":"https:\/\/pubeurope.com\/@pt\/115571412529668313","error":""},"_links":{"self":[{"href":"https:\/\/www.europesays.com\/pt\/wp-json\/wp\/v2\/posts\/156581","targetHints":{"allow":["GET"]}}],"collection":[{"href":"https:\/\/www.europesays.com\/pt\/wp-json\/wp\/v2\/posts"}],"about":[{"href":"https:\/\/www.europesays.com\/pt\/wp-json\/wp\/v2\/types\/post"}],"author":[{"embeddable":true,"href":"https:\/\/www.europesays.com\/pt\/wp-json\/wp\/v2\/users\/2"}],"replies":[{"embeddable":true,"href":"https:\/\/www.europesays.com\/pt\/wp-json\/wp\/v2\/comments?post=156581"}],"version-history":[{"count":0,"href":"https:\/\/www.europesays.com\/pt\/wp-json\/wp\/v2\/posts\/156581\/revisions"}],"wp:featuredmedia":[{"embeddable":true,"href":"https:\/\/www.europesays.com\/pt\/wp-json\/wp\/v2\/media\/156582"}],"wp:attachment":[{"href":"https:\/\/www.europesays.com\/pt\/wp-json\/wp\/v2\/media?parent=156581"}],"wp:term":[{"taxonomy":"category","embeddable":true,"href":"https:\/\/www.europesays.com\/pt\/wp-json\/wp\/v2\/categories?post=156581"},{"taxonomy":"post_tag","embeddable":true,"href":"https:\/\/www.europesays.com\/pt\/wp-json\/wp\/v2\/tags?post=156581"}],"curies":[{"name":"wp","href":"https:\/\/api.w.org\/{rel}","templated":true}]}}