{"id":156583,"date":"2025-11-18T15:29:12","date_gmt":"2025-11-18T15:29:12","guid":{"rendered":"https:\/\/www.europesays.com\/pt\/156583\/"},"modified":"2025-11-18T15:29:12","modified_gmt":"2025-11-18T15:29:12","slug":"correios-de-droga-detidos-no-aeroporto-de-lisboa-cocaina-escondida-em-bolotas-junto-ao-corpo-e-na-bagagem","status":"publish","type":"post","link":"https:\/\/www.europesays.com\/pt\/156583\/","title":{"rendered":"Correios de droga detidos no aeroporto de Lisboa. Coca\u00edna escondida em &#8220;bolotas&#8221;, junto ao corpo e na bagagem"},"content":{"rendered":"<p data-remotead-prev-elm=\"true\" data-remotead-elm-id=\"inread\">&#8220;As deten\u00e7\u00f5es ocorreram no decurso de tr\u00eas interven\u00e7\u00f5es distintas, no \u00e2mbito de a\u00e7\u00f5es que t\u00eam em vista a preven\u00e7\u00e3o e repress\u00e3o da introdu\u00e7\u00e3o de produtos estupefacientes em territ\u00f3rio nacional&#8221;, explica a Pol\u00edcia Judici\u00e1ria (PJ). Em comunicado publicado nesta ter\u00e7a-feira, esta for\u00e7a de seguran\u00e7a acrescenta &#8220;que, caso tivesse chegado aos circuitos il\u00edcitos de distribui\u00e7\u00e3o, [a coca\u00edna apreendida] seria suficiente para a composi\u00e7\u00e3o de pelo menos 69.400 doses individuais&#8221;.<\/p>\n<p>Jovens em dificuldades recrutados como correios de droga<\/p>\n<p>As mulheres detidas pelos inspetores da Unidade Nacional de Combate ao Tr\u00e1fico de Estupefacientes da PJ est\u00e3o em pris\u00e3o preventiva, ap\u00f3s terem sido interrogadas pelo juiz de instru\u00e7\u00e3o criminal.<\/p>\n<p>A PJ garante que &#8220;as redes criminosas continuam a recrutar correios humanos para procederem ao transporte significativas de droga&#8221;. Acrescenta que estes correios de droga s\u00e3o &#8220;frequentemente jovens adultos em situa\u00e7\u00e3o de grande car\u00eancia econ\u00f3mica e\/ou emocional&#8221;, aliciados &#8220;com avultadas quantias monet\u00e1rias&#8221; para transportar droga at\u00e9 no organismo.<\/p>\n<p>Diz ainda a PJ que estes correios de droga s\u00e3o convencidos ainda &#8220;com falsas informa\u00e7\u00f5es quanto aos efetivos riscos que ir\u00e3o enfrentar, incluindo para a sua vida&#8221;.<\/p>\n","protected":false},"excerpt":{"rendered":"&#8220;As deten\u00e7\u00f5es ocorreram no decurso de tr\u00eas interven\u00e7\u00f5es distintas, no \u00e2mbito de a\u00e7\u00f5es que t\u00eam em vista a&hellip;\n","protected":false},"author":2,"featured_media":156584,"comment_status":"","ping_status":"","sticky":false,"template":"","format":"standard","meta":{"footnotes":""},"categories":[10],"tags":[1811,27,28,19764,33629,15,16,14,603,25,26,21,22,12,13,19,20,4107,32,23,24,33,17,18,27969,29,30,31],"class_list":{"0":"post-156583","1":"post","2":"type-post","3":"status-publish","4":"format-standard","5":"has-post-thumbnail","7":"category-portugal","8":"tag-aeroporto-de-lisboa","9":"tag-breaking-news","10":"tag-breakingnews","11":"tag-cocaina","12":"tag-correios-de-droga","13":"tag-featured-news","14":"tag-featurednews","15":"tag-headlines","16":"tag-justica","17":"tag-latest-news","18":"tag-latestnews","19":"tag-main-news","20":"tag-mainnews","21":"tag-news","22":"tag-noticias","23":"tag-noticias-principais","24":"tag-noticiasprincipais","25":"tag-pj","26":"tag-portugal","27":"tag-principais-noticias","28":"tag-principaisnoticias","29":"tag-pt","30":"tag-top-stories","31":"tag-topstories","32":"tag-trafico","33":"tag-ultimas","34":"tag-ultimas-noticias","35":"tag-ultimasnoticias"},"share_on_mastodon":{"url":"https:\/\/pubeurope.com\/@pt\/115571416471529082","error":""},"_links":{"self":[{"href":"https:\/\/www.europesays.com\/pt\/wp-json\/wp\/v2\/posts\/156583","targetHints":{"allow":["GET"]}}],"collection":[{"href":"https:\/\/www.europesays.com\/pt\/wp-json\/wp\/v2\/posts"}],"about":[{"href":"https:\/\/www.europesays.com\/pt\/wp-json\/wp\/v2\/types\/post"}],"author":[{"embeddable":true,"href":"https:\/\/www.europesays.com\/pt\/wp-json\/wp\/v2\/users\/2"}],"replies":[{"embeddable":true,"href":"https:\/\/www.europesays.com\/pt\/wp-json\/wp\/v2\/comments?post=156583"}],"version-history":[{"count":0,"href":"https:\/\/www.europesays.com\/pt\/wp-json\/wp\/v2\/posts\/156583\/revisions"}],"wp:featuredmedia":[{"embeddable":true,"href":"https:\/\/www.europesays.com\/pt\/wp-json\/wp\/v2\/media\/156584"}],"wp:attachment":[{"href":"https:\/\/www.europesays.com\/pt\/wp-json\/wp\/v2\/media?parent=156583"}],"wp:term":[{"taxonomy":"category","embeddable":true,"href":"https:\/\/www.europesays.com\/pt\/wp-json\/wp\/v2\/categories?post=156583"},{"taxonomy":"post_tag","embeddable":true,"href":"https:\/\/www.europesays.com\/pt\/wp-json\/wp\/v2\/tags?post=156583"}],"curies":[{"name":"wp","href":"https:\/\/api.w.org\/{rel}","templated":true}]}}