{"id":156587,"date":"2025-11-18T15:32:14","date_gmt":"2025-11-18T15:32:14","guid":{"rendered":"https:\/\/www.europesays.com\/pt\/156587\/"},"modified":"2025-11-18T15:32:14","modified_gmt":"2025-11-18T15:32:14","slug":"wagner-moura-gera-invasao-brasileira-no-perfil-do-oscar-17-11-2025-cinema-e-series","status":"publish","type":"post","link":"https:\/\/www.europesays.com\/pt\/156587\/","title":{"rendered":"Wagner Moura gera invas\u00e3o brasileira no perfil do Oscar &#8211; 17\/11\/2025 &#8211; Cinema e S\u00e9ries"},"content":{"rendered":"<p>\n<strong class=\"c-signature__location\">S\u00e3o Paulo<\/strong>\n<\/p>\n<p>Foto de <a href=\"https:\/\/www1.folha.uol.com.br\/folha-topicos\/wagner-moura\/\" rel=\"nofollow noopener\" target=\"_blank\">Wagner Moura<\/a> no perfil oficial do <a href=\"https:\/\/www1.folha.uol.com.br\/folha-topicos\/oscar\/\" rel=\"nofollow noopener\" target=\"_blank\">Oscar<\/a> virou mais um caso cl\u00e1ssico de &#8220;invas\u00e3o brasileira&#8221; nos coment\u00e1rios de publica\u00e7\u00f5es da Academia. Postada nesta segunda (17) ap\u00f3s o Governors Awards, a imagem do ator foi tomada por f\u00e3s e famosos do Brasil, que transformaram a se\u00e7\u00e3o de mensagens em torcida organizada pela indica\u00e7\u00e3o dele \u00e0 estatueta.<\/p>\n","protected":false},"excerpt":{"rendered":"S\u00e3o Paulo Foto de Wagner Moura no perfil oficial do Oscar virou mais um caso cl\u00e1ssico de &#8220;invas\u00e3o&hellip;\n","protected":false},"author":2,"featured_media":156588,"comment_status":"","ping_status":"","sticky":false,"template":"","format":"standard","meta":{"footnotes":""},"categories":[145],"tags":[219,211,210,470,223,114,115,224,225,226,221,220,222,2158,1409,32,33,218,228,227,12348],"class_list":{"0":"post-156587","1":"post","2":"type-post","3":"status-publish","4":"format-standard","5":"has-post-thumbnail","7":"category-celebridades","8":"tag-bichos","9":"tag-celebridades","10":"tag-celebrities","11":"tag-cinema","12":"tag-colunistas","13":"tag-entertainment","14":"tag-entretenimento","15":"tag-estranho","16":"tag-eu-amo","17":"tag-fofices","18":"tag-horoscopo","19":"tag-humanos","20":"tag-humor","21":"tag-o-agente-secreto","22":"tag-oscar","23":"tag-portugal","24":"tag-pt","25":"tag-televisao","26":"tag-tudo","27":"tag-videos","28":"tag-wagner-moura"},"share_on_mastodon":{"url":"https:\/\/pubeurope.com\/@pt\/115571428101282403","error":""},"_links":{"self":[{"href":"https:\/\/www.europesays.com\/pt\/wp-json\/wp\/v2\/posts\/156587","targetHints":{"allow":["GET"]}}],"collection":[{"href":"https:\/\/www.europesays.com\/pt\/wp-json\/wp\/v2\/posts"}],"about":[{"href":"https:\/\/www.europesays.com\/pt\/wp-json\/wp\/v2\/types\/post"}],"author":[{"embeddable":true,"href":"https:\/\/www.europesays.com\/pt\/wp-json\/wp\/v2\/users\/2"}],"replies":[{"embeddable":true,"href":"https:\/\/www.europesays.com\/pt\/wp-json\/wp\/v2\/comments?post=156587"}],"version-history":[{"count":0,"href":"https:\/\/www.europesays.com\/pt\/wp-json\/wp\/v2\/posts\/156587\/revisions"}],"wp:featuredmedia":[{"embeddable":true,"href":"https:\/\/www.europesays.com\/pt\/wp-json\/wp\/v2\/media\/156588"}],"wp:attachment":[{"href":"https:\/\/www.europesays.com\/pt\/wp-json\/wp\/v2\/media?parent=156587"}],"wp:term":[{"taxonomy":"category","embeddable":true,"href":"https:\/\/www.europesays.com\/pt\/wp-json\/wp\/v2\/categories?post=156587"},{"taxonomy":"post_tag","embeddable":true,"href":"https:\/\/www.europesays.com\/pt\/wp-json\/wp\/v2\/tags?post=156587"}],"curies":[{"name":"wp","href":"https:\/\/api.w.org\/{rel}","templated":true}]}}