{"id":156595,"date":"2025-11-18T15:42:09","date_gmt":"2025-11-18T15:42:09","guid":{"rendered":"https:\/\/www.europesays.com\/pt\/156595\/"},"modified":"2025-11-18T15:42:09","modified_gmt":"2025-11-18T15:42:09","slug":"multinacional-que-vai-criar-500-empregos-em-viana-do-castelo-ja-esta-a-recrutar","status":"publish","type":"post","link":"https:\/\/www.europesays.com\/pt\/156595\/","title":{"rendered":"Multinacional que vai criar 500 empregos em Viana do Castelo j\u00e1 est\u00e1 a recrutar"},"content":{"rendered":"<p>A NordicEPOD, empresa do \u2018gigante\u2019 noruegu\u00eas CTS, j\u00e1 deu oficialmente in\u00edciio ao processo de recrutamento para o seu novo campus europeu de produ\u00e7\u00e3o de componentes para \u2018data centers\u2019, atualmente em constru\u00e7\u00e3o em Viana do Castelo, e que ir\u00e1 criar 500 postos de trabalho. <\/p>\n<p>&#13;<br \/>\n&#13;<br \/>\n&#13;<\/p>\n<p>\u201cA primeria fase de recrutamento arranca de imediato para a NordicEPOD, e ir\u00e1 decorrer de forma faseada, acompanhando a evolu\u00e7\u00e3o da constru\u00e7\u00e3o, cuja conclus\u00e3o est\u00e1 prevista para o primeiro trimestre de 2026\u201d, refere a empresa em comunicado enviado a O MINHO. <\/p>\n<p>As equipas selecionadas ser\u00e3o integradas em programas de forma\u00e7\u00e3o especializada, na Noruega, de forma a assegurar uma prepara\u00e7\u00e3o t\u00e9cnica de excel\u00eancia antes do campus entrar em funcionamento.<\/p>\n<p>\u00c1reas t\u00e9cnicas e de gest\u00e3o<\/p>\n<p>De acordo com o comunicado, as oportunidades abrangem diferentes \u00e1reas e n\u00edveis de experi\u00eancia, desde fun\u00e7\u00f5es operacionais at\u00e9 cargos de elevada especializa\u00e7\u00e3o t\u00e9cnica e de engenharia. <\/p>\n<p>A empresa est\u00e1 \u00e0 procura de pessoas para os seguintes: <\/p>\n<ul class=\"wp-block-list\">\n<li>Dire\u00e7\u00e3o e Gest\u00e3o<\/li>\n<li>Supervis\u00e3o e Coordena\u00e7\u00e3o<\/li>\n<li>Opera\u00e7\u00f5es e Montagem (com especial enfoque em quadros el\u00e9tricos, m\u00f3dulos de energia e estruturas pr\u00e9-fabricadas)<\/li>\n<li>Qualidade, Controlo e Engenharia (Processo, Produto, Eletrot\u00e9cnica e Mec\u00e2nica) <\/li>\n<\/ul>\n<p>A Nordic EPOD \u201cincentiva a candidatura tanto de profissionais experientes como de candidatos em in\u00edcio de carreira com elevado potencial, principalmente com forma\u00e7\u00e3o superior (licenciatura) em mec\u00e2nica ou eletrot\u00e9cnica, que estejam motivados para crescer numa ind\u00fastria de alta tecnologia e de r\u00e1pido crescimento\u201d. <\/p>\n<p>\u201cLan\u00e7amos agora o recrutamento porque acreditamos no potencial dos profissionais da regi\u00e3o para liderar connosco esta transforma\u00e7\u00e3o. Este campus n\u00e3o \u00e9 apenas uma infraestrutura; \u00e9 o in\u00edcio de um novo polo de inova\u00e7\u00e3o e emprego qualificado para Viana do Castelo e para o pa\u00eds\u201d, afirma Frederik Nordling, CEO da NordicEPOD, citado no comunicado.<\/p>\n<p>Os interessados podem candidatar-se <a href=\"https:\/\/workinviana.com\/companies\/details\/beaad060-9f17-4a14-8152-3a652616574f\" rel=\"noopener nofollow\" target=\"_blank\">aqui<\/a>. <\/p>\n","protected":false},"excerpt":{"rendered":"A NordicEPOD, empresa do \u2018gigante\u2019 noruegu\u00eas CTS, j\u00e1 deu oficialmente in\u00edciio ao processo de recrutamento para o seu&hellip;\n","protected":false},"author":2,"featured_media":156596,"comment_status":"","ping_status":"","sticky":false,"template":"","format":"standard","meta":{"footnotes":""},"categories":[83],"tags":[88,89,90,32,33],"class_list":{"0":"post-156595","1":"post","2":"type-post","3":"status-publish","4":"format-standard","5":"has-post-thumbnail","7":"category-empresas","8":"tag-business","9":"tag-economy","10":"tag-empresas","11":"tag-portugal","12":"tag-pt"},"share_on_mastodon":{"url":"https:\/\/pubeurope.com\/@pt\/115571467616132356","error":""},"_links":{"self":[{"href":"https:\/\/www.europesays.com\/pt\/wp-json\/wp\/v2\/posts\/156595","targetHints":{"allow":["GET"]}}],"collection":[{"href":"https:\/\/www.europesays.com\/pt\/wp-json\/wp\/v2\/posts"}],"about":[{"href":"https:\/\/www.europesays.com\/pt\/wp-json\/wp\/v2\/types\/post"}],"author":[{"embeddable":true,"href":"https:\/\/www.europesays.com\/pt\/wp-json\/wp\/v2\/users\/2"}],"replies":[{"embeddable":true,"href":"https:\/\/www.europesays.com\/pt\/wp-json\/wp\/v2\/comments?post=156595"}],"version-history":[{"count":0,"href":"https:\/\/www.europesays.com\/pt\/wp-json\/wp\/v2\/posts\/156595\/revisions"}],"wp:featuredmedia":[{"embeddable":true,"href":"https:\/\/www.europesays.com\/pt\/wp-json\/wp\/v2\/media\/156596"}],"wp:attachment":[{"href":"https:\/\/www.europesays.com\/pt\/wp-json\/wp\/v2\/media?parent=156595"}],"wp:term":[{"taxonomy":"category","embeddable":true,"href":"https:\/\/www.europesays.com\/pt\/wp-json\/wp\/v2\/categories?post=156595"},{"taxonomy":"post_tag","embeddable":true,"href":"https:\/\/www.europesays.com\/pt\/wp-json\/wp\/v2\/tags?post=156595"}],"curies":[{"name":"wp","href":"https:\/\/api.w.org\/{rel}","templated":true}]}}