{"id":156597,"date":"2025-11-18T15:43:20","date_gmt":"2025-11-18T15:43:20","guid":{"rendered":"https:\/\/www.europesays.com\/pt\/156597\/"},"modified":"2025-11-18T15:43:20","modified_gmt":"2025-11-18T15:43:20","slug":"londres-ameaca-restringir-vistos-a-angolanos-observador","status":"publish","type":"post","link":"https:\/\/www.europesays.com\/pt\/156597\/","title":{"rendered":"Londres amea\u00e7a restringir vistos a angolanos \u2013 Observador"},"content":{"rendered":"<p>O Reino Unido amea\u00e7ou esta segunda-feira restringir a concess\u00e3o de vistos a Angola e outros dois pa\u00edses africanos que acusa de n\u00e3o cooperarem suficientemente para readmitir os seus cidad\u00e3os em situa\u00e7\u00e3o irregular.<\/p>\n<p>Segundo o Minist\u00e9rio do Interior brit\u00e2nico, \u00e9 \u201cinaceit\u00e1vel\u201d a fraca coopera\u00e7\u00e3o de Angola, Nam\u00edbia e Rep\u00fablica Democr\u00e1tica do Congo em mat\u00e9ria de expuls\u00f5es de imigrantes em situa\u00e7\u00e3o ilegal no Reino Unido.<\/p>\n<p>O secret\u00e1rio de Estado para o Asilo e a Seguran\u00e7a das Fronteiras, Alex Norris, advertiu que estes tr\u00eas pa\u00edses \u201ct\u00eam um m\u00eas\u201d para melhorar a situa\u00e7\u00e3o, em entrevista esta segunda-feira \u00e0 esta\u00e7\u00e3o Sky News.<\/p>\n<p>O Minist\u00e9rio do Interior argumenta que \u201cmilhares de migrantes em situa\u00e7\u00e3o ilegal origin\u00e1rios destes pa\u00edses encontram-se atualmente no Reino Unido\u201d.<\/p>\n<p>As <strong>restri\u00e7\u00f5es de vistos aplicar-se-iam a vistos de turismo e vistos VIP<\/strong>, detalhou o minist\u00e9rio, que refere que as medidas poder\u00e3o estender-se a outros pa\u00edses, especialmente aqueles que apresentam \u201caltas taxas de pedidos de asilo\u201d de pessoas que entraram legalmente no Reino Unido.<\/p>\n<p>\u201cA minha mensagem para os governos estrangeiros hoje \u00e9 clara: aceitem o regresso dos vossos cidad\u00e3os ou v\u00e3o perder o privil\u00e9gio de poder entrar no nosso pa\u00eds\u201d, avisou a ministra do Interior, Shabana Mahmood, citada no comunicado.<\/p>\n<p>A ministra vai apresentar esta tarde ao Parlamento uma ampla reforma contra a imigra\u00e7\u00e3o irregular, numa tentativa de reduzir a chegada de migrantes ao Reino Unido vindos do norte da Fran\u00e7a em barcos de borracha.<\/p>\n<p>Entre as medidas j\u00e1 anunciadas est\u00e3o a redu\u00e7\u00e3o da prote\u00e7\u00e3o concedida aos refugiados, que ser\u00e3o \u201cfor\u00e7ados a regressar ao seu pa\u00eds de origem assim que for considerado seguro\u201d, e a supress\u00e3o do acesso autom\u00e1tico aos apoios sociais para os requerentes de asilo.<\/p>\n<p>O Governo tamb\u00e9m pretende acelerar as expuls\u00f5es com a aprova\u00e7\u00e3o de uma lei que regulamentaria os recursos judiciais \u00e0 Conven\u00e7\u00e3o Europeia dos Direitos Humanos.<\/p>\n<p>Desde 1 de janeiro, 39.292 pessoas chegaram ao Reino Unido a bordo de embarca\u00e7\u00f5es atrav\u00e9s do Canal da Mancha, um n\u00famero que ultrapassa aos 36.816 registados em 2024.<\/p>\n<p>Os pedidos de asilo aumentaram 18% em 2024, enquanto diminu\u00edram 13% em toda a Uni\u00e3o Europeia no mesmo per\u00edodo, de acordo com dados do Governo.<\/p>\n<p>Mais de 400 mil pedidos foram registados desde 2021, contra 150 mil no per\u00edodo 2011-2015, ainda de acordo com os n\u00fameros oficiais.<\/p>\n<p>A insatisfa\u00e7\u00e3o da opini\u00e3o p\u00fablica com os elevados valores de imigra\u00e7\u00e3o \u00e9 um motivo de cr\u00edticas ao Governo trabalhista eleito no ano passado, que desceu nas sondagens, estando atr\u00e1s do Partido Reformista, partido de direita populista radical anti-imigra\u00e7\u00e3o.<\/p>\n","protected":false},"excerpt":{"rendered":"O Reino Unido amea\u00e7ou esta segunda-feira restringir a concess\u00e3o de vistos a Angola e outros dois pa\u00edses africanos&hellip;\n","protected":false},"author":2,"featured_media":156598,"comment_status":"","ping_status":"","sticky":false,"template":"","format":"standard","meta":{"footnotes":""},"categories":[50],"tags":[1063,27,28,445,15,16,14,25,26,5567,21,22,33631,62,12,13,19,20,23,24,713,17,18,1064,29,30,31,63,64,65],"class_list":{"0":"post-156597","1":"post","2":"type-post","3":"status-publish","4":"format-standard","5":"has-post-thumbnail","7":"category-mundo","8":"tag-angola","9":"tag-breaking-news","10":"tag-breakingnews","11":"tag-europa","12":"tag-featured-news","13":"tag-featurednews","14":"tag-headlines","15":"tag-latest-news","16":"tag-latestnews","17":"tag-londres","18":"tag-main-news","19":"tag-mainnews","20":"tag-migrau00e7u00e3o","21":"tag-mundo","22":"tag-news","23":"tag-noticias","24":"tag-noticias-principais","25":"tag-noticiasprincipais","26":"tag-principais-noticias","27":"tag-principaisnoticias","28":"tag-reino-unido","29":"tag-top-stories","30":"tag-topstories","31":"tag-u00c1frica","32":"tag-ultimas","33":"tag-ultimas-noticias","34":"tag-ultimasnoticias","35":"tag-world","36":"tag-world-news","37":"tag-worldnews"},"share_on_mastodon":{"url":"https:\/\/pubeurope.com\/@pt\/115571471568555099","error":""},"_links":{"self":[{"href":"https:\/\/www.europesays.com\/pt\/wp-json\/wp\/v2\/posts\/156597","targetHints":{"allow":["GET"]}}],"collection":[{"href":"https:\/\/www.europesays.com\/pt\/wp-json\/wp\/v2\/posts"}],"about":[{"href":"https:\/\/www.europesays.com\/pt\/wp-json\/wp\/v2\/types\/post"}],"author":[{"embeddable":true,"href":"https:\/\/www.europesays.com\/pt\/wp-json\/wp\/v2\/users\/2"}],"replies":[{"embeddable":true,"href":"https:\/\/www.europesays.com\/pt\/wp-json\/wp\/v2\/comments?post=156597"}],"version-history":[{"count":0,"href":"https:\/\/www.europesays.com\/pt\/wp-json\/wp\/v2\/posts\/156597\/revisions"}],"wp:featuredmedia":[{"embeddable":true,"href":"https:\/\/www.europesays.com\/pt\/wp-json\/wp\/v2\/media\/156598"}],"wp:attachment":[{"href":"https:\/\/www.europesays.com\/pt\/wp-json\/wp\/v2\/media?parent=156597"}],"wp:term":[{"taxonomy":"category","embeddable":true,"href":"https:\/\/www.europesays.com\/pt\/wp-json\/wp\/v2\/categories?post=156597"},{"taxonomy":"post_tag","embeddable":true,"href":"https:\/\/www.europesays.com\/pt\/wp-json\/wp\/v2\/tags?post=156597"}],"curies":[{"name":"wp","href":"https:\/\/api.w.org\/{rel}","templated":true}]}}