{"id":156599,"date":"2025-11-18T15:44:07","date_gmt":"2025-11-18T15:44:07","guid":{"rendered":"https:\/\/www.europesays.com\/pt\/156599\/"},"modified":"2025-11-18T15:44:07","modified_gmt":"2025-11-18T15:44:07","slug":"ministra-garante-que-nao-esta-previsto-um-encerramento-da-neonatologia-do-dona-estefania","status":"publish","type":"post","link":"https:\/\/www.europesays.com\/pt\/156599\/","title":{"rendered":"Ministra garante que &#8220;n\u00e3o est\u00e1 previsto um encerramento&#8221; da neonatologia do Dona Estef\u00e2nia"},"content":{"rendered":"<p>                Em declara\u00e7\u00f5es aos jornalistas em Beja, esta ter\u00e7a-feira, onde continua o p\u00e9riplo pelas Unidades Locais de Sa\u00fade (ULS), a ministra da Sa\u00fade comentou a not\u00edcia avan\u00e7ada pelo Correio da Manh\u00e3 que d\u00e1 conta do encerramento do servi\u00e7o de neonatologia do hospital Dona Estef\u00e2nia.Ana Paula Martins diz que \u201cn\u00e3o est\u00e1 previsto um encerramento\u201d, mas sim uma \u201creorganiza\u00e7\u00e3o\u201d.<\/p>\n<p><b>\u201cO que est\u00e1 previsto \u00e9 que, havendo duas neonatologias e pela falta de recursos humanos, h\u00e1 um projeto para a reorganiza\u00e7\u00e3o num polo\u201d da neonatologia do Dona Estef\u00e2nia e da Maternidade Alfredo da Costa.<\/b><\/p>\n<p>          <img decoding=\"async\" itemprop=\"image\" class=\"img-fluid\"   src=\"https:\/\/www.europesays.com\/pt\/wp-content\/uploads\/2025\/11\/3d4650649d39e022368f7d41501d4809_N.jpg\"\/><\/p>\n<p>\u201cH\u00e1 um projeto para um trabalho em rede entre a Estef\u00e2nia e a maternidade Alfredo da Costa\u201d, adiantou a ministra, sublinhando que \u201cest\u00e1 completamente negado por parte da ULS o encerramento destes polos\u201d.<\/p>\n<p><b>O Hospital Dona Estef\u00e2nia nega o encerramento da unidade de cuidados intensivos neonatais, mas a ULS de S\u00e3o Jos\u00e9 revelou \u00e0 RTP que est\u00e1 a estudar uma \u201creorganiza\u00e7\u00e3o dos servi\u00e7os&#8221;.<\/b><\/p>\n<p>Os profissionais de sa\u00fade do Hospital Dona Estef\u00e2nia, em Lisboa, ainda n\u00e3o receberam a escala de trabalho para o m\u00eas de dezembro. Em declara\u00e7\u00f5es \u00e0 Antena 1, Isabel Barbosa, delegada do sindicato dos enfermeiros portugueses e enfermeira no Hospital Dona Estef\u00e2nia, confirmou a informa\u00e7\u00e3o de que n\u00e3o h\u00e1 escalas afixadas para o m\u00eas de dezembro, ao contr\u00e1rio do que \u00e9 habitual, a menos de 15 dias de um novo m\u00eas.<\/p>\n<p>A Ordem dos M\u00e9dicos j\u00e1 pediu esclarecimentos \u00e0 ULS S\u00e3o Jos\u00e9.&#13;\n            <\/p>\n","protected":false},"excerpt":{"rendered":"Em declara\u00e7\u00f5es aos jornalistas em Beja, esta ter\u00e7a-feira, onde continua o p\u00e9riplo pelas Unidades Locais de Sa\u00fade (ULS),&hellip;\n","protected":false},"author":2,"featured_media":156600,"comment_status":"","ping_status":"","sticky":false,"template":"","format":"standard","meta":{"footnotes":""},"categories":[10],"tags":[33634,27,28,33633,15,16,14,25,26,21,22,33632,12,13,19,20,32,23,24,33,17,18,29,30,31],"class_list":{"0":"post-156599","1":"post","2":"type-post","3":"status-publish","4":"format-standard","5":"has-post-thumbnail","7":"category-portugal","8":"tag-alfredo-da-costa","9":"tag-breaking-news","10":"tag-breakingnews","11":"tag-dona-estefania","12":"tag-featured-news","13":"tag-featurednews","14":"tag-headlines","15":"tag-latest-news","16":"tag-latestnews","17":"tag-main-news","18":"tag-mainnews","19":"tag-neonatologia","20":"tag-news","21":"tag-noticias","22":"tag-noticias-principais","23":"tag-noticiasprincipais","24":"tag-portugal","25":"tag-principais-noticias","26":"tag-principaisnoticias","27":"tag-pt","28":"tag-top-stories","29":"tag-topstories","30":"tag-ultimas","31":"tag-ultimas-noticias","32":"tag-ultimasnoticias"},"share_on_mastodon":{"url":"https:\/\/pubeurope.com\/@pt\/115571475787560375","error":""},"_links":{"self":[{"href":"https:\/\/www.europesays.com\/pt\/wp-json\/wp\/v2\/posts\/156599","targetHints":{"allow":["GET"]}}],"collection":[{"href":"https:\/\/www.europesays.com\/pt\/wp-json\/wp\/v2\/posts"}],"about":[{"href":"https:\/\/www.europesays.com\/pt\/wp-json\/wp\/v2\/types\/post"}],"author":[{"embeddable":true,"href":"https:\/\/www.europesays.com\/pt\/wp-json\/wp\/v2\/users\/2"}],"replies":[{"embeddable":true,"href":"https:\/\/www.europesays.com\/pt\/wp-json\/wp\/v2\/comments?post=156599"}],"version-history":[{"count":0,"href":"https:\/\/www.europesays.com\/pt\/wp-json\/wp\/v2\/posts\/156599\/revisions"}],"wp:featuredmedia":[{"embeddable":true,"href":"https:\/\/www.europesays.com\/pt\/wp-json\/wp\/v2\/media\/156600"}],"wp:attachment":[{"href":"https:\/\/www.europesays.com\/pt\/wp-json\/wp\/v2\/media?parent=156599"}],"wp:term":[{"taxonomy":"category","embeddable":true,"href":"https:\/\/www.europesays.com\/pt\/wp-json\/wp\/v2\/categories?post=156599"},{"taxonomy":"post_tag","embeddable":true,"href":"https:\/\/www.europesays.com\/pt\/wp-json\/wp\/v2\/tags?post=156599"}],"curies":[{"name":"wp","href":"https:\/\/api.w.org\/{rel}","templated":true}]}}