{"id":156606,"date":"2025-11-18T15:51:08","date_gmt":"2025-11-18T15:51:08","guid":{"rendered":"https:\/\/www.europesays.com\/pt\/156606\/"},"modified":"2025-11-18T15:51:08","modified_gmt":"2025-11-18T15:51:08","slug":"devoradores-de-estrelas-filme-com-ryan-gosling-ganha-novo-trailer","status":"publish","type":"post","link":"https:\/\/www.europesays.com\/pt\/156606\/","title":{"rendered":"Devoradores De Estrelas | Filme com Ryan Gosling ganha novo trailer"},"content":{"rendered":"<p>A <strong>Sony Pictures<\/strong> revelou nesta ter\u00e7a-feira (18) um trailer in\u00e9dito de <strong>Devoradores De Estrelas<\/strong>, novo filme estrelado por <strong>Ryan Gosling<\/strong>. Assista acima.<\/p>\n<p>    Tudo sobre Devoradores de Estrelas<\/p>\n<p>O filme \u00e9 baseado no livro hom\u00f4nimo de\u00a0Andy Weir, mesmo autor de\u00a0Perdido em Marte,\u00a0romance que virou filme estrelado por\u00a0Matt Damon. Em\u00a0Devoradores de Estrelas, acompanhaos o astronauta Ryland Grace (Gosling), que acorda em uma nave espacial sem nenhuma lembran\u00e7a de si mesmo ou de sua miss\u00e3o. Ele lentamente deduz que \u00e9 o \u00fanico sobrevivente de uma tripula\u00e7\u00e3o enviada ao sistema solar Tau Ceti em busca de uma solu\u00e7\u00e3o para um evento catastr\u00f3fico na Terra.\u00a0<\/p>\n<p>            Continua depois da Publicidade<\/p>\n<p>Uma produ\u00e7\u00e3o da\u00a0Amazon MGM Studio, o filme faz parte da nova iniciativa da empresa do Prime Video com lan\u00e7amentos em cinema. Por enquanto, o est\u00fadio s\u00f3 distribui seus pr\u00f3prios filmes nos Estados Unidos, e com isso, a\u00a0Sony Pictures\u00a0ser\u00e1 respons\u00e1vel por colocar\u00a0Devoradores de Estrelas\u00a0em cartaz nos outros mercados, incluindo no Brasil.<\/p>\n<p>O elenco conta com\u00a0Ryan Gosling\u00a0(Barbie)\u00a0e\u00a0Sandra Huller\u00a0(Anatomia de uma Queda) lideram o elenco, que conta ainda com\u00a0Milana Vayntrub,\u00a0Isla McRae\u00a0e\u00a0Bastian Antonio Fuentes, e \u00e9 dirigido por\u00a0Phill Lord\u00a0e\u00a0Chris Miller, dupla respons\u00e1vel por dirigir filmes como\u00a0Anjos da Lei\u00a0e\u00a0T\u00e1 Chovendo Hamb\u00farger, al\u00e9m de produzirem e conceberem a trilogia\u00a0Homem-Aranha no Aranhavero.<\/p>\n<p>Devoradores de Estrelas\u00a0estreia nos cinemas em <strong>mar\u00e7o de 2026<\/strong>.<\/p>\n","protected":false},"excerpt":{"rendered":"A Sony Pictures revelou nesta ter\u00e7a-feira (18) um trailer in\u00e9dito de Devoradores De Estrelas, novo filme estrelado por&hellip;\n","protected":false},"author":2,"featured_media":156607,"comment_status":"","ping_status":"","sticky":false,"template":"","format":"standard","meta":{"footnotes":""},"categories":[140],"tags":[114,115,147,148,146,32,33],"class_list":{"0":"post-156606","1":"post","2":"type-post","3":"status-publish","4":"format-standard","5":"has-post-thumbnail","7":"category-filmes","8":"tag-entertainment","9":"tag-entretenimento","10":"tag-film","11":"tag-filmes","12":"tag-movies","13":"tag-portugal","14":"tag-pt"},"share_on_mastodon":{"url":"https:\/\/pubeurope.com\/@pt\/115571502900821929","error":""},"_links":{"self":[{"href":"https:\/\/www.europesays.com\/pt\/wp-json\/wp\/v2\/posts\/156606","targetHints":{"allow":["GET"]}}],"collection":[{"href":"https:\/\/www.europesays.com\/pt\/wp-json\/wp\/v2\/posts"}],"about":[{"href":"https:\/\/www.europesays.com\/pt\/wp-json\/wp\/v2\/types\/post"}],"author":[{"embeddable":true,"href":"https:\/\/www.europesays.com\/pt\/wp-json\/wp\/v2\/users\/2"}],"replies":[{"embeddable":true,"href":"https:\/\/www.europesays.com\/pt\/wp-json\/wp\/v2\/comments?post=156606"}],"version-history":[{"count":0,"href":"https:\/\/www.europesays.com\/pt\/wp-json\/wp\/v2\/posts\/156606\/revisions"}],"wp:featuredmedia":[{"embeddable":true,"href":"https:\/\/www.europesays.com\/pt\/wp-json\/wp\/v2\/media\/156607"}],"wp:attachment":[{"href":"https:\/\/www.europesays.com\/pt\/wp-json\/wp\/v2\/media?parent=156606"}],"wp:term":[{"taxonomy":"category","embeddable":true,"href":"https:\/\/www.europesays.com\/pt\/wp-json\/wp\/v2\/categories?post=156606"},{"taxonomy":"post_tag","embeddable":true,"href":"https:\/\/www.europesays.com\/pt\/wp-json\/wp\/v2\/tags?post=156606"}],"curies":[{"name":"wp","href":"https:\/\/api.w.org\/{rel}","templated":true}]}}