{"id":156612,"date":"2025-11-18T16:02:09","date_gmt":"2025-11-18T16:02:09","guid":{"rendered":"https:\/\/www.europesays.com\/pt\/156612\/"},"modified":"2025-11-18T16:02:09","modified_gmt":"2025-11-18T16:02:09","slug":"hong-kong-proibe-importacao-de-carne-e-ovos-do-distrito-do-porto-devido-a-gripe-aviaria","status":"publish","type":"post","link":"https:\/\/www.europesays.com\/pt\/156612\/","title":{"rendered":"Hong Kong pro\u00edbe importa\u00e7\u00e3o de carne e ovos do distrito do Porto devido \u00e0 gripe avi\u00e1ria"},"content":{"rendered":"<p data-remotead-prev-elm=\"true\" data-remotead-elm-id=\"inread\">O Centro para a Seguran\u00e7a Alimentar (CFS, na sigla em ingl\u00eas) de Hong Kong sublinhou, em comunicado, que a decis\u00e3o foi tomada &#8220;para proteger a sa\u00fade p\u00fablica&#8221;, na sequ\u00eancia de uma notifica\u00e7\u00e3o da Organiza\u00e7\u00e3o Mundial de Sa\u00fade Animal.<\/p>\n<p>De acordo com dados oficiais citados no comunicado, o territ\u00f3rio n\u00e3o importou carne de ave ou derivados de Portugal nos primeiros nove meses de 2025.<\/p>\n<p>O CFS disse j\u00e1 ter contactado as autoridades portuguesas e que vai acompanhar &#8220;de perto&#8221; a situa\u00e7\u00e3o e as informa\u00e7\u00f5es emitidas pela Organiza\u00e7\u00e3o Mundial de Sa\u00fade Animal. &#8220;Ser\u00e3o tomadas as medidas adequadas em resposta ao desenvolvimento da situa\u00e7\u00e3o&#8221;, referiu.<\/p>\n<p data-remotead-prev-elm=\"true\" data-remotead-elm-id=\"centro1\">O CFS tamb\u00e9m proibiu, pelo mesmo motivo, a importa\u00e7\u00e3o de carne de ave e derivados de v\u00e1rias regi\u00f5es da Alemanha, Pa\u00edses Baixos, Estados Unidos, Fran\u00e7a e Dinamarca.<\/p>\n<p>95 zonas sob confinamento<\/p>\n<p>Na quinta-feira, a Dire\u00e7\u00e3o-Geral de Alimenta\u00e7\u00e3o e Veterin\u00e1ria (DGAV) portuguesa determinou o confinamento de aves dom\u00e9sticas em 95 zonas de<strong> 14 distritos<\/strong> identificadas como de alto risco para a gripe avi\u00e1ria.<\/p>\n<p>&#8220;As aves de capoeira e aves em cativeiro detidas em estabelecimentos, incluindo deten\u00e7\u00f5es caseiras, localizadas nas freguesias inclu\u00eddas na lista das zonas de alto risco para a gripe avi\u00e1ria dever\u00e3o ser confinadas aos respetivos alojamentos de modo a impedir o seu contacto com aves selvagens&#8221;, indicou a DGAV, num edital.<\/p>\n<p data-remotead-prev-elm=\"true\" data-remotead-elm-id=\"centro2\">Em causa est\u00e3o os distritos do Porto, Lisboa, Braga, Viana do Castelo, Aveiro, Leiria, Coimbra, Castelo Branco, Santar\u00e9m, Set\u00fabal, \u00c9vora, Beja, Portalegre e Faro.<\/p>\n<p>Dois dias antes, a DGAV tinha avisado que o risco de dissemina\u00e7\u00e3o da gripe das aves era elevado.<\/p>\n<p>O n\u00famero total de focos detetados este ano em Portugal est\u00e1 em 31, tendo os mais recentes sido detetados numa exposi\u00e7\u00e3o de aves em cativeiro, situada no distrito de Aveiro, concelho e freguesia de Oliveira do Bairro, e num estabelecimento de aves em cativeiro, no distrito de Santar\u00e9m, concelho da Chamusca e Uni\u00e3o de freguesias de Parreira e Chouto, assinalou a diretora-geral de Alimenta\u00e7\u00e3o e Veterin\u00e1ria no edital.<\/p>\n<p data-remotead-prev-elm=\"true\" data-remotead-elm-id=\"centro3\">Estas zonas v\u00e3o permanecer em restri\u00e7\u00e3o sanit\u00e1ria at\u00e9 12 e 19 de dezembro, respetivamente, segundo a DGAV.<\/p>\n<p>No edital, a diretora explica que a gripe avi\u00e1ria provoca &#8220;mortalidade muito elevada, especialmente nas aves de capoeira&#8221;. Tal tem &#8220;um impacto importante (&#8230;) na produ\u00e7\u00e3o av\u00edcola, uma vez que constitui motivo de suspens\u00e3o da comercializa\u00e7\u00e3o de aves vivas e seus produtos nas zonas afetadas e pode ser motivo de impedimento de exporta\u00e7\u00e3o de aves e produtos&#8221;.<\/p>\n<p>A<strong> transmiss\u00e3o do v\u00edrus H5N1 para humanos acontece raramente<\/strong>, tendo sido reportados casos espor\u00e1dicos em todo o mundo. Contudo, quando ocorre, a infe\u00e7\u00e3o pode levar a um quadro cl\u00ednico grave.<\/p>\n","protected":false},"excerpt":{"rendered":"O Centro para a Seguran\u00e7a Alimentar (CFS, na sigla em ingl\u00eas) de Hong Kong sublinhou, em comunicado, que&hellip;\n","protected":false},"author":2,"featured_media":156613,"comment_status":"","ping_status":"","sticky":false,"template":"","format":"standard","meta":{"footnotes":""},"categories":[50],"tags":[27,28,476,15,16,16284,14,12212,25,26,21,22,62,12,13,19,20,23,24,17,18,29,30,31,63,64,65],"class_list":{"0":"post-156612","1":"post","2":"type-post","3":"status-publish","4":"format-standard","5":"has-post-thumbnail","7":"category-mundo","8":"tag-breaking-news","9":"tag-breakingnews","10":"tag-economia","11":"tag-featured-news","12":"tag-featurednews","13":"tag-gripe-das-aves","14":"tag-headlines","15":"tag-hong-kong","16":"tag-latest-news","17":"tag-latestnews","18":"tag-main-news","19":"tag-mainnews","20":"tag-mundo","21":"tag-news","22":"tag-noticias","23":"tag-noticias-principais","24":"tag-noticiasprincipais","25":"tag-principais-noticias","26":"tag-principaisnoticias","27":"tag-top-stories","28":"tag-topstories","29":"tag-ultimas","30":"tag-ultimas-noticias","31":"tag-ultimasnoticias","32":"tag-world","33":"tag-world-news","34":"tag-worldnews"},"share_on_mastodon":{"url":"https:\/\/pubeurope.com\/@pt\/115571546450713089","error":""},"_links":{"self":[{"href":"https:\/\/www.europesays.com\/pt\/wp-json\/wp\/v2\/posts\/156612","targetHints":{"allow":["GET"]}}],"collection":[{"href":"https:\/\/www.europesays.com\/pt\/wp-json\/wp\/v2\/posts"}],"about":[{"href":"https:\/\/www.europesays.com\/pt\/wp-json\/wp\/v2\/types\/post"}],"author":[{"embeddable":true,"href":"https:\/\/www.europesays.com\/pt\/wp-json\/wp\/v2\/users\/2"}],"replies":[{"embeddable":true,"href":"https:\/\/www.europesays.com\/pt\/wp-json\/wp\/v2\/comments?post=156612"}],"version-history":[{"count":0,"href":"https:\/\/www.europesays.com\/pt\/wp-json\/wp\/v2\/posts\/156612\/revisions"}],"wp:featuredmedia":[{"embeddable":true,"href":"https:\/\/www.europesays.com\/pt\/wp-json\/wp\/v2\/media\/156613"}],"wp:attachment":[{"href":"https:\/\/www.europesays.com\/pt\/wp-json\/wp\/v2\/media?parent=156612"}],"wp:term":[{"taxonomy":"category","embeddable":true,"href":"https:\/\/www.europesays.com\/pt\/wp-json\/wp\/v2\/categories?post=156612"},{"taxonomy":"post_tag","embeddable":true,"href":"https:\/\/www.europesays.com\/pt\/wp-json\/wp\/v2\/tags?post=156612"}],"curies":[{"name":"wp","href":"https:\/\/api.w.org\/{rel}","templated":true}]}}