{"id":156614,"date":"2025-11-18T16:03:13","date_gmt":"2025-11-18T16:03:13","guid":{"rendered":"https:\/\/www.europesays.com\/pt\/156614\/"},"modified":"2025-11-18T16:03:13","modified_gmt":"2025-11-18T16:03:13","slug":"sem-nova-proposta-do-governo-cgtp-da-tiro-de-partida-para-greve-geral-com-entrega-de-pre-aviso","status":"publish","type":"post","link":"https:\/\/www.europesays.com\/pt\/156614\/","title":{"rendered":"Sem nova proposta do Governo, CGTP d\u00e1 tiro de partida para greve geral com entrega de pr\u00e9-aviso"},"content":{"rendered":"<p>        Na segunda-feira, o pr\u00e9-aviso de greve chegou ao Minist\u00e9rio do Trabalho, depois de a UGT ter admitido prolongar a greve.    <\/p>\n<p>O novo secret\u00e1rio-geral da CGTP-IN, Tiago Oliveira, durante a sess\u00e3o de encerramento do 15.\u00ba Congresso da intersindical, que tem como lema \u201cCom os Trabalhadores, Organiza\u00e7\u00e3o, Unidade e Luta! Garantir Direitos, Combater a Explora\u00e7\u00e3o \u2013 Afirmar Abril por um Portugal com Futuro\u201d, no Pavilh\u00e3o Municipal da Torre da Marinha, Seixal, 24 de fevereiro de 2024. ANT\u00d3NIO COTRIM\/LUSA<\/p>\n<p>O secret\u00e1rio-geral da CGTP, Tiago Oliveira, afirmou n\u00e3o ter recebido qualquer nova proposta do Governo sobre a reforma da legisla\u00e7\u00e3o laboral. Como tal, na segunda-feira, o pr\u00e9-aviso de greve j\u00e1 chegou ao Minist\u00e9rio do Trabalho, depois de a UGT ter admitido prolongar a greve.<\/p>\n<p>\u00c0 sa\u00edda da entrega do pr\u00e9-aviso e quando questionado sobre se a CGTP admitia prolongar a greve geral de um para dois dias, Tiago Oliveira respondeu que: \u201cAquilo que temos que assumir \u00e9 a constru\u00e7\u00e3o de uma grande greve geral para o dia 11 [de dezembro]\u201d.<\/p>\n<p>\u201cA \u00fanica proposta que est\u00e1 em cima da mesa foi a primeira que o Governo apresentou em finais de julho\u201d, garantiu.<\/p>\n<p>Na mesma ocasi\u00e3o, o secret\u00e1rio-geral da CGTP rejeitou as cr\u00edticas que t\u00eam vindo a ser feitas pela ministra do Trabalho, Ros\u00e1rio Palma Ramalho, assegurando que a central sindical \u201cest\u00e1 em todas as reuni\u00f5es para as quais \u00e9 convocada\u201d e que se apresenta para \u201cdiscutir e avaliar tudo o que o Governo\u201d coloca em cima da mesa.<\/p>\n<p>Por sua vez, o\u00a0secret\u00e1rio-geral da UGT, M\u00e1rio Mour\u00e3o, afirmou, em entrevista ao programa Conversa Capital (Antena 1\/Jornal de Neg\u00f3cios) que a estrutura sindical avan\u00e7ou para a greve geral de 11 de dezembro, juntamente com a CGTP, porque foi \u201cencostada \u00e0 parede\u201d pelo Governo.<\/p>\n<p>\u201cAquilo que percebemos \u00e9 que o Governo vai levar a proposta tal como est\u00e1 para a Assembleia da Rep\u00fablica, por isso que acho que n\u00e3o podemos perder a rua. Este \u00e9 o momento\u201d, disse M\u00e1rio Mour\u00e3o.<\/p>\n<p>Na passada ter\u00e7a-feira, em reuni\u00e3o com a UGT o Governo prop\u00f4s mudan\u00e7as no luto gestacional, na prova de amamenta\u00e7\u00e3o, e a possibilidade de voltarem os 25 dias de f\u00e9rias. No entanto, estas altera\u00e7\u00f5es n\u00e3o chegam para a UGT.<\/p>\n<p>Esta quarta-feira, a UGT tem uma reuni\u00e3o agendada com a ministra da tutela, Maria do Ros\u00e1rio Palma Ramalho, numa \u00faltima tentativa para fazer recuar a central.<\/p>\n<p>Aos poucos os sindicatos t\u00eam-se manifestado. Em entrevista ao <a href=\"https:\/\/jornaleconomico.sapo.pt\/noticias\/pedro-barreiros-sobre-a-greve-geral-o-encerramento-total-das-escolas-e-uma-possibilidade-real-e-plenamente-legitima\/\" target=\"_blank\" rel=\"noopener nofollow\">Jornal Econ\u00f3mico (JE), Pedro Barreiros, secret\u00e1rio-geral da FNE \u2013 Federa\u00e7\u00e3o Nacional dos Professores<\/a>, admitiu que: \u201cTendo em conta o n\u00edvel de mobiliza\u00e7\u00e3o verificado no passado em situa\u00e7\u00f5es id\u00eanticas no setor da educa\u00e7\u00e3o, \u00e9 perfeitamente poss\u00edvel antecipar o encerramento de muitas escolas, parcial ou totalmente\u201d.<\/p>\n<p>J\u00e1 a Federa\u00e7\u00e3o Nacional dos M\u00e9dicos (Fnam) escolheu juntar-se \u00e0 greve. No domingo, os participantes no 14.\u00ba Congresso da Federa\u00e7\u00e3o Nacional dos M\u00e9dicos aprovaram por unanimidade uma mo\u00e7\u00e3o de ades\u00e3o \u00e0 greve geral.<\/p>\n<p>\u201cVia criar v\u00ednculos mais prec\u00e1rios, desregular hor\u00e1rios, aumentar o desgaste de quem j\u00e1 est\u00e1 no limite. Esta flexibiliza\u00e7\u00e3o de que falam \u00e9 imprevisibilidade, cansa\u00e7o, impossibilidade de conciliar a vida profissional e familiar, e quando se fragiliza quem trabalha no Servi\u00e7o Nacional de Sa\u00fade (SNS), fragiliza-se o pr\u00f3prio SNS\u201d, referiu Joana Bordalo e S\u00e1, presidente da Fnam.<\/p>\n<p>Por sua vez, a <a href=\"https:\/\/jornaleconomico.sapo.pt\/noticias\/confederacao-do-comercio-e-servicos-critica-greve-geral-inedita-na-historia-da-concertacao-social\/\" target=\"_blank\" rel=\"noopener nofollow\">Confedera\u00e7\u00e3o do Com\u00e9rcio e Servi\u00e7os de Portugal<\/a> disse que \u201co an\u00fancio, neste momento, de uma greve geral, introduz entropia num processo que est\u00e1 longe de estar esgotado\u201d.<\/p>\n<p>No geral, <a href=\"https:\/\/jornaleconomico.sapo.pt\/noticias\/empresarios-criticam-greve-geral-nao-e-razoavel-paralisar-o-pais\/\" target=\"_blank\" rel=\"noopener nofollow\">associa\u00e7\u00f5es e confedera\u00e7\u00f5es de empres\u00e1rios criticaram a decis\u00e3o<\/a> e alertam que uma paralisa\u00e7\u00e3o nesta altura pode prejudicar a confian\u00e7a dos investidores.<\/p>\n<p>Considerando a greve geral \u201cextempor\u00e2nea e desproporcionada\u201d, a <a href=\"https:\/\/jornaleconomico.sapo.pt\/noticias\/ctp-considera-extemporanea-e-desproporcionada-convocacao-da-greve-geral\/\" target=\"_blank\" rel=\"noopener nofollow\">Confedera\u00e7\u00e3o do Turismo de Portugal (CTP)<\/a> recorda que o anteprojeto \u201cTrabalho XXI\u201d ainda est\u00e1 numa fase preliminar de discuss\u00e3o na concerta\u00e7\u00e3o social, n\u00e3o sendo ainda conhecidas as propostas finais nem o resultado do di\u00e1logo social entre parceiros sociais.<\/p>\n<p>Tamb\u00e9m a CIP \u2013 Confedera\u00e7\u00e3o Empresarial de Portugal criticou a convoca\u00e7\u00e3o de uma greve geral, n\u00e3o apenas por acontecer quando a negocia\u00e7\u00e3o ainda decorre, como porque, at\u00e9 ent\u00e3o, nenhuma das centrais sindicais ter apresentado \u201cnenhuma medida de altera\u00e7\u00e3o\u201d que n\u00e3o seja \u201cmantenha-se o que est\u00e1\u201d.<\/p>\n","protected":false},"excerpt":{"rendered":"Na segunda-feira, o pr\u00e9-aviso de greve chegou ao Minist\u00e9rio do Trabalho, depois de a UGT ter admitido prolongar&hellip;\n","protected":false},"author":2,"featured_media":156615,"comment_status":"","ping_status":"","sticky":false,"template":"","format":"standard","meta":{"footnotes":""},"categories":[10],"tags":[27,28,12183,15,16,14,25,26,21,22,12,13,19,20,32,23,24,33,32152,17,18,849,29,30,31],"class_list":{"0":"post-156614","1":"post","2":"type-post","3":"status-publish","4":"format-standard","5":"has-post-thumbnail","7":"category-portugal","8":"tag-breaking-news","9":"tag-breakingnews","10":"tag-cgtp","11":"tag-featured-news","12":"tag-featurednews","13":"tag-headlines","14":"tag-latest-news","15":"tag-latestnews","16":"tag-main-news","17":"tag-mainnews","18":"tag-news","19":"tag-noticias","20":"tag-noticias-principais","21":"tag-noticiasprincipais","22":"tag-portugal","23":"tag-principais-noticias","24":"tag-principaisnoticias","25":"tag-pt","26":"tag-rosario-palma-ramalho","27":"tag-top-stories","28":"tag-topstories","29":"tag-trabalho","30":"tag-ultimas","31":"tag-ultimas-noticias","32":"tag-ultimasnoticias"},"share_on_mastodon":{"url":"https:\/\/pubeurope.com\/@pt\/115571550370103735","error":""},"_links":{"self":[{"href":"https:\/\/www.europesays.com\/pt\/wp-json\/wp\/v2\/posts\/156614","targetHints":{"allow":["GET"]}}],"collection":[{"href":"https:\/\/www.europesays.com\/pt\/wp-json\/wp\/v2\/posts"}],"about":[{"href":"https:\/\/www.europesays.com\/pt\/wp-json\/wp\/v2\/types\/post"}],"author":[{"embeddable":true,"href":"https:\/\/www.europesays.com\/pt\/wp-json\/wp\/v2\/users\/2"}],"replies":[{"embeddable":true,"href":"https:\/\/www.europesays.com\/pt\/wp-json\/wp\/v2\/comments?post=156614"}],"version-history":[{"count":0,"href":"https:\/\/www.europesays.com\/pt\/wp-json\/wp\/v2\/posts\/156614\/revisions"}],"wp:featuredmedia":[{"embeddable":true,"href":"https:\/\/www.europesays.com\/pt\/wp-json\/wp\/v2\/media\/156615"}],"wp:attachment":[{"href":"https:\/\/www.europesays.com\/pt\/wp-json\/wp\/v2\/media?parent=156614"}],"wp:term":[{"taxonomy":"category","embeddable":true,"href":"https:\/\/www.europesays.com\/pt\/wp-json\/wp\/v2\/categories?post=156614"},{"taxonomy":"post_tag","embeddable":true,"href":"https:\/\/www.europesays.com\/pt\/wp-json\/wp\/v2\/tags?post=156614"}],"curies":[{"name":"wp","href":"https:\/\/api.w.org\/{rel}","templated":true}]}}