{"id":15662,"date":"2025-08-04T14:41:08","date_gmt":"2025-08-04T14:41:08","guid":{"rendered":"https:\/\/www.europesays.com\/pt\/15662\/"},"modified":"2025-08-04T14:41:08","modified_gmt":"2025-08-04T14:41:08","slug":"com-presenca-de-itamar-vieira-jr-lancamento-do-livro-a-la-geringonca-inaugura-selo-casa-sesc-editorial-na-flip","status":"publish","type":"post","link":"https:\/\/www.europesays.com\/pt\/15662\/","title":{"rendered":"Com presen\u00e7a de Itamar Vieira Jr, lan\u00e7amento do livro \u00c0 La Geringon\u00e7a inaugura selo Casa Sesc Editorial na Flip"},"content":{"rendered":"<p>&#13;<br \/>\n&#13;<br \/>\n\t&#13;<br \/>\n\t&#13;<br \/>\n\t&#13;<br \/>\n\t&#13;<br \/>\n\t&#13;<br \/>\n\t\tCom presen\u00e7a de Itamar Vieira Jr, lan\u00e7amento do livro \u00c0 La Geringon\u00e7a inaugura selo Casa Sesc Editorial na Flip &#8211; Portal Sesc RJ<\/p>\n<p>&#13;<br \/>\n\t\t&#13;<\/p>\n<p>\t\t\t&#13;<br \/>\n\t&#13;<br \/>\n\t&#13;<br \/>\n\t&#13;<br \/>\n\t&#13;<br \/>\n\t&#13;<br \/>\n&#13;<br \/>\n\t&#13;<br \/>\n\t&#13;<br \/>\n\t&#13;<br \/>\n&#13;<br \/>\n&#13;<br \/>\n\t&#13;<br \/>\n\t&#13;<br \/>\n\t&#13;<br \/>\n&#13;<br \/>\n&#13;<br \/>\n&#13;<br \/>\n&#13;<br \/>\n&#13;<br \/>\n&#13;<br \/>\n&#13;<br \/>\n&#13;<br \/>\n&#13;<br \/>\n&#13;<br \/>\n&#13;<br \/>\n&#13;<br \/>\n&#13;<br \/>\n&#13;<\/p>\n<p>\t<a href=\"https:\/\/www.sescrio.org.br\/\" rel=\"nofollow noopener\" target=\"_blank\">Home<\/a> \u203a <a href=\"https:\/\/www.sescrio.org.br\/noticias\/\" rel=\"nofollow noopener\" target=\"_blank\">Not\u00edcias<\/a> \u203a <a href=\"https:\/\/www.sescrio.org.br\/noticias\/institucional\/\" rel=\"nofollow noopener\" target=\"_blank\">Institucional<\/a> \u203a <strong class=\"breadcrumb_last\" aria-current=\"page\">Com presen\u00e7a de Itamar Vieira Jr, lan\u00e7amento do livro \u00c0 La Geringon\u00e7a inaugura selo Casa Sesc Editorial na Flip<\/strong>Not\u00edcias\t&#13;<br \/>\n&#13;<\/p>\n<p>&#13;<br \/>\n&#13;<br \/>\n&#13;<br \/>\n&#13;<br \/>\n &#13;<\/p>\n<p>&#13;<br \/>\n&#13;<br \/>\n&#13;<br \/>\n&#13;<br \/>\n&#13;<br \/>\n&#13;<br \/>\n&#13;<br \/>\n &#13;<br \/>\n&#13;<br \/>\n&#13;<br \/>\n&#13;<\/p>\n","protected":false},"excerpt":{"rendered":"&#13; &#13; &#13; &#13; &#13; &#13; &#13; Com presen\u00e7a de Itamar Vieira Jr, lan\u00e7amento do livro \u00c0 La&hellip;\n","protected":false},"author":2,"featured_media":15663,"comment_status":"","ping_status":"","sticky":false,"template":"","format":"standard","meta":{"footnotes":""},"categories":[143],"tags":[169,114,115,170,32,33],"class_list":{"0":"post-15662","1":"post","2":"type-post","3":"status-publish","4":"format-standard","5":"has-post-thumbnail","7":"category-livros","8":"tag-books","9":"tag-entertainment","10":"tag-entretenimento","11":"tag-livros","12":"tag-portugal","13":"tag-pt"},"share_on_mastodon":{"url":"","error":""},"_links":{"self":[{"href":"https:\/\/www.europesays.com\/pt\/wp-json\/wp\/v2\/posts\/15662","targetHints":{"allow":["GET"]}}],"collection":[{"href":"https:\/\/www.europesays.com\/pt\/wp-json\/wp\/v2\/posts"}],"about":[{"href":"https:\/\/www.europesays.com\/pt\/wp-json\/wp\/v2\/types\/post"}],"author":[{"embeddable":true,"href":"https:\/\/www.europesays.com\/pt\/wp-json\/wp\/v2\/users\/2"}],"replies":[{"embeddable":true,"href":"https:\/\/www.europesays.com\/pt\/wp-json\/wp\/v2\/comments?post=15662"}],"version-history":[{"count":0,"href":"https:\/\/www.europesays.com\/pt\/wp-json\/wp\/v2\/posts\/15662\/revisions"}],"wp:featuredmedia":[{"embeddable":true,"href":"https:\/\/www.europesays.com\/pt\/wp-json\/wp\/v2\/media\/15663"}],"wp:attachment":[{"href":"https:\/\/www.europesays.com\/pt\/wp-json\/wp\/v2\/media?parent=15662"}],"wp:term":[{"taxonomy":"category","embeddable":true,"href":"https:\/\/www.europesays.com\/pt\/wp-json\/wp\/v2\/categories?post=15662"},{"taxonomy":"post_tag","embeddable":true,"href":"https:\/\/www.europesays.com\/pt\/wp-json\/wp\/v2\/tags?post=15662"}],"curies":[{"name":"wp","href":"https:\/\/api.w.org\/{rel}","templated":true}]}}