{"id":156622,"date":"2025-11-18T16:12:26","date_gmt":"2025-11-18T16:12:26","guid":{"rendered":"https:\/\/www.europesays.com\/pt\/156622\/"},"modified":"2025-11-18T16:12:26","modified_gmt":"2025-11-18T16:12:26","slug":"a-odisseia-nolan-diz-que-novas-cameras-consertam-antigo-problema","status":"publish","type":"post","link":"https:\/\/www.europesays.com\/pt\/156622\/","title":{"rendered":"A Odisseia | Nolan diz que novas c\u00e2meras consertam antigo problema"},"content":{"rendered":"<p>O diretor\u00a0<strong>Christopher Nolan\u00a0<\/strong>afirmou que as novas c\u00e2meras\u00a0<strong>IMAX\u00a0<\/strong>que est\u00e1 usando para gravar <strong>A Odisseia <\/strong>corrigem um antigo problema de seus filmes. A\u00a0fala do diretor veio em entrevista exclusiva \u00e0 <a href=\"https:\/\/www.empireonline.com\/movies\/news\/the-odysseys-revolutionary-imax-leap-was-proven-possible-by-a-bowie-classic-it-was-electrifying-cno\/\" rel=\"nofollow noopener\" target=\"_blank\">Empire<\/a>.<\/p>\n<p>Apesar do sucesso estrondoso de Oppenheimer, o filme\u00a0foi criticado por sua mixagem de som. As reclama\u00e7\u00f5es se concentravam no fato de que, mesmo sendo uma obra de 3 horas de dura\u00e7\u00e3o focada em di\u00e1logos, a mixagem de som, por vezes, abafava o que os personagens diziam, tornando algumas falas inaud\u00edveis.<\/p>\n<p>            Continua depois da Publicidade<\/p>\n<p>No passado, Nolan se limitava a usar as c\u00e2meras IMAX apenas para cenas de a\u00e7\u00e3o, porque os equipamentos geravam muito ruidosas para capturar di\u00e1logos de perto. Para resolver isso, foi desenvolvido um novo inv\u00f3lucro para c\u00e2meras IMAX, conhecido como &#8220;blimp&#8221;, que reduz drasticamente o ru\u00eddo produzido pelas c\u00e2meras.<\/p>\n<p>&#8220;O sistema blimp \u00e9 revolucion\u00e1rio&#8221;, diz Nolan. &#8220;Voc\u00ea pode filmar a poucos cent\u00edmetros do rosto [de um ator] enquanto ele sussurra e obter um som utiliz\u00e1vel. Isso possibilita momentos \u00edntimos de atua\u00e7\u00e3o no formato mais belo do mundo&#8221;.<\/p>\n<p>    Tudo sobre\u00a0A Odisseia<\/p>\n<p>O filme \u00e9 mais uma adapta\u00e7\u00e3o do cl\u00e1ssico poema heroico de Homero, uma continua\u00e7\u00e3o de\u00a0Il\u00edada\u00a0que conta a hist\u00f3ria de Odisseu (Ulisses em algumas tradu\u00e7\u00f5es) tentando por 10 anos retornar para casa em \u00cdtaca ap\u00f3s a vit\u00f3ria na guerra de Troia. Irado, o deus dos mares, Poseidon, faz de tudo para impedir que ele volte \u00e0 sua esposa, Pen\u00e9lope.<\/p>\n<p>            Continua depois da Publicidade<\/p>\n<p>At\u00e9 o momento, nenhum dos pap\u00e9is foi confirmado al\u00e9m do protagonista:\u00a0Matt\u00a0Damon\u00a0viver\u00e1 Odisseu (ou Ulisses, em algumas vers\u00f5es). Segundo a imprensa da Gr\u00e9cia, onde boa parte do filme foi rodado,\u00a0Anne Hathaway\u00a0interpretar\u00e1 a esposa do personagem, Pen\u00e9lope. J\u00e1\u00a0Tom\u00a0Holland\u00a0interpretar\u00e1 Tel\u00eamaco, filho de Ulisses, com\u00a0Zendaya\u00a0interpretando a deusa Atena,\u00a0Charlize\u00a0Theron\u00a0como Circe,\u00a0Benny\u00a0Safdie\u00a0como Agamenon e\u00a0Lupita\u00a0Nyong&#8217;o\u00a0como Clitemnestra \u2014 ou Clitenestra \u2014, esposa de Agamenon.\u00a0<\/p>\n<p>O elenco conta ainda com mais estrelas:\u00a0Robert Pattinson,\u00a0Jon\u00a0Bernthal,\u00a0Mia Goth,\u00a0John Leguizamo\u00a0e muitos outros nomes. Colaboradores antigos de Nolan est\u00e3o de volta.\u00a0O compositor\u00a0Ludwig G\u00f6ransson, de\u00a0TENET\u00a0e\u00a0Oppenheimer, far\u00e1 a trilha sonora, e tamb\u00e9m de volta est\u00e1 o diretor de fotografia\u00a0Hoyte Van Hoytema, que filma os longas de Nolan desde\u00a0Interestelar.<\/p>\n<p>Um dos maiores cl\u00e1ssicos da literatura,\u00a0A Odisseia\u00a0j\u00e1 foi interpretado, reinterpretado, traduzido e adaptado in\u00fameras vezes. Al\u00e9m de ser transformado em prosa por diferentes escritores, o poema inspirou tanto filmes e s\u00e9ries situadas na antiga Gr\u00e9cia quanto longas como\u00a0Ei Meu Irm\u00e3o, Cad\u00ea Voc\u00ea?\u00a0dos\u00a0Irm\u00e3os Coen, que usam o esqueleto da narrativa para hist\u00f3rias em outros tempos e contextos.<\/p>\n<p data-gtm-vis-first-on-screen67967661_30=\"460763\" data-gtm-vis-has-fired67967661_30=\"1\" data-gtm-vis-total-visible-time67967661_30=\"100\">Nolan chega em\u00a0A Odisseia\u00a0com o maior cheque em branco de sua carreira depois de fazer\u00a0Oppenheimer. Lan\u00e7ado pela\u00a0Universal, que cuidar\u00e1 de\u00a0A Odisseia, o filme arrecadou mais de US$ 900 milh\u00f5es e venceu diversos Oscars, incluindo Melhor Dire\u00e7\u00e3o e Melhor Filme.<\/p>\n<p>            Continua depois da Publicidade<\/p>\n<p>A Odisseia chega aos cinemas em 16 de julho de 2026.<\/p>\n","protected":false},"excerpt":{"rendered":"O diretor\u00a0Christopher Nolan\u00a0afirmou que as novas c\u00e2meras\u00a0IMAX\u00a0que est\u00e1 usando para gravar A Odisseia corrigem um antigo problema de&hellip;\n","protected":false},"author":2,"featured_media":156623,"comment_status":"","ping_status":"","sticky":false,"template":"","format":"standard","meta":{"footnotes":""},"categories":[140],"tags":[114,115,147,148,146,32,33],"class_list":{"0":"post-156622","1":"post","2":"type-post","3":"status-publish","4":"format-standard","5":"has-post-thumbnail","7":"category-filmes","8":"tag-entertainment","9":"tag-entretenimento","10":"tag-film","11":"tag-filmes","12":"tag-movies","13":"tag-portugal","14":"tag-pt"},"share_on_mastodon":{"url":"https:\/\/pubeurope.com\/@pt\/115571585414596359","error":""},"_links":{"self":[{"href":"https:\/\/www.europesays.com\/pt\/wp-json\/wp\/v2\/posts\/156622","targetHints":{"allow":["GET"]}}],"collection":[{"href":"https:\/\/www.europesays.com\/pt\/wp-json\/wp\/v2\/posts"}],"about":[{"href":"https:\/\/www.europesays.com\/pt\/wp-json\/wp\/v2\/types\/post"}],"author":[{"embeddable":true,"href":"https:\/\/www.europesays.com\/pt\/wp-json\/wp\/v2\/users\/2"}],"replies":[{"embeddable":true,"href":"https:\/\/www.europesays.com\/pt\/wp-json\/wp\/v2\/comments?post=156622"}],"version-history":[{"count":0,"href":"https:\/\/www.europesays.com\/pt\/wp-json\/wp\/v2\/posts\/156622\/revisions"}],"wp:featuredmedia":[{"embeddable":true,"href":"https:\/\/www.europesays.com\/pt\/wp-json\/wp\/v2\/media\/156623"}],"wp:attachment":[{"href":"https:\/\/www.europesays.com\/pt\/wp-json\/wp\/v2\/media?parent=156622"}],"wp:term":[{"taxonomy":"category","embeddable":true,"href":"https:\/\/www.europesays.com\/pt\/wp-json\/wp\/v2\/categories?post=156622"},{"taxonomy":"post_tag","embeddable":true,"href":"https:\/\/www.europesays.com\/pt\/wp-json\/wp\/v2\/tags?post=156622"}],"curies":[{"name":"wp","href":"https:\/\/api.w.org\/{rel}","templated":true}]}}