{"id":156626,"date":"2025-11-18T16:16:40","date_gmt":"2025-11-18T16:16:40","guid":{"rendered":"https:\/\/www.europesays.com\/pt\/156626\/"},"modified":"2025-11-18T16:16:40","modified_gmt":"2025-11-18T16:16:40","slug":"a-ia-que-cria-imagens-tao-reais-que-desafiam-o-seu-olhar","status":"publish","type":"post","link":"https:\/\/www.europesays.com\/pt\/156626\/","title":{"rendered":"a IA que cria imagens t\u00e3o reais que desafiam o seu olhar"},"content":{"rendered":"<p>Lan\u00e7ado no dia 14 de novembro de 2025, o <strong>ImagineArt 1.5<\/strong> rapidamente chamou aten\u00e7\u00e3o pela capacidade da gera\u00e7\u00e3o de imagens realistas. Seu aprimoramento traz microdetalhes dignos de fotografia profissional: poros, reflexos, texturas de pele e superf\u00edcies captados com precis\u00e3o, al\u00e9m de uma evolu\u00e7\u00e3o marcante no entendimento de prompts complexos e texturiza\u00e7\u00e3o dentro das imagens.<\/p>\n<blockquote class=\"twitter-tweet\">\n<p dir=\"ltr\" lang=\"en\"> ImagineArt 1.5 is here \u2013 leveling up the realism game after 1.0.<\/p>\n<p>The world\u2019s most realistic AI image model just dropped.<br \/>Every pore. Every reflection. Every pixel, perfected.<\/p>\n<p>Retweet + comment \u201cImagineArt 1.5\u201d for exclusive prompts + guide! <a href=\"https:\/\/t.co\/5PyY0ggEN2\" rel=\"nofollow\">pic.twitter.com\/5PyY0ggEN2<\/a><\/p>\n<p>\u2014 ImagineArt (@ImagineArt_X) <a href=\"https:\/\/twitter.com\/ImagineArt_X\/status\/1989555499910504804?ref_src=twsrc%5Etfw\" target=\"_blank\" rel=\"noopener nofollow\">November 15, 2025<\/a><\/p>\n<\/blockquote>\n<p>\u00a0<\/p>\n<p>O projeto ImagineArt nasceu em 2023 com a ambi\u00e7\u00e3o de unir arte digital e tecnologia avan\u00e7ada. Liderado por um time internacional de engenheiros, designers e artistas digitais, ImagineArt ganhou notoriedade pelas ferramentas de imagem e v\u00eddeo baseadas em IA, integrando recursos multimodais no pacote 1.5: controle detalhado de ilumina\u00e7\u00e3o, \u00e2ngulos, estilos visuais e at\u00e9 expressividade facial, sem exigir expertise t\u00e9cnica para operar o sistema<\/p>\n<p>Realismo impressionante<\/p>\n<p><a href=\"https:\/\/www.europesays.com\/pt\/wp-content\/uploads\/2025\/11\/603.webp.webp\"><img fetchpriority=\"high\" decoding=\"async\" class=\"aligncenter wp-image-339661 \" src=\"data:image\/svg+xml,%3Csvg%20xmlns=\" http:=\"\" alt=\"603\" width=\"991\" height=\"495\" title=\"ImagineArt 1.5: veja imagens geradas pelo novo modelo de IA que impressiona pelo realismo 1\" data-lazy- data-lazy- data-lazy-src=\"https:\/\/www.europesays.com\/pt\/wp-content\/uploads\/2025\/11\/603.webp.webp\"\/><\/a><\/p>\n<p>O lan\u00e7amento do ImagineArt 1.5 gerou discuss\u00f5es intensas nas principais comunidades online, como o Reddit. Usu\u00e1rios destacam que o modelo realmente eleva o padr\u00e3o dos resultados fotorrealistas, entregando retratos e ambientes em que nuances de texturas, ilumina\u00e7\u00e3o e detalhes de pele s\u00e3o praticamente indistingu\u00edveis de fotos feitas por c\u00e2meras profissionais. O consenso \u00e9 que, no quesito realismo, o ImagineArt 1.5 supera seus concorrentes atuais, especialmente em imagens que exigem fidelidade t\u00e9cnica \u2013 como fotografia publicit\u00e1ria e retratos fechados.<\/p>\n<p><a href=\"https:\/\/www.europesays.com\/pt\/wp-content\/uploads\/2025\/11\/704.webp.webp\"><img loading=\"lazy\" decoding=\"async\" class=\"aligncenter wp-image-339663 \" src=\"data:image\/svg+xml,%3Csvg%20xmlns=\" http:=\"\" alt=\"704\" width=\"531\" height=\"708\" title=\"ImagineArt 1.5: veja imagens geradas pelo novo modelo de IA que impressiona pelo realismo 2\" data-lazy- data-lazy- data-lazy-src=\"https:\/\/www.europesays.com\/pt\/wp-content\/uploads\/2025\/11\/704.webp.webp\"\/><\/a><\/p>\n<p>Por outro lado, h\u00e1 reconhecimento de que o modelo mant\u00e9m limita\u00e7\u00f5es quando o objetivo \u00e9 criar imagens com estilo livre, composi\u00e7\u00f5es art\u00edsticas abstratas ou elementos mais imaginativos, \u00e1reas onde plataformas como Midjourney ainda s\u00e3o preferidas por muitos criadores.<\/p>\n<p>Abaixo um usu\u00e1rio comparou o ImagineArt 1.5 contra outros outros modelos avan\u00e7ados (Seedream 4.0, Nanobanana, Flux Kontext), a diferen\u00e7a de realismo \u00e9 n\u00edtida.<\/p>\n<blockquote class=\"twitter-tweet\">\n<p dir=\"ltr\" lang=\"en\">The level of detail in the ImagineArt 1.5 model is clearly superior to other models.<br \/>Perhaps the closest is Seedream 4.0.<\/p>\n<p>A \u2013 ImagineArt 1.5<br \/>B \u2013 Seedream 4.0<br \/>C \u2013 Nanobanana<br \/>D \u2013 Flux Kontext<\/p>\n<p>\u2b07\ufe0f I\u2019ll leave the prompt in the following tweet in case anyone wants to run tests and\u2026 <a href=\"https:\/\/t.co\/FwOWv7BYro\" rel=\"nofollow\">pic.twitter.com\/FwOWv7BYro<\/a><\/p>\n<p>\u2014 PSS (@PromptSin) <a href=\"https:\/\/twitter.com\/PromptSin\/status\/1989989885264966054?ref_src=twsrc%5Etfw\" target=\"_blank\" rel=\"noopener nofollow\">November 16, 2025<\/a><\/p>\n<\/blockquote>\n<p>\u00a0<\/p>\n<p>Detalhes t\u00e9cnicos que explicam o diferencial<\/p>\n<p><a href=\"https:\/\/www.europesays.com\/pt\/wp-content\/uploads\/2025\/11\/1743.webp.webp\"><img loading=\"lazy\" decoding=\"async\" class=\"aligncenter wp-image-339662 \" src=\"data:image\/svg+xml,%3Csvg%20xmlns=\" http:=\"\" alt=\"1743\" width=\"413\" height=\"620\" title=\"ImagineArt 1.5: veja imagens geradas pelo novo modelo de IA que impressiona pelo realismo 3\" data-lazy- data-lazy- data-lazy-src=\"https:\/\/www.europesays.com\/pt\/wp-content\/uploads\/2025\/11\/1743.webp.webp\"\/><\/a><\/p>\n<p class=\"my-2 [&amp;+p]:mt-4 [&amp;_strong:has(+br)]:inline-block [&amp;_strong:has(+br)]:pb-2\">ImagineArt 1.5 foi projetado para eliminar limita\u00e7\u00f5es recorrentes dos concorrentes: artefatos digitais, falhas em superf\u00edcies, e dificuldade em renderizar textos. Seu sistema garante compreens\u00e3o profunda de comandos e oferece personaliza\u00e7\u00e3o est\u00e9tica \u2014 inclusive controle de aspecto, enquadramento, e cromatismo de imagem. A plataforma \u00e9 acess\u00edvel por assinatura, paga por cr\u00e9ditos, e oferece planos gratuitos com limita\u00e7\u00f5es de gera\u00e7\u00e3o mensal.<\/p>\n<p>A arquitetura multimodal permite misturar refer\u00eancias fotogr\u00e1ficas, textos descritivos e estilos de arte, possibilitando desde portf\u00f3lios hiper-realistas at\u00e9 campanhas publicit\u00e1rias personalizadas.<\/p>\n<p>Em termos pr\u00e1ticos, o modelo tem um grande potencial para comerciais, campanhas publicit\u00e1rias, retratos e bancos de imagem que exigem realismo inquestion\u00e1vel. O suporte a diferentes estilos existe, mas a maior parte dos relatos aponta que o ImagineArt brilha mesmo nas aplica\u00e7\u00f5es fotogr\u00e1ficas \u2014 especialmente nas demandas do mercado, onde tempo e acabamento s\u00e3o fatores cr\u00edticos.<\/p>\n<p>Confira abaixo outras imagens geradas pelo ImagineArt 1.5<\/p>\n<p><a href=\"https:\/\/www.europesays.com\/pt\/wp-content\/uploads\/2025\/11\/1790.webp.webp\"><img loading=\"lazy\" decoding=\"async\" class=\"aligncenter wp-image-339664 \" src=\"data:image\/svg+xml,%3Csvg%20xmlns=\" http:=\"\" alt=\"1790\" width=\"495\" height=\"743\" title=\"ImagineArt 1.5: veja imagens geradas pelo novo modelo de IA que impressiona pelo realismo 4\" data-lazy- data-lazy- data-lazy-src=\"https:\/\/www.europesays.com\/pt\/wp-content\/uploads\/2025\/11\/1790.webp.webp\"\/><\/a><\/p>\n<p><a href=\"https:\/\/www.europesays.com\/pt\/wp-content\/uploads\/2025\/11\/1220.webp.webp\"><img loading=\"lazy\" decoding=\"async\" class=\"aligncenter wp-image-339665 \" src=\"data:image\/svg+xml,%3Csvg%20xmlns=\" http:=\"\" alt=\"1220\" width=\"521\" height=\"521\" title=\"ImagineArt 1.5: veja imagens geradas pelo novo modelo de IA que impressiona pelo realismo 5\" data-lazy- data-lazy- data-lazy-src=\"https:\/\/www.europesays.com\/pt\/wp-content\/uploads\/2025\/11\/1220.webp.webp\"\/><\/a><\/p>\n<p><a href=\"https:\/\/www.europesays.com\/pt\/wp-content\/uploads\/2025\/11\/826.webp.webp\"><img loading=\"lazy\" decoding=\"async\" class=\"aligncenter wp-image-339666 \" src=\"data:image\/svg+xml,%3Csvg%20xmlns=\" http:=\"\" alt=\"826\" width=\"416\" height=\"553\" title=\"ImagineArt 1.5: veja imagens geradas pelo novo modelo de IA que impressiona pelo realismo 6\" data-lazy- data-lazy- data-lazy-src=\"https:\/\/www.europesays.com\/pt\/wp-content\/uploads\/2025\/11\/826.webp.webp\"\/><\/a><\/p>\n<p><a href=\"https:\/\/www.europesays.com\/pt\/wp-content\/uploads\/2025\/11\/903.webp.webp\"><img loading=\"lazy\" decoding=\"async\" class=\"aligncenter wp-image-339667 \" src=\"data:image\/svg+xml,%3Csvg%20xmlns=\" http:=\"\" alt=\"903\" width=\"478\" height=\"637\" title=\"ImagineArt 1.5: veja imagens geradas pelo novo modelo de IA que impressiona pelo realismo 7\" data-lazy- data-lazy- data-lazy-src=\"https:\/\/www.europesays.com\/pt\/wp-content\/uploads\/2025\/11\/903.webp.webp\"\/><\/a><\/p>\n<p>\t\t\t\t<script async src=\"https:\/\/platform.twitter.com\/widgets.js\" charset=\"utf-8\"><\/script><\/p>\n","protected":false},"excerpt":{"rendered":"Lan\u00e7ado no dia 14 de novembro de 2025, o ImagineArt 1.5 rapidamente chamou aten\u00e7\u00e3o pela capacidade da gera\u00e7\u00e3o&hellip;\n","protected":false},"author":2,"featured_media":156627,"comment_status":"","ping_status":"","sticky":false,"template":"","format":"standard","meta":{"footnotes":""},"categories":[84],"tags":[109,107,108,32,33,105,103,104,106,110],"class_list":{"0":"post-156626","1":"post","2":"type-post","3":"status-publish","4":"format-standard","5":"has-post-thumbnail","7":"category-ciencia-e-tecnologia","8":"tag-ciencia","9":"tag-ciencia-e-tecnologia","10":"tag-cienciaetecnologia","11":"tag-portugal","12":"tag-pt","13":"tag-science","14":"tag-science-and-technology","15":"tag-scienceandtechnology","16":"tag-technology","17":"tag-tecnologia"},"share_on_mastodon":{"url":"https:\/\/pubeurope.com\/@pt\/115571601085887018","error":""},"_links":{"self":[{"href":"https:\/\/www.europesays.com\/pt\/wp-json\/wp\/v2\/posts\/156626","targetHints":{"allow":["GET"]}}],"collection":[{"href":"https:\/\/www.europesays.com\/pt\/wp-json\/wp\/v2\/posts"}],"about":[{"href":"https:\/\/www.europesays.com\/pt\/wp-json\/wp\/v2\/types\/post"}],"author":[{"embeddable":true,"href":"https:\/\/www.europesays.com\/pt\/wp-json\/wp\/v2\/users\/2"}],"replies":[{"embeddable":true,"href":"https:\/\/www.europesays.com\/pt\/wp-json\/wp\/v2\/comments?post=156626"}],"version-history":[{"count":0,"href":"https:\/\/www.europesays.com\/pt\/wp-json\/wp\/v2\/posts\/156626\/revisions"}],"wp:featuredmedia":[{"embeddable":true,"href":"https:\/\/www.europesays.com\/pt\/wp-json\/wp\/v2\/media\/156627"}],"wp:attachment":[{"href":"https:\/\/www.europesays.com\/pt\/wp-json\/wp\/v2\/media?parent=156626"}],"wp:term":[{"taxonomy":"category","embeddable":true,"href":"https:\/\/www.europesays.com\/pt\/wp-json\/wp\/v2\/categories?post=156626"},{"taxonomy":"post_tag","embeddable":true,"href":"https:\/\/www.europesays.com\/pt\/wp-json\/wp\/v2\/tags?post=156626"}],"curies":[{"name":"wp","href":"https:\/\/api.w.org\/{rel}","templated":true}]}}