{"id":156628,"date":"2025-11-18T16:19:11","date_gmt":"2025-11-18T16:19:11","guid":{"rendered":"https:\/\/www.europesays.com\/pt\/156628\/"},"modified":"2025-11-18T16:19:11","modified_gmt":"2025-11-18T16:19:11","slug":"ex-primeira-ministra-do-bangladesh-condenada-a-morte-por-crimes-contra-a-humanidade-por-reprimir-levantamento-estudantil-2","status":"publish","type":"post","link":"https:\/\/www.europesays.com\/pt\/156628\/","title":{"rendered":"Ex-primeira-ministra do Bangladesh condenada \u00e0 morte por crimes contra a humanidade por reprimir levantamento estudantil"},"content":{"rendered":"<p>Um tribunal do Bangladesh condenou \u00e0 morte a ex-primeira-ministra Sheikh Hasina por crimes contra a humanidade na repress\u00e3o violenta dos protestos desencadeados por estudantes que levaram \u00e0 sua deposi\u00e7\u00e3o no ver\u00e3o de 2024. Na rea\u00e7\u00e3o, <strong>Sheikh Hasina considerou que \u201cas motiva\u00e7\u00f5es (da senten\u00e7a) s\u00e3o pol\u00edticas\u201d e que o julgamento foi \u201cuma farsa\u201d<\/strong>.<\/p>\n<p class=\"p1\">\u201cTodos os elementos que constituem crimes contra a humanidade est\u00e3o presentes. N\u00f3s decidimos impor apenas uma senten\u00e7a: a pena de morte\u201d, declarou Golam Mortuza Mozumder, juiz do tribunal de Daca, esta segunda-feira. No tribunal, <strong>os familiares dos manifestantes mortos acolheram a senten\u00e7a com aplausos e l\u00e1grimas nos olhos<\/strong>, <a href=\"https:\/\/www.bbc.com\/portuguese\/articles\/cqjwnx49vdgo\" target=\"_blank\" rel=\"noopener noreferrer nofollow\">relata a imprensa internacional<\/a>.<\/p>\n<p>A condena\u00e7\u00e3o, \u00e0 revelia, por um <a href=\"https:\/\/www.theguardian.com\/world\/2025\/nov\/17\/ousted-bangladesh-pm-sheikh-hasina-found-guilty-of-crimes-against-humanity\" target=\"_blank\" rel=\"noopener noreferrer nofollow\">coletivo de tr\u00eas ju\u00edzes do tribunal penal do pa\u00eds<\/a> refere crimes como o <strong>incitamento \u00e0 viol\u00eancia, ordens para matar civis desarmados e omiss\u00e3o de socorro <\/strong>durante as manifesta\u00e7\u00f5es antigovernamentais que foram desencadeadas por estudantes, mas que ganharam \u00e2mbito nacional e foram reprimidas com \u201cdrones, helic\u00f3pteros e armas letais\u201d, depois de Hasina ter chamado \u201cterroristas\u201d aos manifestantes. <strong>O ex-ministro do Interior Asaduzzaman Khan Kamal, em fuga, tamb\u00e9m foi condenado \u00e0 morte<\/strong>.<\/p>\n<p>  Veredicto \u201cpredeterminado\u201d  <\/p>\n<p>Em comunicado, Sheikh Hasina, de 78 anos, j\u00e1 contestou a legitimidade do tribunal que a condenou: \u201cAs senten\u00e7as anunciadas contra mim foram decididas por um tribunal ilegal, nomeado e presidido por um Governo que n\u00e3o foi eleito e n\u00e3o tem mandato democr\u00e1tico\u201d, afirmou. \u201cEste veredicto de culpada foi predeterminado. N\u00e3o tenho medo de enfrentar os meus acusadores perante um tribunal imparcial, no qual as provas possam ser vistas de forma honesta\u201d, acrescentou.<\/p>\n<p>Anteriormente, em declara\u00e7\u00f5es \u00e0 comunica\u00e7\u00e3o social, a ex-primeira-ministra considerou \u201ctodas as acusa\u00e7\u00f5es infundadas\u201d. As grava\u00e7\u00f5es apresentadas pela procuradoria, sugerindo que teria autorizado o uso de \u201carmas letais\u201d contra os manifestantes, foram \u201cretiradas do contexto\u201d, afirmou, antecipando que o veredicto de culpada j\u00e1 estava \u201cpredeterminado\u201d num processo \u201cclaramente com motiva\u00e7\u00f5es pol\u00edticas\u201d.<\/p>\n<p>Estudantes pedem a demiss\u00e3o da primeira-ministra Sheikh Hasina a 4 de agosto<\/p>\n<p>MONIRUL ALAM\/EPA<\/p>\n<p><strong>Sheikh Hasina, que fugiu para a \u00cdndia em agosto de 2024, depois de 15 anos no poder, estava a ser julgada \u00e0 revelia <\/strong>desde junho e sempre negou as acusa\u00e7\u00f5es, mas o tribunal considerou-a culpada pela repress\u00e3o dos <strong>protestos antigovernamentais de julho e agosto do ano passado em que morreram mais de 1400 pessoas<\/strong>, a maioria civis, e 25 mil ficaram feridas, de acordo com a Organiza\u00e7\u00e3o das Na\u00e7\u00f5es Unidas. A \u00cdndia, onde se exilou, ignorou todos os pedidos de extradi\u00e7\u00e3o apresentados pelo Bangladesh para que Hasina estivesse presente em tribunal.<\/p>\n<p>  Mais acusa\u00e7\u00f5es  <\/p>\n<p>Num pa\u00eds que vive sob tens\u00e3o pol\u00edtica e tem elei\u00e7\u00f5es legislativas dentro de tr\u00eas meses, a decis\u00e3o era aguardada com expectativa e a senten\u00e7a levou ao refor\u00e7o das medidas de seguran\u00e7a: A pol\u00edcia da capital foi colocada em alerta m\u00e1ximo.<\/p>\n<p>O partido de Sheikh Hasina, a Liga Awami, venceu as \u00faltimas legislativas, no in\u00edcio de 2024, mas foi deposto pelo atual Governo interino do Bangladesh, liderado pelo Pr\u00e9mio Nobel da Paz Muhammad Yunus. Nas pr\u00f3ximas elei\u00e7\u00f5es, a Liga Awami est\u00e1 impedida de concorrer e as autoridades receiam mais agita\u00e7\u00e3o nas ruas antes da vota\u00e7\u00e3o.<\/p>\n<p>Sheikh Hasina \u00e9 tamb\u00e9m alvo de <strong>in\u00fameras den\u00fancias sobre v\u00e1rios assass\u00ednios e raptos<\/strong> ao longo dos seus mandatos, por parte dos seus advers\u00e1rios pol\u00edticos e organiza\u00e7\u00f5es n\u00e3o-governamentais, e <strong>enfrenta um processo por corrup\u00e7\u00e3o<\/strong>. De acordo com a investiga\u00e7\u00e3o de uma comiss\u00e3o de inqu\u00e9rito, o seu Governo ordenou o desaparecimento de mais de 250 membros da oposi\u00e7\u00e3o.<\/p>\n<p>Filha de Sheikh Mujibur Rahman, l\u00edder da independ\u00eancia nacional e primeiro Presidente do pa\u00eds, Hasina foi para o ex\u00edlio com a sua irm\u00e3 depois do golpe militar que matou os pais e tr\u00eas irm\u00e3os em 1975, tendo regressado ao Bangladesh em 1981 para presidir \u00e0 Liga Awami. Tornou-se primeira-ministra pela primeira vez em 1986, voltou ao poder em 2008 e protagonizou a lideran\u00e7a mais longa da hist\u00f3ria do pa\u00eds, entre atentados e acusa\u00e7\u00f5es de sufocar a oposi\u00e7\u00e3o, controlar as institui\u00e7\u00f5es e permitir abusos generalizados das for\u00e7as de seguran\u00e7a.<\/p>\n","protected":false},"excerpt":{"rendered":"Um tribunal do Bangladesh condenou \u00e0 morte a ex-primeira-ministra Sheikh Hasina por crimes contra a humanidade na repress\u00e3o&hellip;\n","protected":false},"author":2,"featured_media":155619,"comment_status":"","ping_status":"","sticky":false,"template":"","format":"standard","meta":{"footnotes":""},"categories":[50],"tags":[27,28,15,16,14,25,26,21,22,62,12,13,19,20,23,24,17,18,29,30,31,63,64,65],"class_list":{"0":"post-156628","1":"post","2":"type-post","3":"status-publish","4":"format-standard","5":"has-post-thumbnail","7":"category-mundo","8":"tag-breaking-news","9":"tag-breakingnews","10":"tag-featured-news","11":"tag-featurednews","12":"tag-headlines","13":"tag-latest-news","14":"tag-latestnews","15":"tag-main-news","16":"tag-mainnews","17":"tag-mundo","18":"tag-news","19":"tag-noticias","20":"tag-noticias-principais","21":"tag-noticiasprincipais","22":"tag-principais-noticias","23":"tag-principaisnoticias","24":"tag-top-stories","25":"tag-topstories","26":"tag-ultimas","27":"tag-ultimas-noticias","28":"tag-ultimasnoticias","29":"tag-world","30":"tag-world-news","31":"tag-worldnews"},"share_on_mastodon":{"url":"https:\/\/pubeurope.com\/@pt\/115571613180200093","error":""},"_links":{"self":[{"href":"https:\/\/www.europesays.com\/pt\/wp-json\/wp\/v2\/posts\/156628","targetHints":{"allow":["GET"]}}],"collection":[{"href":"https:\/\/www.europesays.com\/pt\/wp-json\/wp\/v2\/posts"}],"about":[{"href":"https:\/\/www.europesays.com\/pt\/wp-json\/wp\/v2\/types\/post"}],"author":[{"embeddable":true,"href":"https:\/\/www.europesays.com\/pt\/wp-json\/wp\/v2\/users\/2"}],"replies":[{"embeddable":true,"href":"https:\/\/www.europesays.com\/pt\/wp-json\/wp\/v2\/comments?post=156628"}],"version-history":[{"count":0,"href":"https:\/\/www.europesays.com\/pt\/wp-json\/wp\/v2\/posts\/156628\/revisions"}],"wp:featuredmedia":[{"embeddable":true,"href":"https:\/\/www.europesays.com\/pt\/wp-json\/wp\/v2\/media\/155619"}],"wp:attachment":[{"href":"https:\/\/www.europesays.com\/pt\/wp-json\/wp\/v2\/media?parent=156628"}],"wp:term":[{"taxonomy":"category","embeddable":true,"href":"https:\/\/www.europesays.com\/pt\/wp-json\/wp\/v2\/categories?post=156628"},{"taxonomy":"post_tag","embeddable":true,"href":"https:\/\/www.europesays.com\/pt\/wp-json\/wp\/v2\/tags?post=156628"}],"curies":[{"name":"wp","href":"https:\/\/api.w.org\/{rel}","templated":true}]}}