{"id":156629,"date":"2025-11-18T16:20:34","date_gmt":"2025-11-18T16:20:34","guid":{"rendered":"https:\/\/www.europesays.com\/pt\/156629\/"},"modified":"2025-11-18T16:20:34","modified_gmt":"2025-11-18T16:20:34","slug":"pj-detem-tres-mulheres-com-quase-70-mil-doses-de-cocaina-no-aeroporto-de-lisboa","status":"publish","type":"post","link":"https:\/\/www.europesays.com\/pt\/156629\/","title":{"rendered":"PJ det\u00e9m tr\u00eas mulheres com quase 70 mil doses de coca\u00edna no Aeroporto de Lisboa"},"content":{"rendered":"<p>Mulheres detidas em opera\u00e7\u00f5es distintas<\/p>\n<p>A <strong>Pol\u00edcia Judici\u00e1ria (PJ)<\/strong>, atrav\u00e9s da <strong>Unidade Nacional de Combate ao Tr\u00e1fico de Estupefacientes<\/strong>, deteve tr\u00eas mulheres estrangeiras, com idades entre os 20 e os 39 anos, suspeitas da pr\u00e1tica do crime de <strong>tr\u00e1fico il\u00edcito de estupefacientes<\/strong>.<\/p>\n<p>Em comunicado, a PJ explicou que as deten\u00e7\u00f5es ocorreram \u201c<strong>no decurso de tr\u00eas interven\u00e7\u00f5es distintas, no \u00e2mbito de a\u00e7\u00f5es que t\u00eam em vista a preven\u00e7\u00e3o e repress\u00e3o da introdu\u00e7\u00e3o de produtos estupefacientes em territ\u00f3rio nacional<\/strong>\u201d. Todas as deten\u00e7\u00f5es foram realizadas <strong>no Aeroporto de Lisboa<\/strong>.<\/p>\n<p>Quantidade impressionante de coca\u00edna<\/p>\n<p>Segundo a PJ, as suspeitas transportavam droga <strong>de diversas formas<\/strong>: \u201c<strong>na bagagem, dissimulada junto ao corpo e uma delas tamb\u00e9m no interior do organismo<\/strong>\u201d. A quantidade de coca\u00edna apreendida seria suficiente para <strong>pelo menos 69 400 doses individuais<\/strong>, caso tivesse chegado aos circuitos de distribui\u00e7\u00e3o il\u00edcita.<\/p>\n<p>O comunicado alerta ainda para o modo de atua\u00e7\u00e3o das redes criminosas: \u201c<strong>As redes criminosas continuam a recrutar correios humanos, frequentemente jovens adultos em situa\u00e7\u00e3o de grande car\u00eancia econ\u00f3mica e\/ou emocional, para procederem ao transporte significativas de droga, incluindo no interior do organismo, aliciando-os com avultadas quantias monet\u00e1rias e, ao mesmo tempo, com falsas informa\u00e7\u00f5es quanto aos efetivos riscos que ir\u00e3o enfrentar, incluindo para a sua vida<\/strong>\u201d.<\/p>\n<p>Pris\u00e3o preventiva e processo judicial<\/p>\n<p>As tr\u00eas mulheres foram \u201c<strong>presentes a primeiro interrogat\u00f3rio judicial de arguido detido perante a autoridade judici\u00e1ria competente, tendo-lhes sido aplicada a medida de coa\u00e7\u00e3o pris\u00e3o preventiva<\/strong>\u201d, indicou a PJ. O processo continua em investiga\u00e7\u00e3o, enquanto as autoridades procuram prevenir que mais drogas cheguem aos mercados il\u00edcitos em Portugal.<\/p>\n","protected":false},"excerpt":{"rendered":"Mulheres detidas em opera\u00e7\u00f5es distintas A Pol\u00edcia Judici\u00e1ria (PJ), atrav\u00e9s da Unidade Nacional de Combate ao Tr\u00e1fico de&hellip;\n","protected":false},"author":2,"featured_media":156630,"comment_status":"","ping_status":"","sticky":false,"template":"","format":"standard","meta":{"footnotes":""},"categories":[10],"tags":[1811,27,28,19764,2624,15,16,14,25,26,21,22,12,13,19,20,4107,32,23,24,33,17,18,27969,29,30,31],"class_list":{"0":"post-156629","1":"post","2":"type-post","3":"status-publish","4":"format-standard","5":"has-post-thumbnail","7":"category-portugal","8":"tag-aeroporto-de-lisboa","9":"tag-breaking-news","10":"tag-breakingnews","11":"tag-cocaina","12":"tag-droga","13":"tag-featured-news","14":"tag-featurednews","15":"tag-headlines","16":"tag-latest-news","17":"tag-latestnews","18":"tag-main-news","19":"tag-mainnews","20":"tag-news","21":"tag-noticias","22":"tag-noticias-principais","23":"tag-noticiasprincipais","24":"tag-pj","25":"tag-portugal","26":"tag-principais-noticias","27":"tag-principaisnoticias","28":"tag-pt","29":"tag-top-stories","30":"tag-topstories","31":"tag-trafico","32":"tag-ultimas","33":"tag-ultimas-noticias","34":"tag-ultimasnoticias"},"share_on_mastodon":{"url":"https:\/\/pubeurope.com\/@pt\/115571616885296122","error":""},"_links":{"self":[{"href":"https:\/\/www.europesays.com\/pt\/wp-json\/wp\/v2\/posts\/156629","targetHints":{"allow":["GET"]}}],"collection":[{"href":"https:\/\/www.europesays.com\/pt\/wp-json\/wp\/v2\/posts"}],"about":[{"href":"https:\/\/www.europesays.com\/pt\/wp-json\/wp\/v2\/types\/post"}],"author":[{"embeddable":true,"href":"https:\/\/www.europesays.com\/pt\/wp-json\/wp\/v2\/users\/2"}],"replies":[{"embeddable":true,"href":"https:\/\/www.europesays.com\/pt\/wp-json\/wp\/v2\/comments?post=156629"}],"version-history":[{"count":0,"href":"https:\/\/www.europesays.com\/pt\/wp-json\/wp\/v2\/posts\/156629\/revisions"}],"wp:featuredmedia":[{"embeddable":true,"href":"https:\/\/www.europesays.com\/pt\/wp-json\/wp\/v2\/media\/156630"}],"wp:attachment":[{"href":"https:\/\/www.europesays.com\/pt\/wp-json\/wp\/v2\/media?parent=156629"}],"wp:term":[{"taxonomy":"category","embeddable":true,"href":"https:\/\/www.europesays.com\/pt\/wp-json\/wp\/v2\/categories?post=156629"},{"taxonomy":"post_tag","embeddable":true,"href":"https:\/\/www.europesays.com\/pt\/wp-json\/wp\/v2\/tags?post=156629"}],"curies":[{"name":"wp","href":"https:\/\/api.w.org\/{rel}","templated":true}]}}