{"id":156634,"date":"2025-11-18T16:26:10","date_gmt":"2025-11-18T16:26:10","guid":{"rendered":"https:\/\/www.europesays.com\/pt\/156634\/"},"modified":"2025-11-18T16:26:10","modified_gmt":"2025-11-18T16:26:10","slug":"concorrente-ameaca-desistir-apos-confronto-explosivo-com-fabio","status":"publish","type":"post","link":"https:\/\/www.europesays.com\/pt\/156634\/","title":{"rendered":"concorrente amea\u00e7a desistir ap\u00f3s confronto explosivo com F\u00e1bio"},"content":{"rendered":"<p><strong><a href=\"https:\/\/infocul.pt\/dylan-em-ruptura-total-no-secret-story-9-concorrente-ameaca-desistir-apos-confronto-explosivo-com-fabio\/\" rel=\"nofollow noopener\" target=\"_blank\">Dylan <\/a>em ruptura total no Secret Story 9: concorrente amea\u00e7a desistir ap\u00f3s confronto explosivo com F\u00e1bio<\/strong>, referiu.<\/p>\n<p>Dylan atinge \u201climite\u201d e admite abandonar a casa<\/p>\n<p>A tens\u00e3o na casa do Secret Story 9 voltou a atingir n\u00edveis cr\u00edticos esta segunda-feira, 17 de novembro. Minutos depois de um confronto aceso com F\u00e1bio \u2014 que quase terminou em agress\u00e3o \u2014 Dylan desabafou com In\u00eas e Bruno e revelou estar pronto para abandonar o reality show.<\/p>\n<p>Logo no in\u00edcio da conversa, o concorrente mostrou-se decidido e emocionalmente esgotado. <strong>\u201cEu vou-me embora hoje, esquece. N\u00e3o vou ficar mais aqui, j\u00e1 cheguei ao meu limite. Eu j\u00e1 me conhe\u00e7o, atingi o meu limite. Vou fazer asneiras e vou-me embora. Para mim j\u00e1 est\u00e1, j\u00e1 me conhe\u00e7o. Isto n\u00e3o vale para mim\u201d<\/strong>, afirmou, visivelmente transtornado.<\/p>\n<p>Confronto com F\u00e1bio desencadeia crise no jogo<\/p>\n<p>O epis\u00f3dio explosivo entre os dois concorrentes voltou a expor a fr\u00e1gil rela\u00e7\u00e3o que mant\u00eam desde as primeiras semanas. Contudo, desta vez, Dylan admitiu que j\u00e1 n\u00e3o consegue controlar as emo\u00e7\u00f5es.<\/p>\n<p>Enquanto falava com os colegas, refor\u00e7ou o cen\u00e1rio de ruptura. <strong>\u201cEu j\u00e1 me conhe\u00e7o, ele vai sair [do confession\u00e1rio] e eu vou-lhe dar um estouro. Esquece, j\u00e1 acabou para mim. J\u00e1 me conhe\u00e7o, vai correr mal. J\u00e1 me est\u00e3o a tremer as pernas, quando come\u00e7am a tremer as pernas\u201d<\/strong>, confessou, evidenciando o estado de tens\u00e3o extrema.<\/p>\n<p>Veja este momento <a href=\"https:\/\/tvi.iol.pt\/secretstory\/videos\/tensao-maxima-dylan-e-fabio-entram-em-choque-tenho-as-pernas-a-tremer\/691c408d0cf255913376144d\" rel=\"nofollow noopener\" target=\"_blank\">AQUI<\/a>.<\/p>\n<p><a href=\"https:\/\/news.google.com\/publications\/CAAqBwgKMKfIoAswtNK4Aw\" target=\"_blank\" rel=\"noopener noreferrer nofollow\"><img loading=\"lazy\" data-lazyloaded=\"1\" width=\"481\" height=\"161\" decoding=\"async\" src=\"\/wp-content\/uploads\/2024\/02\/GN_siganos.png\" alt=\"Siga-nos no Google News\" style=\"margin-top:20px;\"\/><\/a><\/p>\n","protected":false},"excerpt":{"rendered":"Dylan em ruptura total no Secret Story 9: concorrente amea\u00e7a desistir ap\u00f3s confronto explosivo com F\u00e1bio, referiu. Dylan&hellip;\n","protected":false},"author":2,"featured_media":80965,"comment_status":"","ping_status":"","sticky":false,"template":"","format":"standard","meta":{"footnotes":""},"categories":[142],"tags":[2632,21040,114,115,32,33,151],"class_list":{"0":"post-156634","1":"post","2":"type-post","3":"status-publish","4":"format-standard","5":"has-post-thumbnail","7":"category-tv","8":"tag-casa-dos-segredos","9":"tag-dylan-fonte","10":"tag-entertainment","11":"tag-entretenimento","12":"tag-portugal","13":"tag-pt","14":"tag-tv"},"share_on_mastodon":{"url":"https:\/\/pubeurope.com\/@pt\/115571640666075571","error":""},"_links":{"self":[{"href":"https:\/\/www.europesays.com\/pt\/wp-json\/wp\/v2\/posts\/156634","targetHints":{"allow":["GET"]}}],"collection":[{"href":"https:\/\/www.europesays.com\/pt\/wp-json\/wp\/v2\/posts"}],"about":[{"href":"https:\/\/www.europesays.com\/pt\/wp-json\/wp\/v2\/types\/post"}],"author":[{"embeddable":true,"href":"https:\/\/www.europesays.com\/pt\/wp-json\/wp\/v2\/users\/2"}],"replies":[{"embeddable":true,"href":"https:\/\/www.europesays.com\/pt\/wp-json\/wp\/v2\/comments?post=156634"}],"version-history":[{"count":0,"href":"https:\/\/www.europesays.com\/pt\/wp-json\/wp\/v2\/posts\/156634\/revisions"}],"wp:featuredmedia":[{"embeddable":true,"href":"https:\/\/www.europesays.com\/pt\/wp-json\/wp\/v2\/media\/80965"}],"wp:attachment":[{"href":"https:\/\/www.europesays.com\/pt\/wp-json\/wp\/v2\/media?parent=156634"}],"wp:term":[{"taxonomy":"category","embeddable":true,"href":"https:\/\/www.europesays.com\/pt\/wp-json\/wp\/v2\/categories?post=156634"},{"taxonomy":"post_tag","embeddable":true,"href":"https:\/\/www.europesays.com\/pt\/wp-json\/wp\/v2\/tags?post=156634"}],"curies":[{"name":"wp","href":"https:\/\/api.w.org\/{rel}","templated":true}]}}