{"id":156639,"date":"2025-11-18T16:42:09","date_gmt":"2025-11-18T16:42:09","guid":{"rendered":"https:\/\/www.europesays.com\/pt\/156639\/"},"modified":"2025-11-18T16:42:09","modified_gmt":"2025-11-18T16:42:09","slug":"filho-de-miguel-vicente-conhece-pessoa-especial-mas-nem-tudo-corre-bem-ficou-com-medo","status":"publish","type":"post","link":"https:\/\/www.europesays.com\/pt\/156639\/","title":{"rendered":"Filho de Miguel Vicente conhece pessoa especial&#8230; mas nem tudo corre bem: &#8220;Ficou com medo&#8221;"},"content":{"rendered":"<p>Este Natal promete ser \u00fanico para <a href=\"https:\/\/selfie.iol.pt\/famosos\/big-brother\/miguel-vicente-alvo-de-insultos-em-publico-estou-em-choque\/20251107\/690dd6e0d34e3caad84b03a0\" target=\"_blank\" rel=\"nofollow noopener\">Miguel Vicente<\/a>, visto que \u00e9 a primeira quadra natal\u00edcia do filho, o pequeno Duarte, que nasceu no passado m\u00eas de janeiro.<\/p>\n<p>No Instagram, o vencedor do &#8220;<a href=\"https:\/\/tvi.iol.pt\/bigbrother\/\" target=\"_blank\" rel=\"nofollow noopener\">Big Brother<\/a> 2022&#8243; partilhou uma fotografia \u00fanica e que tem tudo a ver com o Natal.<\/p>\n<p>&#8220;Fomos conhecer o Pai Natal, mas o Duarte ficou com medo. A foto no colo fica para o ano\u2026&#8221;, assinalou Miguel Vicente na legenda do registo.<\/p>\n<p>Na caixa de coment\u00e1rios da publica\u00e7\u00e3o, os seguidores mostraram-se rendidos. &#8220;A fam\u00edlia mais linda&#8221;; &#8220;Natal com um brilho especial!&#8221; e &#8220;Que bonitos&#8221;, pode ler-se.<\/p>\n<p>Veja, agora, a imagem partilhada por Miguel Vicente na galeria de fotografias que prepar\u00e1mos para si.<\/p>\n","protected":false},"excerpt":{"rendered":"Este Natal promete ser \u00fanico para Miguel Vicente, visto que \u00e9 a primeira quadra natal\u00edcia do filho, o&hellip;\n","protected":false},"author":2,"featured_media":156640,"comment_status":"","ping_status":"","sticky":false,"template":"","format":"standard","meta":{"footnotes":""},"categories":[145],"tags":[48,211,210,114,115,981,980,1870,1015,9102,619,7561,32,33,1014,1012,162],"class_list":{"0":"post-156639","1":"post","2":"type-post","3":"status-publish","4":"format-standard","5":"has-post-thumbnail","7":"category-celebridades","8":"tag-big-brother","9":"tag-celebridades","10":"tag-celebrities","11":"tag-entertainment","12":"tag-entretenimento","13":"tag-familia","14":"tag-famosos","15":"tag-filhos","16":"tag-instagram","17":"tag-miguel-vicente","18":"tag-nacional","19":"tag-natal","20":"tag-portugal","21":"tag-pt","22":"tag-reality-show","23":"tag-selfie","24":"tag-tvi"},"share_on_mastodon":{"url":"https:\/\/pubeurope.com\/@pt\/115571703363547559","error":""},"_links":{"self":[{"href":"https:\/\/www.europesays.com\/pt\/wp-json\/wp\/v2\/posts\/156639","targetHints":{"allow":["GET"]}}],"collection":[{"href":"https:\/\/www.europesays.com\/pt\/wp-json\/wp\/v2\/posts"}],"about":[{"href":"https:\/\/www.europesays.com\/pt\/wp-json\/wp\/v2\/types\/post"}],"author":[{"embeddable":true,"href":"https:\/\/www.europesays.com\/pt\/wp-json\/wp\/v2\/users\/2"}],"replies":[{"embeddable":true,"href":"https:\/\/www.europesays.com\/pt\/wp-json\/wp\/v2\/comments?post=156639"}],"version-history":[{"count":0,"href":"https:\/\/www.europesays.com\/pt\/wp-json\/wp\/v2\/posts\/156639\/revisions"}],"wp:featuredmedia":[{"embeddable":true,"href":"https:\/\/www.europesays.com\/pt\/wp-json\/wp\/v2\/media\/156640"}],"wp:attachment":[{"href":"https:\/\/www.europesays.com\/pt\/wp-json\/wp\/v2\/media?parent=156639"}],"wp:term":[{"taxonomy":"category","embeddable":true,"href":"https:\/\/www.europesays.com\/pt\/wp-json\/wp\/v2\/categories?post=156639"},{"taxonomy":"post_tag","embeddable":true,"href":"https:\/\/www.europesays.com\/pt\/wp-json\/wp\/v2\/tags?post=156639"}],"curies":[{"name":"wp","href":"https:\/\/api.w.org\/{rel}","templated":true}]}}