{"id":156654,"date":"2025-11-18T17:01:11","date_gmt":"2025-11-18T17:01:11","guid":{"rendered":"https:\/\/www.europesays.com\/pt\/156654\/"},"modified":"2025-11-18T17:01:11","modified_gmt":"2025-11-18T17:01:11","slug":"five-nights-at-freddys-2-a-marionete-e-foco-de-novo-video-da-sequencia-omelete","status":"publish","type":"post","link":"https:\/\/www.europesays.com\/pt\/156654\/","title":{"rendered":"Five Nights at Freddy&#039;s 2 | A Marionete \u00e9 foco de novo v\u00eddeo da sequ\u00eancia &#8211; Omelete"},"content":{"rendered":"<ol>\n<li><a href=\"https:\/\/news.google.com\/rss\/articles\/CBMikgFBVV95cUxNRmtlQ2JBQXo5c3MzQlhfa2dMSHc3NWNwbG4yRlZJemRhdHpiS1V6ZXVfcXh6X2lTSlMtMVVaXzNSRng2ZjlQbGFJbFpWSmFsTl9ROWRFVDIxNHp1eTF3cjBNV2R1Y2RHeW9jSHZ0SHFEN29NTndPOXR2V0RodHRnS1ZKTllVX1NnX0dIaXhHSG5OQdIBlwFBVV95cUxNZzJiOE1YNy1XQnZ3MHdpYXZTSHlFTXNzN1YwcWVLczdYUllnclU4S1dMbzZNYW5NRVhwRENkVzF2UGtsRG9ySG1BZzFRbXZWUkJCVnY5SGlMZFlRVFd4RVJWUHlyVG9LdnhkMzNYNG43Tl9RNjdiazQzdjBFNUFTNzk0b0tRekJzQ1dTTzkySXJKZEtGcWhB?oc=5\" target=\"_blank\" rel=\"nofollow noopener\">Five Nights at Freddy&#8217;s 2 | A Marionete \u00e9 foco de novo v\u00eddeo da sequ\u00eancia<\/a>&nbsp;&nbsp;Omelete<\/li>\n<li><a href=\"https:\/\/news.google.com\/rss\/articles\/CBMilwFBVV95cUxOZC1jZF8zZktRS21XZHhfOHFuX1lSTmdfY2tvU01fQnBzTzBrb09JVUZoWFg1dVAtazBuS1VpYnNNNVpZb3FzWURiay1jVFFBdm40aVNPWmNzNTVFb01FOFpmbGFwcHpuLTFZZWlfX1V6cUlhYm1kbV9GZUprODlEaHpmbjRRMV9Ga2JvV1BHclhhc0UwRmtR?oc=5\" target=\"_blank\" rel=\"nofollow noopener\">Pr\u00e9-venda de \u2018Five Nights at Freddy\u2019s 2\u2019 j\u00e1 est\u00e1 aberta no Brasil; saiba como comprar ingressos<\/a>&nbsp;&nbsp;Ingresso.com<\/li>\n<li><a href=\"https:\/\/news.google.com\/rss\/articles\/CBMi3AFBVV95cUxPcUlYa2lDZmJhQ0pySm1wS1pPeE9OeUhaUDhNV01PYmFoQm1ubmFjV0dhcFdsWVpqck1PcDQ3d3BsLXVTSFZKcmVIMFVyaEl4RTYyQWJ2SXNTclhVSzlsaEV2YlFMUXotcHNBNnJqNElTdUZFRkZtZU1WTEVtR1JWXzNfelNnUVJuNktocmRGX3FiZnZUeWtJNFVfWklwbXp4ZGNXWURTaEF6Ynpna0N3YzhZT2pNVGZRcHdlbzkwbnJKS1h6Q1J2eUFYVm5Sa3NvakJrMklJWlpVcW5M?oc=5\" target=\"_blank\" rel=\"nofollow noopener\">Five Nights at Freddy\u2019s 2: Pr\u00e9-venda de ingressos come\u00e7a hoje! Veja o que esperar da sequ\u00eancia<\/a>&nbsp;&nbsp;Recreio<\/li>\n<li><a href=\"https:\/\/news.google.com\/rss\/articles\/CBMicEFVX3lxTE55ZFZsMllkTGgxTzFjc1hsaVNGMVo1WjRYY2FLdnJGeUx4VUlwRmp2elpZQVQ5VHhFSkxZbWNVbDNMNmh1TEQwNE9GVjRuU3RRLVdtLXBsZFBaY24ydjNqa2xwZGE5RFhzX1NPQ014R1HSAXZBVV95cUxPN2kyTTlzV0FvNTY2SWxBT0g0SG5WWHBTYnpoNVB6WHkxTjlDeDRiTERyandDcmZUb1dvclJxY2VjRmYyNkJFUG1iUjc5QTUwekhaRnQ0bHJTM3ZudTExQjU3TUFZTnl3WjM5TGphSHdSZkdUaG1R?oc=5\" target=\"_blank\" rel=\"nofollow noopener\">Em menos de um m\u00eas, a sequ\u00eancia deste terror baseado em games ter\u00e1 direito \u00e0 reuni\u00e3o de P\u00e2nico e participa\u00e7\u00e3o de Megan Fox<\/a>&nbsp;&nbsp;AdoroCinema<\/li>\n<li><a href=\"https:\/\/news.google.com\/rss\/articles\/CBMirAJBVV95cUxQQ3AwMUg1ejRSaVB2RHZybnk4eHhDSE9HRE0xY3U5WmRSal9vMW5GX3JFYlpCWVBrT1Boei1lSzBvTUVZeWxjQ2IwT1FPSW91ZzY1NU1YR0k0b3U4SGxjektBZnZTbGFKTFpKdGdzeDhsXzUwTXdPWDZJblNuSU1iRFc0cWdHSFdsQUpidGtIcEVGcUV3THdFSl9LVXd1SjdiNlN3MHdnNTN4V0ZlNzFVMVcwUGRsZVNwOTk3ZzY1d253RUc4OEVtSTlIQ3k1QV9QOTFKX2VzY28tSEFBalFQNzRYM3FzU0t6c1A5Y1JqbC1kNTZPN2lELWx2VjVtVmsxNlgza1N6cFo5b3pFVHV6c2ItZy1DM01nOGVxWDNpRzJlVGVLWVZQM2prT2Y?oc=5\" target=\"_blank\" rel=\"nofollow noopener\">Explica\u00e7\u00e3o das refei\u00e7\u00f5es de cinco noites no Freddy\u2019s: hor\u00e1rio de funcionamento exato, card\u00e1pio completo de comida do Popeye, cole\u00e7\u00f5es, ofertas e perguntas frequentes<\/a>&nbsp;&nbsp;kalangoatomico.com.br<\/li>\n<\/ol>\n","protected":false},"excerpt":{"rendered":"Five Nights at Freddy&#8217;s 2 | A Marionete \u00e9 foco de novo v\u00eddeo da sequ\u00eancia&nbsp;&nbsp;Omelete Pr\u00e9-venda de \u2018Five&hellip;\n","protected":false},"author":2,"featured_media":144952,"comment_status":"","ping_status":"","sticky":false,"template":"","format":"standard","meta":{"footnotes":""},"categories":[140],"tags":[114,115,147,148,146,32,33],"class_list":{"0":"post-156654","1":"post","2":"type-post","3":"status-publish","4":"format-standard","5":"has-post-thumbnail","7":"category-filmes","8":"tag-entertainment","9":"tag-entretenimento","10":"tag-film","11":"tag-filmes","12":"tag-movies","13":"tag-portugal","14":"tag-pt"},"share_on_mastodon":{"url":"https:\/\/pubeurope.com\/@pt\/115571778486708534","error":""},"_links":{"self":[{"href":"https:\/\/www.europesays.com\/pt\/wp-json\/wp\/v2\/posts\/156654","targetHints":{"allow":["GET"]}}],"collection":[{"href":"https:\/\/www.europesays.com\/pt\/wp-json\/wp\/v2\/posts"}],"about":[{"href":"https:\/\/www.europesays.com\/pt\/wp-json\/wp\/v2\/types\/post"}],"author":[{"embeddable":true,"href":"https:\/\/www.europesays.com\/pt\/wp-json\/wp\/v2\/users\/2"}],"replies":[{"embeddable":true,"href":"https:\/\/www.europesays.com\/pt\/wp-json\/wp\/v2\/comments?post=156654"}],"version-history":[{"count":0,"href":"https:\/\/www.europesays.com\/pt\/wp-json\/wp\/v2\/posts\/156654\/revisions"}],"wp:featuredmedia":[{"embeddable":true,"href":"https:\/\/www.europesays.com\/pt\/wp-json\/wp\/v2\/media\/144952"}],"wp:attachment":[{"href":"https:\/\/www.europesays.com\/pt\/wp-json\/wp\/v2\/media?parent=156654"}],"wp:term":[{"taxonomy":"category","embeddable":true,"href":"https:\/\/www.europesays.com\/pt\/wp-json\/wp\/v2\/categories?post=156654"},{"taxonomy":"post_tag","embeddable":true,"href":"https:\/\/www.europesays.com\/pt\/wp-json\/wp\/v2\/tags?post=156654"}],"curies":[{"name":"wp","href":"https:\/\/api.w.org\/{rel}","templated":true}]}}