{"id":156659,"date":"2025-11-18T17:08:12","date_gmt":"2025-11-18T17:08:12","guid":{"rendered":"https:\/\/www.europesays.com\/pt\/156659\/"},"modified":"2025-11-18T17:08:12","modified_gmt":"2025-11-18T17:08:12","slug":"alunos-fecham-liceu-camoes-em-protesto-pelo-fim-ao-fossil-observador","status":"publish","type":"post","link":"https:\/\/www.europesays.com\/pt\/156659\/","title":{"rendered":"Alunos fecham Liceu Cam\u00f5es em protesto pelo fim ao f\u00f3ssil \u2013 Observador"},"content":{"rendered":"<p>Um grupo de estudantes fecharam durante a madrugada desta ter\u00e7a-feira o Liceu Cam\u00f5es, em Lisboa, num protesto em que exigiam o fim do uso de combust\u00edveis f\u00f3sseis em Portugal at\u00e9 2030. As entradas da escola foram trancadas, com os alunos presos aos port\u00f5es.<\/p>\n<p>\u201cSabemos que para ter um futuro n\u00e3o basta virmos \u00e0s aulas todos os dias. Sem o fim ao f\u00f3ssil 2030 n\u00e3o vamos ter um futuro. Isto n\u00e3o \u00e9 uma opini\u00e3o, n\u00e3o \u00e9 negoci\u00e1vel, \u00e9 ci\u00eancia\u201d, afirmam os estudantes em comunicado.<\/p>\n<p>\u201cEscrevemos e entreg\u00e1mos ao governo uma carta com esta reivindica\u00e7\u00e3o, no entanto, a resposta que tivemos do governo foi: \u2018Bem podem esperar sentados\u2019. Mas j\u00e1 passou o tempo em que pod\u00edamos esperar sentados. Porque sabemos que estamos \u00e0 beira do colapso e que o que est\u00e1 em jogo \u00e9 a nossa vida\u201d, acrescentam.<\/p>\n<p>Exigindo tamb\u00e9m o Fim dos Combust\u00edveis f\u00f3sseis at\u00e9 2030, e em solidariedade com os estudantes, o comunicado pela Greve Clim\u00e1tica Estudantil e Clim\u00e1ximo d\u00e1 ainda conta de que t\u00eam o apoio de profissionais de sa\u00fade que reconhecem que \u201ca crise clim\u00e1tica \u00e9 uma crise de sa\u00fade p\u00fablica\u201d.<\/p>\n","protected":false},"excerpt":{"rendered":"Um grupo de estudantes fecharam durante a madrugada desta ter\u00e7a-feira o Liceu Cam\u00f5es, em Lisboa, num protesto em&hellip;\n","protected":false},"author":2,"featured_media":156660,"comment_status":"","ping_status":"","sticky":false,"template":"","format":"standard","meta":{"footnotes":""},"categories":[10],"tags":[27,28,15,16,14,25,26,21,22,12,13,19,20,32,23,24,4256,33,58,17,18,29,30,31],"class_list":{"0":"post-156659","1":"post","2":"type-post","3":"status-publish","4":"format-standard","5":"has-post-thumbnail","7":"category-portugal","8":"tag-breaking-news","9":"tag-breakingnews","10":"tag-featured-news","11":"tag-featurednews","12":"tag-headlines","13":"tag-latest-news","14":"tag-latestnews","15":"tag-main-news","16":"tag-mainnews","17":"tag-news","18":"tag-noticias","19":"tag-noticias-principais","20":"tag-noticiasprincipais","21":"tag-portugal","22":"tag-principais-noticias","23":"tag-principaisnoticias","24":"tag-protestos","25":"tag-pt","26":"tag-sociedade","27":"tag-top-stories","28":"tag-topstories","29":"tag-ultimas","30":"tag-ultimas-noticias","31":"tag-ultimasnoticias"},"share_on_mastodon":{"url":"https:\/\/pubeurope.com\/@pt\/115571805792926888","error":""},"_links":{"self":[{"href":"https:\/\/www.europesays.com\/pt\/wp-json\/wp\/v2\/posts\/156659","targetHints":{"allow":["GET"]}}],"collection":[{"href":"https:\/\/www.europesays.com\/pt\/wp-json\/wp\/v2\/posts"}],"about":[{"href":"https:\/\/www.europesays.com\/pt\/wp-json\/wp\/v2\/types\/post"}],"author":[{"embeddable":true,"href":"https:\/\/www.europesays.com\/pt\/wp-json\/wp\/v2\/users\/2"}],"replies":[{"embeddable":true,"href":"https:\/\/www.europesays.com\/pt\/wp-json\/wp\/v2\/comments?post=156659"}],"version-history":[{"count":0,"href":"https:\/\/www.europesays.com\/pt\/wp-json\/wp\/v2\/posts\/156659\/revisions"}],"wp:featuredmedia":[{"embeddable":true,"href":"https:\/\/www.europesays.com\/pt\/wp-json\/wp\/v2\/media\/156660"}],"wp:attachment":[{"href":"https:\/\/www.europesays.com\/pt\/wp-json\/wp\/v2\/media?parent=156659"}],"wp:term":[{"taxonomy":"category","embeddable":true,"href":"https:\/\/www.europesays.com\/pt\/wp-json\/wp\/v2\/categories?post=156659"},{"taxonomy":"post_tag","embeddable":true,"href":"https:\/\/www.europesays.com\/pt\/wp-json\/wp\/v2\/tags?post=156659"}],"curies":[{"name":"wp","href":"https:\/\/api.w.org\/{rel}","templated":true}]}}