{"id":156665,"date":"2025-11-18T17:13:11","date_gmt":"2025-11-18T17:13:11","guid":{"rendered":"https:\/\/www.europesays.com\/pt\/156665\/"},"modified":"2025-11-18T17:13:11","modified_gmt":"2025-11-18T17:13:11","slug":"ana-duarte-voltou-para-o-grande-amor-da-sua-vida-a-foto-que-confirma-a-reconciliacao-secret-story","status":"publish","type":"post","link":"https:\/\/www.europesays.com\/pt\/156665\/","title":{"rendered":"Ana Duarte voltou para \u00abo grande amor da sua vida\u00bb? A foto que \u2018confirma\u2019 a reconcilia\u00e7\u00e3o &#8211; Secret Story"},"content":{"rendered":"<p style=\"margin-bottom:11px\">Ana Duarte parece ter voltado para o namorado Diogo Barosa, aquele que define como \u00abo grande amor da sua vida\u00bb e com quem tinha terminado neste ano de 2025, ap\u00f3s 10 anos de uma rela\u00e7\u00e3o muito feliz.\u00a0<\/p>\n<p style=\"margin-bottom:11px\">A ex-concorrente do &#8216;Big Brother Ver\u00e3o&#8217; partilhou\u00a0 &#8211; nos stories do Instagram &#8211; uma fotografia em que est\u00e1 a dar a m\u00e3o a um homem, no carro e menciona precisamente o nome de Diogo Barosa, confirmando que est\u00e3o juntos novamente.\u00a0<\/p>\n<p style=\"margin-bottom:11px\">\u00a0<\/p>\n<p style=\"margin-bottom:11px\">Numa outra partilha na mesma rede social, Ana Duarte republicou o storie de Diogo Barosa, mostrando o jantar feito por ele, o que mais uma vez indica que os dois ter\u00e3o reatado a rela\u00e7\u00e3o que os unia.\u00a0<\/p>\n<p style=\"margin-bottom:11px\">Veja as imagens na galeria de fotografias que prepar\u00e1mos para si.\u00a0<\/p>\n<p style=\"margin-bottom:11px\"><strong>\u00abO grande amor da vida\u00bb de Ana Duarte<\/strong><\/p>\n<p style=\"margin-bottom:11px\">Na Curva da Vida que partilhou no Big Brother Ver\u00e3o, Ana Duarte j\u00e1 tinha falado em Diogo Barosa (sem nunca referir o seu nome) e teceu largos elogios ao homem que lhe trouxe de volta o amor, ap\u00f3s uma rela\u00e7\u00e3o conturbada com o pai da filha.\u00a0<\/p>\n<p style=\"margin-bottom:11px\">\u00abEm 2015 conhe\u00e7o o grande amor da minha vida e eu aqui comecei-me a sentir amada, leve. N\u00e3o foi um namoro f\u00e1cil, porque eu vinha destru\u00edda como mulher. Desconfiava de tudo, vinha com esta depress\u00e3o horr\u00edvel\u00bb, disse na altura.\u00a0<\/p>\n<p style=\"margin-bottom:11px\">Ana Duarte continuou: \u00abDecidimos ir viver juntos, ent\u00e3o eu pego na minha filha e rumo ao Porto para viver com o grande amor da minha vida. Foi ele que assistiu \u00e0 minha filha tirar a chupeta, foi ele que assistiu ao primeiro dia de escola da minha filha\u00bb.\u00a0<\/p>\n<p>\u00abPassados 10 anos de eu estar com o amor da minha vida termin\u00e1mos. Para mim vai ser sempre o amor da minha vida e falo dele com leveza, porque esta pessoa nunca me faz mal, pelo contr\u00e1rio\u00bb, rematou a ex-concorrente no ver\u00e3o deste ano.\u00a0<\/p>\n","protected":false},"excerpt":{"rendered":"Ana Duarte parece ter voltado para o namorado Diogo Barosa, aquele que define como \u00abo grande amor da&hellip;\n","protected":false},"author":2,"featured_media":156666,"comment_status":"","ping_status":"","sticky":false,"template":"","format":"standard","meta":{"footnotes":""},"categories":[142],"tags":[340,18706,33635,114,115,18705,32,33,151,18704],"class_list":{"0":"post-156665","1":"post","2":"type-post","3":"status-publish","4":"format-standard","5":"has-post-thumbnail","7":"category-tv","8":"tag-ana-duarte","9":"tag-bastidores-secret-story","10":"tag-diogo-barosa","11":"tag-entertainment","12":"tag-entretenimento","13":"tag-entrevistas-concorrentes-tvi","14":"tag-portugal","15":"tag-pt","16":"tag-tv","17":"tag-vida-fora-da-casa"},"share_on_mastodon":{"url":"https:\/\/pubeurope.com\/@pt\/115571825861797828","error":""},"_links":{"self":[{"href":"https:\/\/www.europesays.com\/pt\/wp-json\/wp\/v2\/posts\/156665","targetHints":{"allow":["GET"]}}],"collection":[{"href":"https:\/\/www.europesays.com\/pt\/wp-json\/wp\/v2\/posts"}],"about":[{"href":"https:\/\/www.europesays.com\/pt\/wp-json\/wp\/v2\/types\/post"}],"author":[{"embeddable":true,"href":"https:\/\/www.europesays.com\/pt\/wp-json\/wp\/v2\/users\/2"}],"replies":[{"embeddable":true,"href":"https:\/\/www.europesays.com\/pt\/wp-json\/wp\/v2\/comments?post=156665"}],"version-history":[{"count":0,"href":"https:\/\/www.europesays.com\/pt\/wp-json\/wp\/v2\/posts\/156665\/revisions"}],"wp:featuredmedia":[{"embeddable":true,"href":"https:\/\/www.europesays.com\/pt\/wp-json\/wp\/v2\/media\/156666"}],"wp:attachment":[{"href":"https:\/\/www.europesays.com\/pt\/wp-json\/wp\/v2\/media?parent=156665"}],"wp:term":[{"taxonomy":"category","embeddable":true,"href":"https:\/\/www.europesays.com\/pt\/wp-json\/wp\/v2\/categories?post=156665"},{"taxonomy":"post_tag","embeddable":true,"href":"https:\/\/www.europesays.com\/pt\/wp-json\/wp\/v2\/tags?post=156665"}],"curies":[{"name":"wp","href":"https:\/\/api.w.org\/{rel}","templated":true}]}}