{"id":156667,"date":"2025-11-18T17:14:13","date_gmt":"2025-11-18T17:14:13","guid":{"rendered":"https:\/\/www.europesays.com\/pt\/156667\/"},"modified":"2025-11-18T17:14:13","modified_gmt":"2025-11-18T17:14:13","slug":"antena-1-inicia-operacao-em-curitiba-e-lumen-fm-fixa-em-novo-canal","status":"publish","type":"post","link":"https:\/\/www.europesays.com\/pt\/156667\/","title":{"rendered":"Antena 1 inicia opera\u00e7\u00e3o em Curitiba e Lumen FM fixa em novo canal"},"content":{"rendered":"<p>A <strong>Rede Antena 1<\/strong> reestreiou em\u00a0<strong>Curitiba nesta segunda-feira (17)<\/strong>\u00a0por volta das 22h00 atrav\u00e9s da implanta\u00e7\u00e3o da\u00a0afiliada <a href=\"https:\/\/tudoradio.com\/noticias\/ver\/34001-antena-1-estreia-em-bento-goncalves-e-confirma-chegada-a-curitiba-para-o-dia-15\" rel=\"nofollow noopener\" target=\"_blank\"><strong>Antena 1 FM 90.7<\/strong><\/a>, conforme antecipado pelo <strong>tudoradio.com<\/strong> e acompanhado em tempo real pelo <a href=\"https:\/\/tudoradio.com\/mapa\" rel=\"nofollow noopener\" target=\"_blank\"><strong>Mapa da Atualiza\u00e7\u00e3o<\/strong><\/a>. Anteriormente agendada para o dia 15 (s\u00e1bado), a novidade tamb\u00e9m provoca outra mudan\u00e7a no dial curitibano: a <strong>Lumen FM<\/strong>, projeto adulto\/alternativo da <strong>Rede Evangelizar<\/strong> que estava, de forma provis\u00f3ria, em 90.7 FM, <strong>fixa sua opera\u00e7\u00e3o em 96.7 FM e entra em nova fase para sua atividade<\/strong>. Acompanhe os detalhes:<\/p>\n<p>Controlada pelo <strong>Grupo Alpes<\/strong>, a <strong>Antena 1 de Curitiba<\/strong> seguir\u00e1 a linha art\u00edstica com opera\u00e7\u00e3o via sat\u00e9lite da <strong>Rede Antena 1<\/strong>, de formato adulto-contempor\u00e2neo. A emissora j\u00e1 conta com perfis em canais digitais e v\u00e1rias campanhas de divulga\u00e7\u00e3o foram disparadas nas redes da marca. Com a opera\u00e7\u00e3o em 90.7 FM, cujo sistema irradiante parte da pr\u00f3pria capital paranaense, a <strong>Antena 1<\/strong> ter\u00e1 sua primeira atua\u00e7\u00e3o comercial efetiva voltada a Curitiba, considerando a trajet\u00f3ria da marca como rede nacional.<\/p>\n<p style=\"text-align:center\"><img decoding=\"async\" alt=\"\" src=\"https:\/\/www.europesays.com\/pt\/wp-content\/uploads\/2025\/11\/6917b6a5a62e0.png\" style=\"height:409px; width:450px\" \/><\/p>\n<p>Com <strong>Curitiba<\/strong>, a <strong>Antena 1<\/strong> amplia a presen\u00e7a em grandes mercados do pa\u00eds, al\u00e9m de completar a atua\u00e7\u00e3o em capitais estaduais da Regi\u00e3o Sul, j\u00e1 que a marca conta com uma opera\u00e7\u00e3o pr\u00f3pria em <strong>Porto Alegre (Antena 1 FM 89.3)<\/strong> e uma afiliada em <strong>Florian\u00f3polis (Antena 1 FM 92.1)<\/strong>. Essa mesma din\u00e2mica de cobertura em capitais tamb\u00e9m ocorre no Sudeste do pa\u00eds, com a rede presente em <strong>S\u00e3o Paulo (Antena 1 FM 94.7)<\/strong>, <strong>Rio de Janeiro (Antena 1 FM 103.7)<\/strong>, <strong>Belo Horizonte (Antena 1 FM 105.1)<\/strong> e <strong>Vit\u00f3ria (Antena 1 FM 106.9)<\/strong>.<\/p>\n<p>E a estreia de hoje marca tamb\u00e9m mais uma etapa no ritmo de expans\u00e3o acelerado da marca em 2025. Antes de <strong>Curitiba<\/strong>, a <strong>Antena 1<\/strong> inaugurou emissoras no <a href=\"https:\/\/tudoradio.com\/noticias\/ver\/33737-antena-1-do-rio-de-janeiro-e-integrada-oficialmente-a-rede-antena-1\" rel=\"nofollow noopener\" target=\"_blank\"><strong>Rio de Janeiro<\/strong> <\/a>(unifica\u00e7\u00e3o da programa\u00e7\u00e3o com a 103.7 FM), <a href=\"https:\/\/tudoradio.com\/noticias\/ver\/33385-com-goiania-e-fortaleza-antena-1-consolida-nova-etapa-de-expansao-em-sua-rede-nacional\" rel=\"nofollow noopener\" target=\"_blank\"><strong>Fortaleza (Antena 1 FM 97.7)<\/strong><\/a>, <a href=\"https:\/\/tudoradio.com\/noticias\/ver\/33385-com-goiania-e-fortaleza-antena-1-consolida-nova-etapa-de-expansao-em-sua-rede-nacional\" rel=\"nofollow noopener\" target=\"_blank\"><strong>Goi\u00e2nia (Antena 1 FM 103.7)<\/strong>,<\/a> <a href=\"https:\/\/tudoradio.com\/noticias\/ver\/33903-antena-1-confirma-estreia-em-juiz-de-fora-mg-para-o-dia-1-de-novembro\" rel=\"nofollow noopener\" target=\"_blank\"><strong>Juiz de Fora (Antena 1 FM 91.3)<\/strong>,<\/a> <a href=\"https:\/\/tudoradio.com\/noticias\/ver\/34001-antena-1-estreia-em-bento-goncalves-e-confirma-chegada-a-curitiba-para-o-dia-15\" rel=\"nofollow noopener\" target=\"_blank\"><strong>Serra Ga\u00facha (Antena 1 FM 98.1 de Bento Gon\u00e7alves)<\/strong><\/a> e <strong><a href=\"https:\/\/tudoradio.com\/noticias\/ver\/32743-antena-1-estreia-afiliada-em-sao-mateus-no-interior-do-espirito-santo\" rel=\"nofollow noopener\" target=\"_blank\">S\u00e3o Mateus (Antena 1 FM 96.7<\/a>, no interior capixaba)<\/strong>.<\/p>\n<p><strong>Lumen FM em nova frequ\u00eancia e fase<\/strong><\/p>\n<p style=\"text-align:center\"><img decoding=\"async\" alt=\"\" src=\"https:\/\/www.europesays.com\/pt\/wp-content\/uploads\/2025\/11\/6917b6a5a65ac.png\" style=\"height:450px; width:450px\" \/><\/p>\n<p><a href=\"https:\/\/tudoradio.com\/noticias\/ver\/33206-clube-fm-reforca-novo-posicionamento-em-curitiba-nome-lumen-fm-retorna-ao-dial-a-partir-de-junho\" rel=\"nofollow noopener\" target=\"_blank\"><strong>No ar de forma experimental em 90.7 FM desde junho passado<\/strong><\/a>, <a href=\"https:\/\/tudoradio.com\/noticias\/ver\/33946-lumen-fm-sera-fixada-de-forma-definitiva-em-967-fm-antena-1-ocupa-a-907-fm-de-curitiba\" rel=\"nofollow noopener\" target=\"_blank\"><strong>a Lumen FM reestreia de vez na capital paranaense em 96.7 FM<\/strong><\/a>. No in\u00edcio do m\u00eas, a emissora substituiu a <strong>R\u00e1dio Evangelizar Easy<\/strong> e ficou operando em formato de transi\u00e7\u00e3o nas duas sintonias, agora se estabelecendo de forma fixa no novo canal. A partir de agora, a emissora ganha uma nova identidade visual, ter\u00e1 uma nova grade implementada e tamb\u00e9m passa a ter presen\u00e7a em canais digitais, inclusive via streaming.<\/p>\n<p>A <strong>Lumen FM<\/strong> \u00e9 uma marca conhecida do mercado curitibano, com passagem entre 2005 e 2017 na sintonia <strong>99.5 FM<\/strong>, quando foi substitu\u00edda pela <strong>R\u00e1dio Evangelizar<\/strong> ap\u00f3s a aquisi\u00e7\u00e3o do canal pela <strong>Rede Evangelizar<\/strong>. O nome foi mantido no ar como canal digital via \u201c<strong>Lumen Cl\u00e1ssica<\/strong>\u201d e agora retorna ao dial por meio de uma proposta art\u00edstica similar \u00e0 da primeira passagem no dial, sendo uma das etapas de reposicionamento das r\u00e1dios da <strong>Rede Evangelizar<\/strong>, que tamb\u00e9m marcou <a href=\"https:\/\/tudoradio.com\/noticias\/ver\/33206-clube-fm-reforca-novo-posicionamento-em-curitiba-nome-lumen-fm-retorna-ao-dial-a-partir-de-junho\" rel=\"nofollow noopener\" target=\"_blank\"><strong>a atual fase da Clube FM 101.5, no formato popular\/sertanejo-cat\u00f3lico<\/strong><\/a>.<\/p>\n<p>&#13;<br \/>\n\t\t\t\tTags:&#13;<br \/>\n\t\t\t\tAntena 1 opera em 90.7 FM e a Lumen FM fixa em 96.7 FM. Mudan\u00e7as eram previstas para o s\u00e1bado (15), mas foram reprogramadas para segunda (17)&#13;\n\t\t\t<\/p>\n","protected":false},"excerpt":{"rendered":"A Rede Antena 1 reestreiou em\u00a0Curitiba nesta segunda-feira (17)\u00a0por volta das 22h00 atrav\u00e9s da implanta\u00e7\u00e3o da\u00a0afiliada Antena 1&hellip;\n","protected":false},"author":2,"featured_media":156668,"comment_status":"","ping_status":"","sticky":false,"template":"","format":"standard","meta":{"footnotes":""},"categories":[141],"tags":[33636,114,115,33637,149,150,32,33],"class_list":{"0":"post-156667","1":"post","2":"type-post","3":"status-publish","4":"format-standard","5":"has-post-thumbnail","7":"category-musica","8":"tag-antena-1-opera-em-90-7-fm-e-a-lumen-fm-fixa-em-96-7-fm-mudancas-eram-previstas-para-o-sabado-15","9":"tag-entertainment","10":"tag-entretenimento","11":"tag-mas-foram-reprogramadas-para-segunda-17","12":"tag-music","13":"tag-musica","14":"tag-portugal","15":"tag-pt"},"share_on_mastodon":{"url":"https:\/\/pubeurope.com\/@pt\/115571830164667438","error":""},"_links":{"self":[{"href":"https:\/\/www.europesays.com\/pt\/wp-json\/wp\/v2\/posts\/156667","targetHints":{"allow":["GET"]}}],"collection":[{"href":"https:\/\/www.europesays.com\/pt\/wp-json\/wp\/v2\/posts"}],"about":[{"href":"https:\/\/www.europesays.com\/pt\/wp-json\/wp\/v2\/types\/post"}],"author":[{"embeddable":true,"href":"https:\/\/www.europesays.com\/pt\/wp-json\/wp\/v2\/users\/2"}],"replies":[{"embeddable":true,"href":"https:\/\/www.europesays.com\/pt\/wp-json\/wp\/v2\/comments?post=156667"}],"version-history":[{"count":0,"href":"https:\/\/www.europesays.com\/pt\/wp-json\/wp\/v2\/posts\/156667\/revisions"}],"wp:featuredmedia":[{"embeddable":true,"href":"https:\/\/www.europesays.com\/pt\/wp-json\/wp\/v2\/media\/156668"}],"wp:attachment":[{"href":"https:\/\/www.europesays.com\/pt\/wp-json\/wp\/v2\/media?parent=156667"}],"wp:term":[{"taxonomy":"category","embeddable":true,"href":"https:\/\/www.europesays.com\/pt\/wp-json\/wp\/v2\/categories?post=156667"},{"taxonomy":"post_tag","embeddable":true,"href":"https:\/\/www.europesays.com\/pt\/wp-json\/wp\/v2\/tags?post=156667"}],"curies":[{"name":"wp","href":"https:\/\/api.w.org\/{rel}","templated":true}]}}