{"id":156670,"date":"2025-11-18T17:16:10","date_gmt":"2025-11-18T17:16:10","guid":{"rendered":"https:\/\/www.europesays.com\/pt\/156670\/"},"modified":"2025-11-18T17:16:10","modified_gmt":"2025-11-18T17:16:10","slug":"republica-checa-portugal-em-direto-sub21","status":"publish","type":"post","link":"https:\/\/www.europesays.com\/pt\/156670\/","title":{"rendered":"Rep\u00fablica Checa-Portugal, em direto &#8211; Sub21"},"content":{"rendered":"<p>                            &#13;<br \/>\n                                J\u00e1 h\u00e1 onzes!&#13;<\/p>\n<p class=\" timeline-editorial__card__text\">&#13;<br \/>\n        Os onzes da Rep. Checa e Portugal&#13;\n    <\/p>\n<p class=\" timeline-editorial__card__text\">&#13;<br \/>\n        <b style=\"box-sizing: border-box; font-weight: bolder;\">ONZE DA REP. CHECA: <\/b>Jan\u00a0Koutny, Tom\u00e1s Jelinek, Ondrej Coudek, Adam Sevinsky;\u00a0 Jan Chytry, David Planka, Lukas Ambros, Alexandr Buzek, Albert Labik; Maty\u00e1s Vojta e Luk\u00e1s Masek.&#13;\n    <\/p>\n<p class=\" timeline-editorial__card__text\">&#13;<br \/>\n        Suplentes: Baier, Pech, Mekota, Kr\u00e1l, Mikulenka, Eduardo, Tr\u00e9dl, Sloncik e Hamza.&#13;\n    <\/p>\n<p class=\" timeline-editorial__card__text\">&#13;<br \/>\n        <b style=\"box-sizing: border-box; font-weight: bolder;\">ONZE DE PORTUGAL:\u00a0<\/b>Jo\u00e3o Carvalho, Martim Fernandes, Tiago Gabriel, Gon\u00e7alo Oliveira, Tiago Parente; Mathias de Amorim, Mateus Fernandes, Rodrigo Mora; Geovany Quenda, Roger Fernandes e Youssef Chermiti.&#13;\n    <\/p>\n<p class=\" timeline-editorial__card__text\">&#13;<br \/>\n        Suplentes: Andr\u00e9 Gomes, Diogo Travassos, Gabriel Br\u00e1s, Chissumba, Diego Rodrigues, Jo\u00e3o R\u00eago, Afonso Moreira, F\u00e1bio Bald\u00e9, Gustavo Varela.&#13;\n    <\/p>\n","protected":false},"excerpt":{"rendered":"&#13; J\u00e1 h\u00e1 onzes!&#13; &#13; Os onzes da Rep. Checa e Portugal&#13; &#13; ONZE DA REP. CHECA: Jan\u00a0Koutny,&hellip;\n","protected":false},"author":2,"featured_media":156671,"comment_status":"","ping_status":"","sticky":false,"template":"","format":"standard","meta":{"footnotes":""},"categories":[87],"tags":[135,32,33,134],"class_list":{"0":"post-156670","1":"post","2":"type-post","3":"status-publish","4":"format-standard","5":"has-post-thumbnail","7":"category-desporto","8":"tag-desporto","9":"tag-portugal","10":"tag-pt","11":"tag-sports"},"share_on_mastodon":{"url":"https:\/\/pubeurope.com\/@pt\/115571837067719768","error":""},"_links":{"self":[{"href":"https:\/\/www.europesays.com\/pt\/wp-json\/wp\/v2\/posts\/156670","targetHints":{"allow":["GET"]}}],"collection":[{"href":"https:\/\/www.europesays.com\/pt\/wp-json\/wp\/v2\/posts"}],"about":[{"href":"https:\/\/www.europesays.com\/pt\/wp-json\/wp\/v2\/types\/post"}],"author":[{"embeddable":true,"href":"https:\/\/www.europesays.com\/pt\/wp-json\/wp\/v2\/users\/2"}],"replies":[{"embeddable":true,"href":"https:\/\/www.europesays.com\/pt\/wp-json\/wp\/v2\/comments?post=156670"}],"version-history":[{"count":0,"href":"https:\/\/www.europesays.com\/pt\/wp-json\/wp\/v2\/posts\/156670\/revisions"}],"wp:featuredmedia":[{"embeddable":true,"href":"https:\/\/www.europesays.com\/pt\/wp-json\/wp\/v2\/media\/156671"}],"wp:attachment":[{"href":"https:\/\/www.europesays.com\/pt\/wp-json\/wp\/v2\/media?parent=156670"}],"wp:term":[{"taxonomy":"category","embeddable":true,"href":"https:\/\/www.europesays.com\/pt\/wp-json\/wp\/v2\/categories?post=156670"},{"taxonomy":"post_tag","embeddable":true,"href":"https:\/\/www.europesays.com\/pt\/wp-json\/wp\/v2\/tags?post=156670"}],"curies":[{"name":"wp","href":"https:\/\/api.w.org\/{rel}","templated":true}]}}