{"id":156676,"date":"2025-11-18T17:21:07","date_gmt":"2025-11-18T17:21:07","guid":{"rendered":"https:\/\/www.europesays.com\/pt\/156676\/"},"modified":"2025-11-18T17:21:07","modified_gmt":"2025-11-18T17:21:07","slug":"isabel-dos-santos-absolvida-de-quatro-dos-11-crimes-de-que-era-acusada","status":"publish","type":"post","link":"https:\/\/www.europesays.com\/pt\/156676\/","title":{"rendered":"Isabel dos Santos absolvida de quatro dos 11 crimes de que era acusada"},"content":{"rendered":"<p>&#13;<br \/>\nA fase de instru\u00e7\u00e3o contradit\u00f3ria foi requerida pela defesa da empres\u00e1ria e antiga Presidente do Conselho de Administra\u00e7\u00e3o da Sonangol Isabel dos Santos, tendo sido retiradas quatro das 11 acusa\u00e7\u00f5es.&#13;\n<\/p>\n<p>&#13;<br \/>\nIsabel dos Santos \u00e9 suspeita da pr\u00e1tica de v\u00e1rios crimes que envolvem a sua gest\u00e3o na petrol\u00edfera estatal angolana, entre 2016 e 2017, entre os quais peculato, burla qualificada, abuso de poder, abuso de confian\u00e7a, falsifica\u00e7\u00e3o de documentos, associa\u00e7\u00e3o criminosa, participa\u00e7\u00e3o econ\u00f3mica em neg\u00f3cio, tr\u00e1fico de influ\u00eancias, branqueamento de capitais, fraude fiscal e qualificada.&#13;\n<\/p>\n<p>&#13;<br \/>\nA nota de imprensa do Tribunal Supremo n\u00e3o especifica quais os crimes que se mant\u00eam.&#13;\n<\/p>\n<p>&#13;<br \/>\nAl\u00e9m da filha do ex-Presidente da Republica Jos\u00e9 Eduardo dos Santos, o processo envolve outros quatro arguidos &#8211; M\u00e1rio Filipe, Paula Cristina Neves Oliveira, Sarju Chandulal e a sociedade PVC-Angola.&#13;\n<\/p>\n<p>&#13;<br \/>\nTodos os arguidos foram absolvidos do crime de associa\u00e7\u00e3o criminosa e a PVC-Angola foi absolvida de todos os crimes de que vinha acusada, &#8220;pois, \u00e0 data dos factos, a lei que presidiu \u00e0 instru\u00e7\u00e3o contradit\u00f3ria (c\u00f3digo de processo penal de 1929) n\u00e3o responsabilizava criminalmente as pessoas coletivas&#8221;.&#13;\n<\/p>\n<p>&#13;<br \/>\nEntretanto, os quatro arguidos individuais interpuseram recurso do despacho de pron\u00fancia, devendo o processo ser reavaliado pelo Tribunal Supremo.&#13;\n<\/p>\n<p>&#13;<br \/>\nA empres\u00e1ria angolana, que reside atualmente no Dubai, tem afirmado sempre a sua inoc\u00eancia e afirma que o processo tem motiva\u00e7\u00f5es pol\u00edticas.&#13;<\/p>\n","protected":false},"excerpt":{"rendered":"&#13; A fase de instru\u00e7\u00e3o contradit\u00f3ria foi requerida pela defesa da empres\u00e1ria e antiga Presidente do Conselho de&hellip;\n","protected":false},"author":2,"featured_media":156677,"comment_status":"","ping_status":"","sticky":false,"template":"","format":"standard","meta":{"footnotes":""},"categories":[50],"tags":[27,28,33638,15,16,14,25,26,21,22,62,12,13,19,20,23,24,17,18,29,30,31,63,64,65],"class_list":{"0":"post-156676","1":"post","2":"type-post","3":"status-publish","4":"format-standard","5":"has-post-thumbnail","7":"category-mundo","8":"tag-breaking-news","9":"tag-breakingnews","10":"tag-cristina-neves","11":"tag-featured-news","12":"tag-featurednews","13":"tag-headlines","14":"tag-latest-news","15":"tag-latestnews","16":"tag-main-news","17":"tag-mainnews","18":"tag-mundo","19":"tag-news","20":"tag-noticias","21":"tag-noticias-principais","22":"tag-noticiasprincipais","23":"tag-principais-noticias","24":"tag-principaisnoticias","25":"tag-top-stories","26":"tag-topstories","27":"tag-ultimas","28":"tag-ultimas-noticias","29":"tag-ultimasnoticias","30":"tag-world","31":"tag-world-news","32":"tag-worldnews"},"share_on_mastodon":{"url":"https:\/\/pubeurope.com\/@pt\/115571856958003751","error":""},"_links":{"self":[{"href":"https:\/\/www.europesays.com\/pt\/wp-json\/wp\/v2\/posts\/156676","targetHints":{"allow":["GET"]}}],"collection":[{"href":"https:\/\/www.europesays.com\/pt\/wp-json\/wp\/v2\/posts"}],"about":[{"href":"https:\/\/www.europesays.com\/pt\/wp-json\/wp\/v2\/types\/post"}],"author":[{"embeddable":true,"href":"https:\/\/www.europesays.com\/pt\/wp-json\/wp\/v2\/users\/2"}],"replies":[{"embeddable":true,"href":"https:\/\/www.europesays.com\/pt\/wp-json\/wp\/v2\/comments?post=156676"}],"version-history":[{"count":0,"href":"https:\/\/www.europesays.com\/pt\/wp-json\/wp\/v2\/posts\/156676\/revisions"}],"wp:featuredmedia":[{"embeddable":true,"href":"https:\/\/www.europesays.com\/pt\/wp-json\/wp\/v2\/media\/156677"}],"wp:attachment":[{"href":"https:\/\/www.europesays.com\/pt\/wp-json\/wp\/v2\/media?parent=156676"}],"wp:term":[{"taxonomy":"category","embeddable":true,"href":"https:\/\/www.europesays.com\/pt\/wp-json\/wp\/v2\/categories?post=156676"},{"taxonomy":"post_tag","embeddable":true,"href":"https:\/\/www.europesays.com\/pt\/wp-json\/wp\/v2\/tags?post=156676"}],"curies":[{"name":"wp","href":"https:\/\/api.w.org\/{rel}","templated":true}]}}