{"id":156678,"date":"2025-11-18T17:22:18","date_gmt":"2025-11-18T17:22:18","guid":{"rendered":"https:\/\/www.europesays.com\/pt\/156678\/"},"modified":"2025-11-18T17:22:18","modified_gmt":"2025-11-18T17:22:18","slug":"tornado-em-albufeira-atingiu-220-quilometros-por-hora-algarve","status":"publish","type":"post","link":"https:\/\/www.europesays.com\/pt\/156678\/","title":{"rendered":"Tornado em Albufeira atingiu 220 quil\u00f3metros por hora | Algarve"},"content":{"rendered":"<p>O fen\u00f3meno que atingiu Albufeira no s\u00e1bado foi um tornado que atingiu um valor de vento m\u00e1ximo na ordem dos 220 quil\u00f3metros por hora, informou esta segunda-feira o Instituto Portugu\u00eas do Mar e da Atmosfera (IPMA). Em comunicado, o instituto confirmou que o tornado ocorreu pelas 10:02, com in\u00edcio na faixa costeira e percorreu uma traject\u00f3ria de cerca de quatro quil\u00f3metros com a orienta\u00e7\u00e3o sudoeste-nordeste.<\/p>\n<p>\u201cTratou-se de um <a href=\"https:\/\/www.publico.pt\/2025\/05\/03\/azul\/noticia\/mau-tempo-sesimbra-afectada-tornado-agua-2131814\" rel=\"nofollow noopener\" target=\"_blank\">tornado mesocicl\u00f3nico<\/a> por estar associado \u00e0 presen\u00e7a de um mesociclone na superc\u00e9lula-m\u00e3e\u201d, esclarece o IPMA, sublinhando que o tornado dever\u00e1 ter classifica\u00e7\u00e3o de IF2, estimando-se que o valor do vento m\u00e1ximo instant\u00e2neo associado tenha sido da ordem de 60 metros por segundo, o equivalente a 220 quil\u00f3metros por hora.<\/p>\n<p>Na mesma manh\u00e3, \u00e0s 11h22, foi registado outro fen\u00f3meno de vento forte na freguesia de Ferragudo (no concelho de Lagoa), que o instituto n\u00e3o qualificou como tornado e que tem a classifica\u00e7\u00e3o de IF1.5, estimando-se que o vento m\u00e1ximo instant\u00e2neo tenha sido da ordem de 50 metros por segundo, o equivalente a 180 quil\u00f3metros por hora.<\/p>\n<p>        &#13;<\/p>\n<p>&#13;<br \/>\n                &#13;\n            <\/p>\n<p>&#13;<\/p>\n<p>\u201cO outro fen\u00f3meno de vento forte iniciou a sua propaga\u00e7\u00e3o sobre terra na zona de Ferragudo, estimando-se que tenha mantido contacto com a superf\u00edcie ao longo de um trajecto de quase sete quil\u00f3metros, tamb\u00e9m com orienta\u00e7\u00e3o sudoeste-nordeste\u201d, l\u00ea-se no comunicado.<\/p>\n<p>De acordo com o IPMA, as duas ocorr\u00eancias surgem na sequ\u00eancia da <a href=\"https:\/\/www.publico.pt\/2025\/11\/17\/sociedade\/noticia\/mau-tempo-proteccao-civil-registou-102-ocorrencias-feridos-desalojados-2154878?ref=sociedade\" rel=\"nofollow noopener\" target=\"_blank\">depress\u00e3o Claudia<\/a>, que \u201ctem produzido condi\u00e7\u00f5es adversas, quer no que diz respeito ao estado do mar, quer a condi\u00e7\u00f5es atmosf\u00e9ricas\u201d.<\/p>\n<p>Tornado causa uma morte e 28 feridos<\/p>\n<p>O tornado que atingiu Albufeira causou a morte de uma cidad\u00e3 brit\u00e2nica de 85 anos que estava no Parque de Campismo de Albufeira e ainda 28 feridos de nacionalidades portuguesa, espanhola, francesa e brit\u00e2nica, <a href=\"https:\/\/www.publico.pt\/2025\/11\/15\/sociedade\/noticia\/vento-extremo-faz-varios-feridos-arrasa-parque-campismo-alfubeira-2154759\" rel=\"nofollow noopener\" target=\"_blank\">divulgou a Protec\u00e7\u00e3o Civil<\/a>.<\/p>\n<p>        &#13;<\/p>\n<p>&#13;<br \/>\n                &#13;\n            <\/p>\n<p>&#13;<\/p>\n<p>O fen\u00f3meno provocou danos significativos naquele parque de campismo e num empreendimento tur\u00edstico; foram tamb\u00e9m registados danos em estruturas e m\u00faltiplas quedas de \u00e1rvores em Lagoa e Silves.<\/p>\n<p>O Hospital de Faro recebeu no s\u00e1bado seis pessoas que ficaram feridas na sequ\u00eancia do fen\u00f3meno extremo de vento que atingiu Albufeira, uma delas &#8211; um homem de 87 anos &#8211; ferida com gravidade. O ferido grave est\u00e1 internado neste hospital com politrauma, tendo ainda dado entrada duas outras v\u00edtimas classificadas como menos graves: uma mulher de 77 anos e um homem de 78.<\/p>\n<p>Al\u00e9m destas, h\u00e1 ainda<a href=\"https:\/\/www.publico.pt\/2025\/11\/16\/sociedade\/noticia\/tornado-albufeira-hospital-faro-recebeu-seis-feridos-tres-ja-alta-2154843\" rel=\"nofollow noopener\" target=\"_blank\"> tr\u00eas v\u00edtimas sem indica\u00e7\u00e3o de gravidade<\/a>, transferidas para o hospital do Servi\u00e7o de Urg\u00eancia B\u00e1sica de Albufeira: um homem de 59 anos e outras duas v\u00edtimas de idade desconhecida, que tiveram alta ao in\u00edcio da tarde de s\u00e1bado.<\/p>\n","protected":false},"excerpt":{"rendered":"O fen\u00f3meno que atingiu Albufeira no s\u00e1bado foi um tornado que atingiu um valor de vento m\u00e1ximo na&hellip;\n","protected":false},"author":2,"featured_media":156679,"comment_status":"","ping_status":"","sticky":false,"template":"","format":"standard","meta":{"footnotes":""},"categories":[10],"tags":[6579,2569,964,785,27,28,15,16,14,350,25,26,21,22,8532,12,13,19,20,32,23,24,33,17,18,28180,29,30,31],"class_list":{"0":"post-156678","1":"post","2":"type-post","3":"status-publish","4":"format-standard","5":"has-post-thumbnail","7":"category-portugal","8":"tag-albufeira","9":"tag-algarve","10":"tag-ambiente","11":"tag-azul","12":"tag-breaking-news","13":"tag-breakingnews","14":"tag-featured-news","15":"tag-featurednews","16":"tag-headlines","17":"tag-ipma","18":"tag-latest-news","19":"tag-latestnews","20":"tag-main-news","21":"tag-mainnews","22":"tag-mau-tempo","23":"tag-news","24":"tag-noticias","25":"tag-noticias-principais","26":"tag-noticiasprincipais","27":"tag-portugal","28":"tag-principais-noticias","29":"tag-principaisnoticias","30":"tag-pt","31":"tag-top-stories","32":"tag-topstories","33":"tag-tornado","34":"tag-ultimas","35":"tag-ultimas-noticias","36":"tag-ultimasnoticias"},"share_on_mastodon":{"url":"https:\/\/pubeurope.com\/@pt\/115571860638078286","error":""},"_links":{"self":[{"href":"https:\/\/www.europesays.com\/pt\/wp-json\/wp\/v2\/posts\/156678","targetHints":{"allow":["GET"]}}],"collection":[{"href":"https:\/\/www.europesays.com\/pt\/wp-json\/wp\/v2\/posts"}],"about":[{"href":"https:\/\/www.europesays.com\/pt\/wp-json\/wp\/v2\/types\/post"}],"author":[{"embeddable":true,"href":"https:\/\/www.europesays.com\/pt\/wp-json\/wp\/v2\/users\/2"}],"replies":[{"embeddable":true,"href":"https:\/\/www.europesays.com\/pt\/wp-json\/wp\/v2\/comments?post=156678"}],"version-history":[{"count":0,"href":"https:\/\/www.europesays.com\/pt\/wp-json\/wp\/v2\/posts\/156678\/revisions"}],"wp:featuredmedia":[{"embeddable":true,"href":"https:\/\/www.europesays.com\/pt\/wp-json\/wp\/v2\/media\/156679"}],"wp:attachment":[{"href":"https:\/\/www.europesays.com\/pt\/wp-json\/wp\/v2\/media?parent=156678"}],"wp:term":[{"taxonomy":"category","embeddable":true,"href":"https:\/\/www.europesays.com\/pt\/wp-json\/wp\/v2\/categories?post=156678"},{"taxonomy":"post_tag","embeddable":true,"href":"https:\/\/www.europesays.com\/pt\/wp-json\/wp\/v2\/tags?post=156678"}],"curies":[{"name":"wp","href":"https:\/\/api.w.org\/{rel}","templated":true}]}}