{"id":156682,"date":"2025-11-18T17:27:12","date_gmt":"2025-11-18T17:27:12","guid":{"rendered":"https:\/\/www.europesays.com\/pt\/156682\/"},"modified":"2025-11-18T17:27:12","modified_gmt":"2025-11-18T17:27:12","slug":"casa-em-chamas-dylan-leandro-e-marisa-susana-em-forte-discussao-machista-agressivo-e-manipulador-secret-story","status":"publish","type":"post","link":"https:\/\/www.europesays.com\/pt\/156682\/","title":{"rendered":"Casa em chamas. Dylan, Leandro e Marisa Susana em forte discuss\u00e3o: \u00abMachista, agressivo e manipulador\u00bb &#8211; Secret Story"},"content":{"rendered":"<p>No Secret Story 9, Dylan, Leandro e Marisa Susana envolveram-se numa forte discuss\u00e3o que rapidamente fugiu ao controlo. As acusa\u00e7\u00f5es multiplicaram-se e express\u00f5es como \u00abmachista, agressivo e manipulador\u00bb foram atiradas durante o confronto.<\/p>\n<p><strong>H\u00e1 um novo leque de nomeados. Estes s\u00e3o os concorrentes em risco de abandonar o programa no pr\u00f3ximo domingo. Vote para salvar o seu favorito:<\/strong><\/p>\n<p>ANA \u2013 761 20 20 01<br \/>F\u00c1BIO \u2013 761 20 20 08<br \/>IN\u00caS \u2013 761 20 20 10<br \/>LILIANA \u2013 761 20 20 14<br \/>MARISA SUSANA &#8211; 761 20 20 17<\/p>\n","protected":false},"excerpt":{"rendered":"No Secret Story 9, Dylan, Leandro e Marisa Susana envolveram-se numa forte discuss\u00e3o que rapidamente fugiu ao controlo.&hellip;\n","protected":false},"author":2,"featured_media":156683,"comment_status":"","ping_status":"","sticky":false,"template":"","format":"standard","meta":{"footnotes":""},"categories":[142],"tags":[19105,114,115,19033,12397,19153,19034,32,33,151,19032],"class_list":{"0":"post-156682","1":"post","2":"type-post","3":"status-publish","4":"format-standard","5":"has-post-thumbnail","7":"category-tv","8":"tag-dylan","9":"tag-entertainment","10":"tag-entretenimento","11":"tag-galas-em-video","12":"tag-leandro","13":"tag-marisa-susana","14":"tag-melhores-momentos-casa-dos-segredos","15":"tag-portugal","16":"tag-pt","17":"tag-tv","18":"tag-videos-secret-story-tvi"},"share_on_mastodon":{"url":"https:\/\/pubeurope.com\/@pt\/115571880529466215","error":""},"_links":{"self":[{"href":"https:\/\/www.europesays.com\/pt\/wp-json\/wp\/v2\/posts\/156682","targetHints":{"allow":["GET"]}}],"collection":[{"href":"https:\/\/www.europesays.com\/pt\/wp-json\/wp\/v2\/posts"}],"about":[{"href":"https:\/\/www.europesays.com\/pt\/wp-json\/wp\/v2\/types\/post"}],"author":[{"embeddable":true,"href":"https:\/\/www.europesays.com\/pt\/wp-json\/wp\/v2\/users\/2"}],"replies":[{"embeddable":true,"href":"https:\/\/www.europesays.com\/pt\/wp-json\/wp\/v2\/comments?post=156682"}],"version-history":[{"count":0,"href":"https:\/\/www.europesays.com\/pt\/wp-json\/wp\/v2\/posts\/156682\/revisions"}],"wp:featuredmedia":[{"embeddable":true,"href":"https:\/\/www.europesays.com\/pt\/wp-json\/wp\/v2\/media\/156683"}],"wp:attachment":[{"href":"https:\/\/www.europesays.com\/pt\/wp-json\/wp\/v2\/media?parent=156682"}],"wp:term":[{"taxonomy":"category","embeddable":true,"href":"https:\/\/www.europesays.com\/pt\/wp-json\/wp\/v2\/categories?post=156682"},{"taxonomy":"post_tag","embeddable":true,"href":"https:\/\/www.europesays.com\/pt\/wp-json\/wp\/v2\/tags?post=156682"}],"curies":[{"name":"wp","href":"https:\/\/api.w.org\/{rel}","templated":true}]}}